{"id":45961,"date":"2026-02-24T21:27:09","date_gmt":"2026-02-24T21:27:09","guid":{"rendered":"https:\/\/bihavadis.com\/?p=45961"},"modified":"2026-02-24T21:27:09","modified_gmt":"2026-02-24T21:27:09","slug":"ataturkun-tekirdag-mirasi-konferansi","status":"publish","type":"post","link":"https:\/\/bihavadis.com\/index.php\/2026\/02\/24\/ataturkun-tekirdag-mirasi-konferansi\/","title":{"rendered":"Atat\u00fcrk&#8217;\u00fcn Tekirda\u011f Miras\u0131 Konferans\u0131"},"content":{"rendered":"<p> Tekirda\u011f&#8217;da &#8221; Mustafa Kemal Atat\u00fcrk&#8217;\u00fcn Tekirda\u011f&#8217;daki Miras\u0131&#8221; konferans\u0131 d\u00fczenlendi.<\/p>\n<p> Yahya Kemal Beyatl\u0131 K\u00fclt\u00fcr Merkezi&#8217;nde d\u00fczenlenen konferansta, sayg\u0131 duru\u015fu ve \u0130stiklal Mar\u015f\u0131&#8217;n\u0131n okunmas\u0131yla ba\u015flad\u0131.<\/p>\n<p>\u0130stanbul Rumeli \u00dcniversitesi \u00d6\u011fretim \u00dcyesi Do\u00e7. Dr. S\u00fcleyman \u00d6zmen, Mustafa Kemal Atat\u00fcrk&#8217;\u00fcn Tekirda\u011f&#8217;a geli\u015fi, 19. F\u0131rka&#8217;n\u0131n kurulu\u015f s\u00fcreci ve bu birlikteli\u011fin \u00c7anakkale Zaferi&#8217;ne olan etkilerini anlatt\u0131.<\/p>\n<p>Tekirda\u011f Kent Konseyi Ba\u015fkan\u0131 Berrin Ba\u015fol Menek\u015fe ve T\u00fcrkiye Emekli Subaylar Derne\u011fi (TESUD) Ba\u015fkan\u0131 Recep Y\u0131ld\u0131z da programda bir konu\u015fma yapt\u0131.<\/p>\n<p>Konferansa, CHP Tekirda\u011f Milletvekili Nurten Yontar, \u0130l K\u00fclt\u00fcr ve Turizm M\u00fcd\u00fcr\u00fc \u00d6mer Faruk Karak\u00fc\u00e7\u00fck, kurum m\u00fcd\u00fcrleri ve vatanda\u015flar kat\u0131ld\u0131.<\/p>\n","protected":false},"excerpt":{"rendered":"<p>Tekirda\u011f&#8217;da Atat\u00fcrk \u00fczerine d\u00fczenlenen konferansta, tarihsel \u00f6nemi vurguland\u0131.<\/p>\n","protected":false},"author":1,"featured_media":45962,"comment_status":"open","ping_status":"open","sticky":false,"template":"","format":"standard","meta":{"footnotes":""},"categories":[9,4,13],"tags":[2926],"class_list":["post-45961","post","type-post","status-publish","format-standard","has-post-thumbnail","hentry","category-genel","category-gundem","category-son-dakika","tag-tekirdag"],"_links":{"self":[{"href":"https:\/\/bihavadis.com\/index.php\/wp-json\/wp\/v2\/posts\/45961","targetHints":{"allow":["GET"]}}],"collection":[{"href":"https:\/\/bihavadis.com\/index.php\/wp-json\/wp\/v2\/posts"}],"about":[{"href":"https:\/\/bihavadis.com\/index.php\/wp-json\/wp\/v2\/types\/post"}],"author":[{"embeddable":true,"href":"https:\/\/bihavadis.com\/index.php\/wp-json\/wp\/v2\/users\/1"}],"replies":[{"embeddable":true,"href":"https:\/\/bihavadis.com\/index.php\/wp-json\/wp\/v2\/comments?post=45961"}],"version-history":[{"count":1,"href":"https:\/\/bihavadis.com\/index.php\/wp-json\/wp\/v2\/posts\/45961\/revisions"}],"predecessor-version":[{"id":45963,"href":"https:\/\/bihavadis.com\/index.php\/wp-json\/wp\/v2\/posts\/45961\/revisions\/45963"}],"wp:featuredmedia":[{"embeddable":true,"href":"https:\/\/bihavadis.com\/index.php\/wp-json\/wp\/v2\/media\/45962"}],"wp:attachment":[{"href":"https:\/\/bihavadis.com\/index.php\/wp-json\/wp\/v2\/media?parent=45961"}],"wp:term":[{"taxonomy":"category","embeddable":true,"href":"https:\/\/bihavadis.com\/index.php\/wp-json\/wp\/v2\/categories?post=45961"},{"taxonomy":"post_tag","embeddable":true,"href":"https:\/\/bihavadis.com\/index.php\/wp-json\/wp\/v2\/tags?post=45961"}],"curies":[{"name":"wp","href":"https:\/\/api.w.org\/{rel}","templated":true}]}}