{"id":45993,"date":"2026-02-24T21:54:05","date_gmt":"2026-02-24T21:54:05","guid":{"rendered":"https:\/\/bihavadis.com\/?p=45993"},"modified":"2026-02-24T21:54:05","modified_gmt":"2026-02-24T21:54:05","slug":"saglik-calisanlarinin-asilanmasi-ile-rol-model-olusturulmali","status":"publish","type":"post","link":"https:\/\/bihavadis.com\/index.php\/2026\/02\/24\/saglik-calisanlarinin-asilanmasi-ile-rol-model-olusturulmali\/","title":{"rendered":"Sa\u011fl\u0131k \u00e7al\u0131\u015fanlar\u0131n\u0131n a\u015f\u0131lanmas\u0131 ile rol model olu\u015fturulmal\u0131"},"content":{"rendered":"<p><span><span><span><b><span><span><span><span>\u0130stanbul Atlas \u00dcniversitesi T\u0131p Fak\u00fcltesi taraf\u0131ndan d\u00fczenlenen \u201c2. A\u015f\u0131 ve A\u015f\u0131laman\u0131n \u00d6nemi G\u00fcnleri Sempozyumu\u201dnda a\u015f\u0131yla \u00f6nlenebilen hastal\u0131klar\u0131n yan\u0131 s\u0131ra \u00e7ocuklarda, yeti\u015fkinlerde ve sa\u011fl\u0131k \u00e7al\u0131\u015fanlar\u0131nda a\u015f\u0131laman\u0131n koruyucu etkilerine dikkat \u00e7ekildi. Sa\u011fl\u0131k \u00e7al\u0131\u015fanlar\u0131n\u0131n a\u015f\u0131lanmas\u0131n\u0131n \u00f6neminden bahseden \u0130stanbul Atlas \u00dcniversitesi Aile Hekimli\u011fi Ana Bilim Dal\u0131 \u00d6\u011fretim \u00dcyesi Prof. Dr. Dilek Toprak, sa\u011fl\u0131k \u00e7al\u0131\u015fanlar\u0131n\u0131n a\u015f\u0131lanmas\u0131n\u0131n toplumda \u00f6rnek davran\u0131\u015f olarak g\u00f6sterildi\u011finde genel a\u015f\u0131 kabul\u00fcn\u00fc art\u0131rabilece\u011fini s\u00f6yledi.<\/span><\/span><\/span><\/span><\/b><\/span><\/span><\/span><\/p>\n<p><span><span><span><span><span><span><span>Creative Lab.&#8217;da ger\u00e7ekle\u015ftirilen sempozyumun moderat\u00f6rl\u00fc\u011f\u00fcn\u00fc yapan <\/span><\/span><\/span><\/span><span><span><span>\u0130stanbul Atlas \u00dcniversitesi T\u0131p Fak\u00fcltesi T\u0131bbi Mikrobiyoloji Ana Bilim Dal\u0131 \u00d6\u011fretim \u00dcyesi Prof. Dr. Selim Badur, <span>her y\u0131l 1 milyondan fazla \u00e7ocu\u011fun a\u015f\u0131ya eri\u015femedi\u011fi i\u00e7in a\u015f\u0131yla korunulabilen hastal\u0131klar nedeniyle ya\u015fam\u0131n\u0131 yitirdi\u011fini s\u00f6yledi.<\/span><\/span><\/span><\/span><\/span><\/span><\/span><\/p>\n<p><span><span><span><span><span><span>A\u015f\u0131lama oranlar\u0131n\u0131n d\u00fc\u015fmesinde a\u015f\u0131 kar\u015f\u0131tl\u0131\u011f\u0131ndaki art\u0131\u015f\u0131n etkili oldu\u011funu kaydeden Prof. Dr. Selim Badur, \u201c<span>D\u00fcnya Sa\u011fl\u0131k \u00d6rg\u00fct\u00fc\u2019n\u00fcn insanl\u0131\u011f\u0131 tehdit eden 10 \u00f6nemli fakt\u00f6r aras\u0131nda yer verdi\u011fi, a\u015f\u0131 kar\u015f\u0131tl\u0131\u011f\u0131 \u00f6nemli bir yer tutuyor. \u00d6zellikle bu sorunun d\u00fcnyada yayg\u0131nla\u015ft\u0131\u0131n\u0131 g\u00f6rmekteyiz, \u00fclkemizde de benzer bir durum s\u00f6z konusu. \u00dclkemizde 2010\u2019lu y\u0131llarda 100 aile \u00e7ocuklar\u0131n\u0131 a\u015f\u0131latmak istemezdi. \u00c7ocu\u011funun a\u015f\u0131lanmas\u0131n\u0131 istemeyen aile say\u0131s\u0131 2025\u2019te 100 bini a\u015ft\u0131, bu \u00e7ok olumsuz bir durum\u201d dedi.<\/span><\/span><\/span><\/span><\/span><\/span><\/span><\/p>\n<p><span><span><span><b><span><span><span><span>A\u015f\u0131lama oranlar\u0131n\u0131n d\u00fc\u015f\u00fc\u015f\u00fcyle beraber k\u0131zam\u0131k salg\u0131nlar\u0131 ortaya \u00e7\u0131k\u0131yor<\/span><\/span><\/span><\/span><\/b><\/span><\/span><\/span><\/p>\n<p><span><span><span><span><span><span><span>2022\u2018de yap\u0131lan bir yay\u0131ndan \u00f6rnek veren Prof. Dr. Selim Badur, \u201c1 ya\u015f alt\u0131 \u00e7ocuklarda a\u015f\u0131lama oranlar\u0131nda T\u00fcrkiye y\u00fczde 95 gibi iyi bir yerde. Bu da son zamanlarda azalmakta ve k\u0131zam\u0131k salg\u0131nlar\u0131 ortaya \u00e7\u0131k\u0131yor. \u00c7ocuklarda nispeten y\u00fcksek olan a\u015f\u0131lama oranlar\u0131 eri\u015fkin a\u015f\u0131lamalar\u0131na bak\u0131l\u0131nca y\u00fczde 6\u2019lar civar\u0131nda oldu\u011funu g\u00f6r\u00fcyoruz\u201d dedi. <\/span><\/span><\/span><\/span><\/span><\/span><\/span><\/p>\n<p><span><span><span><b><span><span><span><span>Eri\u015fkinlerde a\u015f\u0131lama oranlar\u0131 d\u00fc\u015f\u00fck seviyede<\/span><\/span><\/span><\/span><\/b><\/span><\/span><\/span><\/p>\n<p><span><span><span><span><span><span><span>Eri\u015fkin a\u015f\u0131lamas\u0131n\u0131n da \u00e7ok \u00f6nemli olmas\u0131na ra\u011fmen a\u015f\u0131lama oranlar\u0131n\u0131n \u00e7ok d\u00fc\u015f\u00fck oldu\u011funu belirten Prof. Dr. Selim Badur, yap\u0131lan baz\u0131 \u00e7al\u0131\u015fmalarda tetanoz, Hepatit B, \u00f6zellikle influenza, pn\u00f6mokok a\u015f\u0131lama oranlar\u0131n\u0131n da olduk\u00e7a d\u00fc\u015f\u00fck seviyelerde oldu\u011funu s\u00f6yledi. <\/span><\/span><\/span><\/span><\/span><\/span><\/span><\/p>\n<p><span><span><span><span><span><span><span>A\u015f\u0131lanma konusunda bilin\u00e7lenmenin sa\u011flanmas\u0131 ve a\u015f\u0131 konusunda \u00f6nyarg\u0131 ve yanl\u0131\u015f bilgilerin yay\u0131lmas\u0131n\u0131n \u00f6nlenmesinde bilimsel toplant\u0131lar\u0131n \u00f6nemli oldu\u011funu kaydeden Prof. Dr. Selim Badur, bu sempozyumun da bu anlamda \u00f6nemli oldu\u011funu ifade etti.<\/span><\/span><\/span><\/span><\/span><\/span><\/span><\/p>\n<p><span><span><span><b><span><span><span><span>Prof. Dr. Selda Han\u00e7erli, \u00e7ocukluk \u00e7a\u011f\u0131 a\u015f\u0131lamas\u0131n\u0131n \u00f6nemini anlatt\u0131<\/span><\/span><\/span><\/span><\/b><\/span><\/span><\/span><\/p>\n<p><span><span><span><span><span><span><span>\u0130stanbul \u00dcniversitesi \u0130stanbul T\u0131p Fak\u00fcltesi \u00d6\u011fretim \u00dcyesi Prof. Dr. Selda Han\u00e7erli, ulusal \u00e7ocukluk \u00e7a\u011f\u0131 a\u015f\u0131lar\u0131 ile a\u015f\u0131laman\u0131n \u00e7ocuk sa\u011fl\u0131\u011f\u0131 \u00fczerindeki koruyucu etkilere de\u011findi. A\u015f\u0131n\u0131n sadece hastal\u0131klar\u0131 \u00f6nlemede de\u011fil, hastal\u0131klar\u0131n sonu\u00e7lar\u0131ndan da korudu\u011funu belirten Prof. Dr. Selda Han\u00e7erli, \u201cA\u015f\u0131lama yani ba\u011f\u0131\u015f\u0131klama, imm\u00fcnolojik ajanlarla hastal\u0131klar\u0131n yok edilmesidir. Korunabilir hastal\u0131klar\u0131n ortaya \u00e7\u0131k\u0131\u015f\u0131n\u0131 engelledi\u011finiz zaman hastal\u0131klardan kaynaklanan \u00f6l\u00fcmlerin de \u00f6n\u00fcne ge\u00e7iyoruz\u201d dedi.<\/span><\/span><\/span><\/span><\/span><\/span><\/span><\/p>\n<p><span><span><span><span><span><span><span>Bo\u011fmaca, Hepatit B, k\u0131zamk, k\u0131zam\u0131k\u00e7\u0131k, su\u00e7i\u00e7e\u011fi, difteri, tetanoz ve kabakulak gibi pek \u00e7ok hastal\u0131\u011f\u0131n a\u015f\u0131lama sayesinde \u00f6nlenebildi\u011fini belirten Prof. Dr. Selda Han\u00e7erli, \u201c\u015eu anda t\u00fcm d\u00fcnyada eridike edilmi\u015f kan\u0131tlanm\u0131\u015f tek hastal\u0131k \u00e7i\u00e7ek hastal\u0131\u011f\u0131. A\u015f\u0131lama sayesinde bir hastal\u0131k d\u00fcnyadan yok oldu. A\u015f\u0131lama sayesinde amac\u0131m\u0131z bu hastal\u0131klar\u0131n eksilmesini sa\u011flamak\u201d dedi. Prof. Dr. Selda Han\u00e7erli ergenlik d\u00f6nemindeki a\u015f\u0131laman\u0131n da \u00e7ok \u00f6nemli oldu\u011funu vurgulad\u0131.<\/span><\/span><\/span><\/span><\/span><\/span><\/span><\/p>\n<p><span><span><span><b><span><span><span><span>Dr. Gamze \u015eanl\u0131da\u011f \u0130\u015fbilen: \u201cA\u015f\u0131yla \u00f6nlenebilen hastal\u0131klar nedeniyle 42 bin yeti\u015fkin ya\u015fam\u0131n\u0131 yitiriyor\u201d <\/span><\/span><\/span><\/span><\/b><\/span><\/span><\/span><\/p>\n<p><span><span><span><span><span><span><span>Sancaktepe \u015eehit Prof. Dr. \u0130lhan Varank \u015eehir Hastanesi\u2019nden Enfeksiyon Hastal\u0131klar\u0131 ve Klinik Mikrobiyoloji Uzman\u0131 Dr. Gamze \u015eanl\u0131da\u011f \u0130\u015fbilen, eri\u015fkin a\u015f\u0131lamas\u0131n\u0131n \u00f6nemini vurgulad\u0131. Yeti\u015fkin a\u015f\u0131lamas\u0131n\u0131n son birka\u00e7 y\u0131ld\u0131r hayat\u0131m\u0131zda oldu\u011funu belirten Dr. Gamze \u015eanl\u0131da\u011f \u0130\u015fbilen, bu fark\u0131ndal\u0131\u011f\u0131n \u00f6zellikle pandemi d\u00f6neminde artt\u0131\u011f\u0131n\u0131n alt\u0131n \u00e7izdi. A\u015f\u0131yla \u00f6nlenebilen hastal\u0131klar nedeniyle ABD\u2019de her y\u0131l 300 \u00e7ocuk \u00f6l\u00fcrken 42 bin yeti\u015fkinin \u00f6ld\u00fc\u011f\u00fcn\u00fc ifade eden Dr. Gamze \u015eanl\u0131da\u011f \u0130\u015fbilen, \u201c\u00c7ocukluk d\u00f6neminde yap\u0131lan a\u015f\u0131lar\u0131n koruyuculu\u011funun eri\u015fkinlik d\u00f6neminde etkisini kaybetmesi nedeniyle eri\u015fkinlerde a\u015f\u0131lama b\u00fcy\u00fck \u00f6nem ta\u015f\u0131yor\u201d dedi. Dr. Gamze \u015eanl\u0131da\u011f \u0130\u015fbilen, tetanoz, bo\u011fmaca, difteri, influenza, pinomokok, zat\u00fcrre ve zona a\u015f\u0131lar\u0131n\u0131n yeti\u015fkinlerde \u00f6nleyici etkilerini anlatt\u0131.<\/span><\/span><\/span><\/span><\/span><\/span><\/span><\/p>\n<p><span><span><span><b><span><span><span><span>Prof. Dr. Dilek Toprak: \u00a0\u201cSa\u011fl\u0131k \u00e7al\u0131\u015fanlar\u0131n\u0131n a\u015f\u0131lanmas\u0131 \u00e7ok \u00f6nemli\u201d<\/span><\/span><\/span><\/span><\/b><\/span><\/span><\/span><\/p>\n<p><span><span><span><span><span><span><span>\u0130stanbul Atlas \u00dcniversitesi Aile Hekimli\u011fi Ana Bilim Dal\u0131 \u00d6\u011fretim \u00dcyesi Prof. Dr. Dilek Toprak ise sa\u011fl\u0131k \u00e7al\u0131\u015fanlar\u0131n\u0131n a\u015f\u0131lanmas\u0131n\u0131n \u00f6neminden bahsetti. Sa\u011fl\u0131k \u00e7al\u0131\u015fanlar\u0131 i\u00e7in temel a\u015f\u0131 takvimi hakk\u0131nda bilgi veren \u00a0Prof. Dr. Dilek Toprak, Hepatit A, Hepatit B, influenza, k\u0131zam\u0131k, kabakulak, k\u0131zam\u0131k\u00e7\u0131k, su\u00e7i\u00e7e\u011fi ve meningokok a\u015f\u0131lar\u0131n\u0131n yapt\u0131r\u0131lmas\u0131 gerekti\u011fini s\u00f6yledi.<\/span><\/span><\/span><\/span><\/span><\/span><\/span><\/p>\n<p><span><span><span><b><span><span><span><span>Sa\u011fl\u0131k \u00e7al\u0131\u015fanlar\u0131 y\u0131lda bir kere influenza a\u015f\u0131s\u0131 olmal\u0131<\/span><\/span><\/span><\/span><\/b><\/span><\/span><\/span><\/p>\n<p><span><span><span><span><span><span><span>Mevsimsel influenza a\u015f\u0131s\u0131n\u0131n y\u0131lda bir kere yapt\u0131r\u0131lmas\u0131 gerekti\u011fini s\u00f6yleyen Prof. Dr. Dilek Toprak, tetanoz ve difteri a\u015f\u0131lar\u0131n\u0131n da \u00f6nemli oldu\u011funu, \u00f6zellikle tetanoz a\u015f\u0131s\u0131n\u0131n 10 y\u0131lda bir yapt\u0131r\u0131lmas\u0131 gerekti\u011fini kaydetti. Sa\u011fl\u0131k \u00e7al\u0131\u015fanlar\u0131n\u0131n \u00fclke \u00e7ap\u0131nda ger\u00e7ekle\u015ftirilen standart tarama ve ba\u011f\u0131\u015f\u0131klama programlar\u0131na al\u0131nmas\u0131 ve hastane y\u00f6netimleri taraf\u0131ndan a\u015f\u0131 konusunda gerekli kolayl\u0131klar\u0131n sa\u011flanmas\u0131 gerekti\u011fini belirten Prof. Dr. Dilek Toprak, sa\u011fl\u0131k \u00e7al\u0131\u015fanlar\u0131n\u0131n a\u015f\u0131lanmas\u0131n\u0131n toplumda \u00f6rnek davran\u0131\u015f olarak g\u00f6sterildi\u011finde genel a\u015f\u0131 kabul\u00fcn\u00fc art\u0131rabilece\u011fini s\u00f6zlerine ekledi.<\/span><\/span><\/span><\/span><\/span><\/span><\/span><\/p>\n<p>\u00a0<\/p>\n<p>\u00a0<\/p>\n<p>Kaynak: (BYZHA) Beyaz Haber Ajans\u0131<\/p>\n","protected":false},"excerpt":{"rendered":"<p>\u0130stanbul Atlas \u00dcniversitesi T\u0131p Fak\u00fcltesi taraf\u0131ndan d\u00fczenlenen \u201c2. A\u015f\u0131 ve A\u015f\u0131laman\u0131n \u00d6nemi G\u00fcnleri Sempozyumu\u201dnda a\u015f\u0131yla \u00f6nlenebilen hastal\u0131klar\u0131n yan\u0131 s\u0131ra \u00e7ocuklarda, yeti\u015fkinlerde ve sa\u011fl\u0131k \u00e7al\u0131\u015fanlar\u0131nda a\u015f\u0131laman\u0131n koruyucu etkilerine dikkat \u00e7ekildi.<\/p>\n","protected":false},"author":1,"featured_media":45994,"comment_status":"open","ping_status":"open","sticky":false,"template":"","format":"standard","meta":{"footnotes":""},"categories":[11],"tags":[757,242,4102,538,1191],"class_list":["post-45993","post","type-post","status-publish","format-standard","has-post-thumbnail","hentry","category-saglik","tag-asi","tag-cocuk","tag-hastaliklar","tag-istanbul","tag-onemli"],"_links":{"self":[{"href":"https:\/\/bihavadis.com\/index.php\/wp-json\/wp\/v2\/posts\/45993","targetHints":{"allow":["GET"]}}],"collection":[{"href":"https:\/\/bihavadis.com\/index.php\/wp-json\/wp\/v2\/posts"}],"about":[{"href":"https:\/\/bihavadis.com\/index.php\/wp-json\/wp\/v2\/types\/post"}],"author":[{"embeddable":true,"href":"https:\/\/bihavadis.com\/index.php\/wp-json\/wp\/v2\/users\/1"}],"replies":[{"embeddable":true,"href":"https:\/\/bihavadis.com\/index.php\/wp-json\/wp\/v2\/comments?post=45993"}],"version-history":[{"count":1,"href":"https:\/\/bihavadis.com\/index.php\/wp-json\/wp\/v2\/posts\/45993\/revisions"}],"predecessor-version":[{"id":45995,"href":"https:\/\/bihavadis.com\/index.php\/wp-json\/wp\/v2\/posts\/45993\/revisions\/45995"}],"wp:featuredmedia":[{"embeddable":true,"href":"https:\/\/bihavadis.com\/index.php\/wp-json\/wp\/v2\/media\/45994"}],"wp:attachment":[{"href":"https:\/\/bihavadis.com\/index.php\/wp-json\/wp\/v2\/media?parent=45993"}],"wp:term":[{"taxonomy":"category","embeddable":true,"href":"https:\/\/bihavadis.com\/index.php\/wp-json\/wp\/v2\/categories?post=45993"},{"taxonomy":"post_tag","embeddable":true,"href":"https:\/\/bihavadis.com\/index.php\/wp-json\/wp\/v2\/tags?post=45993"}],"curies":[{"name":"wp","href":"https:\/\/api.w.org\/{rel}","templated":true}]}}