{"id":46023,"date":"2026-02-24T22:18:37","date_gmt":"2026-02-24T22:18:37","guid":{"rendered":"https:\/\/bihavadis.com\/?p=46023"},"modified":"2026-02-24T22:18:37","modified_gmt":"2026-02-24T22:18:37","slug":"balikesir-buyuksehir-belediyesi-emitt-yolcusu","status":"publish","type":"post","link":"https:\/\/bihavadis.com\/index.php\/2026\/02\/24\/balikesir-buyuksehir-belediyesi-emitt-yolcusu\/","title":{"rendered":"Bal\u0131kesir B\u00fcy\u00fck\u015fehir Belediyesi EMITT yolcusu"},"content":{"rendered":"<p> Bal\u0131kesir B\u00fcy\u00fck\u015fehir Belediyesi, turizm sekt\u00f6r\u00fcn\u00fcn en \u00f6nemli bulu\u015fma noktalar\u0131ndan olan 29. Do\u011fu Akdeniz Uluslararas\u0131 Turizm ve Seyahat Fuar\u0131&#8217;nda (EMITT) yerini al\u0131yor.<\/p>\n<p>Bal\u0131kesir B\u00fcy\u00fck\u015fehir Belediyesi, bu y\u0131l 5-7 \u015eubat tarihleri aras\u0131nda 29&#8217;uncusu d\u00fczenlenecek olan Do\u011fu Akdeniz Uluslararas\u0131 Turizm ve Seyahat Fuar\u0131&#8217;nda ziyaret\u00e7ilerini a\u011f\u0131rlayacak. \u0130stanbul Fuar Merkezi&#8217;nde Salon 1&#8217;deki 1301 numaral\u0131 stantta \u015fehrin gastronomi zenginliklerini ve y\u00f6resel \u00fcr\u00fcnlerini tan\u0131tacak olan Bal\u0131kesir B\u00fcy\u00fck\u015fehir Belediyesi, t\u00fcm haz\u0131rl\u0131klar\u0131n\u0131 tamamlad\u0131. Turizm sekt\u00f6r\u00fcn\u00fcn uluslararas\u0131 bulu\u015fma noktas\u0131 olan EMITT Fuar\u0131&#8217;nda Bal\u0131kesir&#8217;in do\u011fal g\u00fczellikleri, k\u00fclt\u00fcrel miras\u0131, termal kaynaklar\u0131 ve turizm \u00e7e\u015fitlili\u011fi geni\u015f kitlelere tan\u0131t\u0131lacak. \u015eehrin turizmde marka de\u011ferini g\u00fc\u00e7lendirmeyi ve potansiyel ziyaret\u00e7i ak\u0131\u015f\u0131n\u0131 art\u0131rmay\u0131 hedefleyen Bal\u0131kesir B\u00fcy\u00fck\u015fehir Belediyesi, turizmde s\u00fcrd\u00fcr\u00fclebilir b\u00fcy\u00fcme hedefiyle en \u00f6nemli turizm destinasyonlar\u0131n\u0131n ba\u015f\u0131nda geliyor. Sekt\u00f6r stratejisini g\u00fc\u00e7lendirmek ve turizm potansiyelini art\u0131rmak i\u00e7in 109 \u00fclkeden sekt\u00f6r temsilcilerini bulu\u015fturacak olan EMITT Fuar\u0131&#8217;nda Bal\u0131kesir B\u00fcy\u00fck\u015fehir Belediyesi&#8217;nin yan\u0131 s\u0131ra Ayval\u0131k, Burhaniye, Edremit, Erdek, G\u00f6nen, Havran, Manyas ve Marmara belediyeleri de yer alacak. &#8211; BALIKES\u0130R<\/p>\n","protected":false},"excerpt":{"rendered":"<p>Bal\u0131kesir B\u00fcy\u00fck\u015fehir Belediyesi, 5-7 \u015eubat tarihlerinde \u0130stanbul&#8217;da d\u00fczenlenecek 29. Do\u011fu Akdeniz Uluslararas\u0131 Turizm ve Seyahat Fuar\u0131&#8217;nda yer alacak. Fuar kapsam\u0131nda Bal\u0131kesir&#8217;in gastronomi zenginlikleri, do\u011fal g\u00fczellikleri ve turizm \u00e7e\u015fitlili\u011fi tan\u0131t\u0131lacak.<\/p>\n","protected":false},"author":1,"featured_media":46024,"comment_status":"open","ping_status":"open","sticky":false,"template":"","format":"standard","meta":{"footnotes":""},"categories":[8],"tags":[4780,1119,433,511],"class_list":["post-46023","post","type-post","status-publish","format-standard","has-post-thumbnail","hentry","category-ekonomi","tag-balikesir","tag-buyuksehir","tag-fuar","tag-turizm"],"_links":{"self":[{"href":"https:\/\/bihavadis.com\/index.php\/wp-json\/wp\/v2\/posts\/46023","targetHints":{"allow":["GET"]}}],"collection":[{"href":"https:\/\/bihavadis.com\/index.php\/wp-json\/wp\/v2\/posts"}],"about":[{"href":"https:\/\/bihavadis.com\/index.php\/wp-json\/wp\/v2\/types\/post"}],"author":[{"embeddable":true,"href":"https:\/\/bihavadis.com\/index.php\/wp-json\/wp\/v2\/users\/1"}],"replies":[{"embeddable":true,"href":"https:\/\/bihavadis.com\/index.php\/wp-json\/wp\/v2\/comments?post=46023"}],"version-history":[{"count":1,"href":"https:\/\/bihavadis.com\/index.php\/wp-json\/wp\/v2\/posts\/46023\/revisions"}],"predecessor-version":[{"id":46025,"href":"https:\/\/bihavadis.com\/index.php\/wp-json\/wp\/v2\/posts\/46023\/revisions\/46025"}],"wp:featuredmedia":[{"embeddable":true,"href":"https:\/\/bihavadis.com\/index.php\/wp-json\/wp\/v2\/media\/46024"}],"wp:attachment":[{"href":"https:\/\/bihavadis.com\/index.php\/wp-json\/wp\/v2\/media?parent=46023"}],"wp:term":[{"taxonomy":"category","embeddable":true,"href":"https:\/\/bihavadis.com\/index.php\/wp-json\/wp\/v2\/categories?post=46023"},{"taxonomy":"post_tag","embeddable":true,"href":"https:\/\/bihavadis.com\/index.php\/wp-json\/wp\/v2\/tags?post=46023"}],"curies":[{"name":"wp","href":"https:\/\/api.w.org\/{rel}","templated":true}]}}