{"id":46044,"date":"2026-02-24T22:36:39","date_gmt":"2026-02-24T22:36:39","guid":{"rendered":"https:\/\/bihavadis.com\/?p=46044"},"modified":"2026-02-24T22:36:39","modified_gmt":"2026-02-24T22:36:39","slug":"sadettin-sarandan-kante-transferi-icin-cumhurbaskani-erdogana-tesekkur","status":"publish","type":"post","link":"https:\/\/bihavadis.com\/index.php\/2026\/02\/24\/sadettin-sarandan-kante-transferi-icin-cumhurbaskani-erdogana-tesekkur\/","title":{"rendered":"Sadettin Saran&#8217;dan Kante transferi i\u00e7in Cumhurba\u015fkan\u0131 Erdo\u011fan&#8217;a te\u015fekk\u00fcr"},"content":{"rendered":"<p> Fenerbah\u00e7e Kul\u00fcb\u00fc Ba\u015fkan\u0131 Sadettin Saran, d\u00fcnya y\u0131ld\u0131z\u0131 N&#8217;Golo Kant\u00e9&#8217;nin transfer s\u00fcrecine destek veren Cumhurba\u015fkan\u0131 Recep Tayyip Erdo\u011fan&#8217;a te\u015fekk\u00fcr etti. Sar\u0131-lacivertli kul\u00fcpten yap\u0131lan yaz\u0131l\u0131 a\u00e7\u0131klamada, transferin T\u00fcrk futbolu ad\u0131na da \u00f6nemli bir kazan\u0131m oldu\u011fu vurguland\u0131.<\/p>\n<p><b>FENERBAH\u00c7E&#8217;DEN RESM\u0130 A\u00c7IKLAMA<\/b><\/p>\n<p>Sadettin Saran imzas\u0131yla yay\u0131mlanan a\u00e7\u0131klamada, N&#8217;Golo Kant\u00e9 transferinin ba\u015far\u0131yla tamamland\u0131\u011f\u0131 belirtilerek, s\u00fcrece katk\u0131 sunan Cumhurba\u015fkan\u0131 Erdo\u011fan&#8217;a te\u015fekk\u00fcr edildi. A\u00e7\u0131klamada, Erdo\u011fan&#8217;\u0131n hem Fenerbah\u00e7e&#8217;nin hem de T\u00fcrk futbolunun geli\u015fimine katk\u0131 sa\u011flayacak bu s\u00fcrecin olumlu \u015fekilde sonu\u00e7lanmas\u0131nda \u00f6nemli destek verdi\u011fi ifade edildi.<\/p>\n<p><b>TARAFTARA \u00d6ZEL VURGU<\/b><\/p>\n<p>Saran, a\u00e7\u0131klamas\u0131nda Fenerbah\u00e7e taraftar\u0131na da ayr\u0131 bir parantez a\u00e7t\u0131. Transfer s\u00fcreci boyunca taraftar\u0131n kul\u00fcbe olan inanc\u0131n\u0131n, verdi\u011fi g\u00fc\u00e7l\u00fc deste\u011fin ve hissettirdi\u011fi g\u00fcvenin en b\u00fcy\u00fck motivasyon kayna\u011f\u0131 oldu\u011fu vurguland\u0131. Ba\u015fkan Saran, art\u0131k bu g\u00fcc\u00fc sahaya ta\u015f\u0131ma zaman\u0131 oldu\u011funu belirtti.<\/p>\n<p><b>&#8220;B\u0130RL\u0130KTE BA\u015eARACA\u011eIZ&#8221; MESAJI<\/b><\/p>\n<p>A\u00e7\u0131klaman\u0131n sonunda birlik ve beraberlik vurgusu yapan Sadettin Saran, &#8220;Birlikte inanacak, birlikte m\u00fccadele edecek ve birlikte ba\u015faraca\u011f\u0131z&#8221; ifadeleriyle camiaya net bir mesaj verdi.<\/p>\n<p>Fenerbah\u00e7e Ba\u015fkan\u0131 Sadettin Saran, N&#8217;Golo Kant\u00e9 transferine verdi\u011fi destek nedeniyle Cumhurba\u015fkan\u0131 Recep Tayyip Erdo\u011fan&#8217;a te\u015fekk\u00fcr ederken, taraftar\u0131n inanc\u0131 ve deste\u011finin s\u00fcrecin en b\u00fcy\u00fck g\u00fcc\u00fc oldu\u011funu vurgulad\u0131.<\/p>\n<p><strong>Fenerbah\u00e7e&#8217;den a\u00e7\u0131klama:<\/strong><\/p>\n<div>\n<figure><img decoding=\"async\" src=\"https:\/\/bihavadis.com\/wp-content\/uploads\/2026\/02\/sadettin-sarandan-kante-transferi-icin-cumhurbaskani-erdogana-tesekkur-0-pTVdLeGD.jpg\"\/><\/figure>\n<\/div>\n","protected":false},"excerpt":{"rendered":"<p>Fenerbah\u00e7e Kul\u00fcb\u00fc Ba\u015fkan\u0131 Sadettin Saran, N&#8217;Golo Kant\u00e9&#8217;nin transfer s\u00fcrecinde destek olan Cumhurba\u015fkan\u0131 Recep Tayyip Erdo\u011fan&#8217;a te\u015fekk\u00fcr etti. Transferin T\u00fcrk futbolu ad\u0131na \u00f6nemli bir kazan\u0131m oldu\u011funu vurgulayan Saran, taraftar\u0131n deste\u011finin de s\u00fcre\u00e7te b\u00fcy\u00fck rol oynad\u0131\u011f\u0131n\u0131 belirtti. Ayr\u0131ca, &#8216;Birlikte inanacak, birlikte m\u00fccadele edecek ve birlikte ba\u015faraca\u011f\u0131z&#8217; mesaj\u0131 verdi.<\/p>\n","protected":false},"author":1,"featured_media":46045,"comment_status":"open","ping_status":"open","sticky":false,"template":"","format":"standard","meta":{"footnotes":""},"categories":[14],"tags":[1858,2433,404,1560],"class_list":["post-46044","post","type-post","status-publish","format-standard","has-post-thumbnail","hentry","category-spor","tag-fenerbahce","tag-saran","tag-transfer","tag-vurgu"],"_links":{"self":[{"href":"https:\/\/bihavadis.com\/index.php\/wp-json\/wp\/v2\/posts\/46044","targetHints":{"allow":["GET"]}}],"collection":[{"href":"https:\/\/bihavadis.com\/index.php\/wp-json\/wp\/v2\/posts"}],"about":[{"href":"https:\/\/bihavadis.com\/index.php\/wp-json\/wp\/v2\/types\/post"}],"author":[{"embeddable":true,"href":"https:\/\/bihavadis.com\/index.php\/wp-json\/wp\/v2\/users\/1"}],"replies":[{"embeddable":true,"href":"https:\/\/bihavadis.com\/index.php\/wp-json\/wp\/v2\/comments?post=46044"}],"version-history":[{"count":1,"href":"https:\/\/bihavadis.com\/index.php\/wp-json\/wp\/v2\/posts\/46044\/revisions"}],"predecessor-version":[{"id":46047,"href":"https:\/\/bihavadis.com\/index.php\/wp-json\/wp\/v2\/posts\/46044\/revisions\/46047"}],"wp:featuredmedia":[{"embeddable":true,"href":"https:\/\/bihavadis.com\/index.php\/wp-json\/wp\/v2\/media\/46045"}],"wp:attachment":[{"href":"https:\/\/bihavadis.com\/index.php\/wp-json\/wp\/v2\/media?parent=46044"}],"wp:term":[{"taxonomy":"category","embeddable":true,"href":"https:\/\/bihavadis.com\/index.php\/wp-json\/wp\/v2\/categories?post=46044"},{"taxonomy":"post_tag","embeddable":true,"href":"https:\/\/bihavadis.com\/index.php\/wp-json\/wp\/v2\/tags?post=46044"}],"curies":[{"name":"wp","href":"https:\/\/api.w.org\/{rel}","templated":true}]}}