{"id":46093,"date":"2026-02-24T23:15:04","date_gmt":"2026-02-24T23:15:04","guid":{"rendered":"https:\/\/bihavadis.com\/?p=46093"},"modified":"2026-02-24T23:15:04","modified_gmt":"2026-02-24T23:15:04","slug":"karabaglar-belediyesi-secap-surecini-bilimsel-katkilarla-guclendiriyor","status":"publish","type":"post","link":"https:\/\/bihavadis.com\/index.php\/2026\/02\/24\/karabaglar-belediyesi-secap-surecini-bilimsel-katkilarla-guclendiriyor\/","title":{"rendered":"Karaba\u011flar Belediyesi SECAP s\u00fcrecini Bilimsel Katk\u0131larla G\u00fc\u00e7lendiriyor"},"content":{"rendered":"<p>Karaba\u011flar Belediyesi, iklim de\u011fi\u015fikli\u011fiyle m\u00fccadele ve s\u00fcrd\u00fcr\u00fclebilir kent vizyonu do\u011frultusunda y\u00fcr\u00fctt\u00fc\u011f\u00fc S\u00fcrd\u00fcr\u00fclebilir Enerji ve \u0130klim Eylem Plan\u0131 (SECAP) \u00e7al\u0131\u015fmalar\u0131 kapsam\u0131nda Dan\u0131\u015fma Kurulu Toplant\u0131s\u0131\u2019n\u0131 ger\u00e7ekle\u015ftirdi. Toplant\u0131, \u00e7evrimi\u00e7i olarak d\u00fczenlendi.<\/p>\n<p>Toplant\u0131n\u0131n moderat\u00f6rl\u00fc\u011f\u00fcn\u00fc Belediye Meclis \u00dcyesi Rahile Yeni \u00fcstlendi. A\u00e7\u0131l\u0131\u015f konu\u015fmas\u0131n\u0131 yapan Belediye Ba\u015fkan\u0131 Helil K\u0131nay, yerel y\u00f6netimlerin iklim krizi kar\u015f\u0131s\u0131ndaki sorumlulu\u011funa dikkat \u00e7ekerek, Karaba\u011flar\u2019da bilimsel temelli ve kat\u0131l\u0131mc\u0131 bir iklim eylem plan\u0131 haz\u0131rlamay\u0131 hedeflediklerini vurgulad\u0131.<\/p>\n<p>Program kapsam\u0131nda, belediye b\u00fcnyesindeki \u0130klim De\u011fi\u015fikli\u011fi ve S\u0131f\u0131r At\u0131k M\u00fcd\u00fcrl\u00fc\u011f\u00fc taraf\u0131ndan SECAP s\u00fcrecine ili\u015fkin kapsaml\u0131 bir sunum ger\u00e7ekle\u015ftirildi.<\/p>\n<p>Sunumda; 2022, 2023 ve 2024 y\u0131llar\u0131na ait kurumsal karbon ayak izi ve kentsel karbon ayak izi hesaplama sonu\u00e7lar\u0131 payla\u015f\u0131l\u0131rken, sonu\u00e7lar dan\u0131\u015fma kurulu \u00fcyelerinin uzmanl\u0131klar\u0131na g\u00f6re de\u011ferlendirmeler yap\u0131ld\u0131 ve \u00f6nerilerde bulunuldu.<\/p>\n<p>Toplant\u0131ya, T\u00fcrk M\u00fchendis ve Mimar Odalar\u0131 Birli\u011fi (TMMOB) b\u00fcnyesindeki odalar\u0131n temsilcileri, 12 \u00fcniversiteden alan\u0131nda uzman akademisyenler, \u0130zmir B\u00fcy\u00fck\u015fehir Belediyesi ve Mu\u011fla B\u00fcy\u00fck\u015fehir Belediyesi temsilcileri, \u00c7evre Bakanl\u0131\u011f\u0131 \u0130klim De\u011fi\u015fikli\u011fi Daire Ba\u015fkanl\u0131\u011f\u0131 ile EBSO temsilcileri, \u00f6zel sekt\u00f6r ve sivil toplum kurulu\u015flar\u0131n\u0131n temsilcileri, Karaba\u011flar Kent Konseyi \u00fcyeleri ile belediyenin y\u00f6netici ve teknik personeli kat\u0131ld\u0131.<\/p>\n<p>Toplam 46 kat\u0131l\u0131mc\u0131, azalt\u0131m ve uyum planlar\u0131na y\u00f6nelik teknik g\u00f6r\u00fc\u015f ve \u00f6nerilerini payla\u015farak, s\u00fcrecin bilimsel ve uygulanabilir bir zeminde ilerlemesine katk\u0131 sundu. Yap\u0131lan bu toplant\u0131, 27 \u015eubat 2027 tarihinde ger\u00e7ekle\u015ftirilecek SECAP \u00c7al\u0131\u015ftay\u0131\u2019n\u0131n k\u0131r\u0131lganl\u0131k, azalt\u0131m ve uyum ba\u015fl\u0131klar\u0131na y\u00f6nelik bilimsel temelini olu\u015fturdu.<\/p>\n<p>Karaba\u011flar Belediyesi, SECAP \u00e7al\u0131\u015fmalar\u0131n\u0131 kat\u0131l\u0131mc\u0131, \u015feffaf ve bilimsel bir yakla\u015f\u0131mla s\u00fcrd\u00fcrerek ortaya konulan teknik g\u00f6r\u00fc\u015f ve \u00f6neriler do\u011frultusunda il\u00e7eyi daha diren\u00e7li bir yap\u0131ya kavu\u015fturmay\u0131 ama\u00e7l\u0131yor.<\/p>\n<p>\u00a0<\/p>\n<p>Kaynak: (BYZHA) Beyaz Haber Ajans\u0131<\/p>\n","protected":false},"excerpt":{"rendered":"<p>Karaba\u011flar Belediyesi, iklim de\u011fi\u015fikli\u011fiyle m\u00fccadele ve s\u00fcrd\u00fcr\u00fclebilir kent vizyonu do\u011frultusunda y\u00fcr\u00fctt\u00fc\u011f\u00fc S\u00fcrd\u00fcr\u00fclebilir Enerji ve \u0130klim Eylem Plan\u0131 (SECAP) \u00e7al\u0131\u015fmalar\u0131 kapsam\u0131nda Dan\u0131\u015fma Kurulu Toplant\u0131s\u0131\u2019n\u0131 ger\u00e7ekle\u015ftirdi. Toplant\u0131, \u00e7evrimi\u00e7i olarak d\u00fczenlendi.<\/p>\n","protected":false},"author":1,"featured_media":46094,"comment_status":"open","ping_status":"open","sticky":false,"template":"","format":"standard","meta":{"footnotes":""},"categories":[4],"tags":[372,1095],"class_list":["post-46093","post","type-post","status-publish","format-standard","has-post-thumbnail","hentry","category-gundem","tag-belediye","tag-iklim"],"_links":{"self":[{"href":"https:\/\/bihavadis.com\/index.php\/wp-json\/wp\/v2\/posts\/46093","targetHints":{"allow":["GET"]}}],"collection":[{"href":"https:\/\/bihavadis.com\/index.php\/wp-json\/wp\/v2\/posts"}],"about":[{"href":"https:\/\/bihavadis.com\/index.php\/wp-json\/wp\/v2\/types\/post"}],"author":[{"embeddable":true,"href":"https:\/\/bihavadis.com\/index.php\/wp-json\/wp\/v2\/users\/1"}],"replies":[{"embeddable":true,"href":"https:\/\/bihavadis.com\/index.php\/wp-json\/wp\/v2\/comments?post=46093"}],"version-history":[{"count":1,"href":"https:\/\/bihavadis.com\/index.php\/wp-json\/wp\/v2\/posts\/46093\/revisions"}],"predecessor-version":[{"id":46095,"href":"https:\/\/bihavadis.com\/index.php\/wp-json\/wp\/v2\/posts\/46093\/revisions\/46095"}],"wp:featuredmedia":[{"embeddable":true,"href":"https:\/\/bihavadis.com\/index.php\/wp-json\/wp\/v2\/media\/46094"}],"wp:attachment":[{"href":"https:\/\/bihavadis.com\/index.php\/wp-json\/wp\/v2\/media?parent=46093"}],"wp:term":[{"taxonomy":"category","embeddable":true,"href":"https:\/\/bihavadis.com\/index.php\/wp-json\/wp\/v2\/categories?post=46093"},{"taxonomy":"post_tag","embeddable":true,"href":"https:\/\/bihavadis.com\/index.php\/wp-json\/wp\/v2\/tags?post=46093"}],"curies":[{"name":"wp","href":"https:\/\/api.w.org\/{rel}","templated":true}]}}