{"id":46111,"date":"2026-02-24T23:30:37","date_gmt":"2026-02-24T23:30:37","guid":{"rendered":"https:\/\/bihavadis.com\/?p=46111"},"modified":"2026-02-24T23:30:37","modified_gmt":"2026-02-24T23:30:37","slug":"kutahyanin-guvercin-sevdasi","status":"publish","type":"post","link":"https:\/\/bihavadis.com\/index.php\/2026\/02\/24\/kutahyanin-guvercin-sevdasi\/","title":{"rendered":"K\u00fctahya&#8217;n\u0131n G\u00fcvercin Sevdas\u0131"},"content":{"rendered":"<p> K\u00fctahya&#8217;da uzun y\u0131llard\u0131r s\u00fcrd\u00fcr\u00fclen g\u00fcvercin yeti\u015ftiricili\u011fi, hem maddi de\u011feri y\u00fcksek ku\u015flar\u0131, hem de yeti\u015ftiricilerin g\u00f6sterdi\u011fi b\u00fcy\u00fck emek ve disiplinle dikkat \u00e7ekiyor. K\u00fctahya Ku\u015flar\u0131 Koruma Derne\u011fi kurucular\u0131ndan Halil Kinet, 43 y\u0131ld\u0131r ayn\u0131 sevday\u0131 s\u00fcrd\u00fcrd\u00fc\u011f\u00fcn\u00fc belirtirken, Dernek Ba\u015fkan\u0131 Hakan Demirci ise g\u00fcvercin beslemenin s\u0131radan bir hobi de\u011fil, profesyonel d\u00fczeyde bir u\u011fra\u015f oldu\u011funu s\u00f6yledi.<\/p>\n<p>43 y\u0131ld\u0131r g\u00fcvercin besledi\u011fini belirten Halil Kinet, bu i\u015fi hayat\u0131n\u0131n bir par\u00e7as\u0131 haline getirdi\u011fini ifade etti. 1969 do\u011fumlu ve emekli oldu\u011funu s\u00f6yleyen Kinet, 1984 y\u0131l\u0131ndan bu yana da ayn\u0131 ku\u015flara bakt\u0131\u011f\u0131n\u0131 belirterek, &#8220;43 y\u0131ld\u0131r bu ku\u015flara bak\u0131yorum. Allah nasip ederse \u00f6lesiye kadar da bakaca\u011f\u0131m&#8221; dedi.<\/p>\n<p>K\u00fctahya g\u00fcvercinlerinin T\u00fcrkiye genelinde \u00f6nemli bir yere sahip oldu\u011funu vurgulayan Kinet, &#8220;T\u00fcrkiye \u00e7ap\u0131nda K\u00fctahya lider konumda. \u0130stanbul&#8217;da yar\u0131\u015fmada kupa alan ku\u015flar\u0131n ya annesi ya da babas\u0131 mutlaka K\u00fctahya ku\u015fudur&#8221; diye konu\u015ftu.<\/p>\n<p>&#8220;Sekiz saat u\u00e7abiliyor&#8221;<\/p>\n<p>K\u00fctahya g\u00fcvercinlerinin u\u00e7u\u015f \u00f6zelliklerine de de\u011finen Kinet, bu ku\u015flar\u0131n yapt\u0131klar\u0131 oyunlarla havada uzun s\u00fcre kalabildi\u011fini belirterek, &#8220;Bizim ku\u015flar\u0131m\u0131z bir bu\u00e7uk, iki saat havada kal\u0131r. Bu s\u00fcre bizim i\u00e7in idealdir. Mesela Sivas ku\u015fu sekiz saat u\u00e7ar&#8221; ifadelerini kulland\u0131.<\/p>\n<p>Kinet, K\u00fctahya g\u00fcvercinlerinin \u00f6zelliklerini ise &#8220;Bir bu\u00e7uk ile iki saat u\u00e7ar, 15-20 sefer yapar. Fazla oyalamaz. Biz buna &#8216;Memur ku\u015fu&#8217; deriz&#8221; s\u00f6zleriyle anlatt\u0131. Baz\u0131 g\u00fcvercin t\u00fcrlerinin ev ortam\u0131nda da bak\u0131labildi\u011fini dile getiren Kinet, K\u00fctahya g\u00fcvercinlerinin ise mutlaka d\u0131\u015f mekanda bak\u0131lmas\u0131 gerekti\u011fini ve bak\u0131m\u0131n\u0131n daha zor oldu\u011funu s\u00f6yledi.<\/p>\n<p>&#8220;So\u011fuk, kar demeden gelip ku\u015flar\u0131m\u0131z\u0131 yemliyoruz&#8221;<\/p>\n<p>K\u00fctahya Ku\u015flar\u0131 Koruma Derne\u011fi Ba\u015fkan\u0131 Hakan Demirci de g\u00fcvercin beslemeye 9 ya\u015f\u0131nda ba\u015flad\u0131\u011f\u0131n\u0131 belirterek, bu u\u011fra\u015f\u0131n b\u00fcy\u00fck emek istedi\u011fini vurgulad\u0131. Demirci, &#8220;\u00c7ocu\u011fumuza bakar gibi emek veriyoruz. Bazen evimize bile gidemedi\u011fimiz oluyor. So\u011fuk, kar demeden gelip ku\u015flar\u0131m\u0131z\u0131 yemliyoruz&#8221; dedi.<\/p>\n<p>G\u00fcvercin beslemenin profesyonel bir i\u015f oldu\u011funu dile getiren Demirci, bu u\u011fra\u015f\u0131 bir hobi olarak de\u011fil, adeta bir aile gibi g\u00f6rd\u00fcklerini ifade etti. Besledikleri ku\u015flarda teknik \u00f6zelliklerin \u00e7ok \u00f6nemli oldu\u011funu s\u00f6yleyen Demirci, oyun kabiliyeti, takla oran\u0131, u\u00e7u\u015f mesafesi ve sefer say\u0131s\u0131n\u0131n en temel kriterler oldu\u011funu belirtti.<\/p>\n<p>K\u00fctahya Beyaz\u0131 olarak bilinen g\u00fcvercinlerin T\u00fcrkiye genelinde \u00f6nemli dereceler ald\u0131\u011f\u0131n\u0131 kaydeden Demirci, &#8220;K\u00fctahya&#8217;n\u0131n beyazlar\u0131 \u00e7ok me\u015fhurdur. T\u00fcrkiye \u00e7ap\u0131nda dereceleri ve \u00e7ok say\u0131da kupam\u0131z var&#8221; diye konu\u015ftu.<\/p>\n<p>&#8220;U\u00e7u\u015f mesafesi olduk\u00e7a y\u00fcksek&#8221;<\/p>\n<p>K\u00fctahya g\u00fcvercinlerinin u\u00e7u\u015f mesafelerinin de olduk\u00e7a y\u00fcksek oldu\u011funu ifade eden Demirci, &#8220;Bizim ku\u015flar\u0131m\u0131z uzun metrajl\u0131d\u0131r. 100 kilometreye yak\u0131n u\u00e7an ku\u015flar\u0131m\u0131z \u00e7\u0131kt\u0131&#8221; dedi.<\/p>\n<p>G\u00fcvercin yar\u0131\u015fmalar\u0131nda verilen \u00f6d\u00fcllerin de dikkat \u00e7ekici oldu\u011funu s\u00f6yleyen Demirci, baz\u0131 yar\u0131\u015fmalarda otomobil \u00f6d\u00fcl\u00fc dahi verildi\u011fini aktard\u0131. Besledikleri ku\u015flar\u0131n ekonomik de\u011ferine de de\u011finen Demirci, &#8220;En son bir \u00e7ift ku\u015fu 80 bin liraya satt\u0131m. 100 bin liraya sat\u0131lan ku\u015flar\u0131m\u0131z da var&#8221; \u015feklinde konu\u015ftu.<\/p>\n<p>G\u00fcvercin yeti\u015ftiricili\u011finin d\u0131\u015far\u0131dan g\u00f6r\u00fcnd\u00fc\u011f\u00fc kadar kolay olmad\u0131\u011f\u0131n\u0131 vurgulayan Demirci, bu i\u015fin ciddi bir bilgi, disiplin ve uzun y\u0131llara dayanan tecr\u00fcbe gerektirdi\u011fini s\u00f6zlerine ekledi. &#8211; K\u00dcTAHYA<\/p>\n","protected":false},"excerpt":{"rendered":"<p>K\u00fctahya&#8217;da g\u00fcvercin yeti\u015ftiricili\u011fi uzun y\u0131llard\u0131r s\u00fcr\u00fcyor; maddi de\u011feri y\u00fcksek ku\u015flarla dikkat \u00e7ekiyor.<\/p>\n","protected":false},"author":1,"featured_media":46112,"comment_status":"open","ping_status":"open","sticky":false,"template":"","format":"standard","meta":{"footnotes":""},"categories":[8],"tags":[354,2386,6125,317],"class_list":["post-46111","post","type-post","status-publish","format-standard","has-post-thumbnail","hentry","category-ekonomi","tag-demirci","tag-guvercin","tag-kuslari","tag-kutahya"],"_links":{"self":[{"href":"https:\/\/bihavadis.com\/index.php\/wp-json\/wp\/v2\/posts\/46111","targetHints":{"allow":["GET"]}}],"collection":[{"href":"https:\/\/bihavadis.com\/index.php\/wp-json\/wp\/v2\/posts"}],"about":[{"href":"https:\/\/bihavadis.com\/index.php\/wp-json\/wp\/v2\/types\/post"}],"author":[{"embeddable":true,"href":"https:\/\/bihavadis.com\/index.php\/wp-json\/wp\/v2\/users\/1"}],"replies":[{"embeddable":true,"href":"https:\/\/bihavadis.com\/index.php\/wp-json\/wp\/v2\/comments?post=46111"}],"version-history":[{"count":1,"href":"https:\/\/bihavadis.com\/index.php\/wp-json\/wp\/v2\/posts\/46111\/revisions"}],"predecessor-version":[{"id":46113,"href":"https:\/\/bihavadis.com\/index.php\/wp-json\/wp\/v2\/posts\/46111\/revisions\/46113"}],"wp:featuredmedia":[{"embeddable":true,"href":"https:\/\/bihavadis.com\/index.php\/wp-json\/wp\/v2\/media\/46112"}],"wp:attachment":[{"href":"https:\/\/bihavadis.com\/index.php\/wp-json\/wp\/v2\/media?parent=46111"}],"wp:term":[{"taxonomy":"category","embeddable":true,"href":"https:\/\/bihavadis.com\/index.php\/wp-json\/wp\/v2\/categories?post=46111"},{"taxonomy":"post_tag","embeddable":true,"href":"https:\/\/bihavadis.com\/index.php\/wp-json\/wp\/v2\/tags?post=46111"}],"curies":[{"name":"wp","href":"https:\/\/api.w.org\/{rel}","templated":true}]}}