{"id":46216,"date":"2026-02-25T00:54:37","date_gmt":"2026-02-25T00:54:37","guid":{"rendered":"https:\/\/bihavadis.com\/?p=46216"},"modified":"2026-02-25T00:54:37","modified_gmt":"2026-02-25T00:54:37","slug":"20-yildir-catida-bekleyen-otomobil-bulundu","status":"publish","type":"post","link":"https:\/\/bihavadis.com\/index.php\/2026\/02\/25\/20-yildir-catida-bekleyen-otomobil-bulundu\/","title":{"rendered":"20 Y\u0131ld\u0131r \u00c7at\u0131da Bekleyen Otomobil Bulundu"},"content":{"rendered":"<p>\n<p>BURSA&#8217;n\u0131n \u0130neg\u00f6l il\u00e7esinde 20 y\u0131l \u00f6nce tamir i\u00e7in kaportac\u0131ya getirilen otomobil, ara\u00e7 sahibi ile kaporta ustas\u0131 aras\u0131nda ya\u015fanan anla\u015fmazl\u0131k nedeniyle teslim al\u0131nmad\u0131. Konu yarg\u0131ya ta\u015f\u0131n\u0131rken, kaporta ustas\u0131n\u0131n \u00e7ekiciyle i\u015f yerinin \u00e7at\u0131s\u0131na \u00e7\u0131kard\u0131\u011f\u0131 otomobil, yeni kirac\u0131 taraf\u0131ndan \u00e7at\u0131 ak\u0131nca bulundu.<\/p>\n<p>Mahmudiye Mahallesi Bozkurt Sokak&#8217;ta trakt\u00f6r tamircili\u011fi yapan usta, \u00e7at\u0131 ak\u0131nca durumu d\u00fckkan sahibine bildirdi. M\u00fclk sahibi ad\u0131na i\u015flemleri y\u00fcr\u00fcten Berat Ertopuz, onar\u0131m i\u00e7in d\u00fckkana gelerek \u00e7at\u0131y\u0131 kontrol etmek istedi. 2 katl\u0131 d\u00fckkan\u0131n teras \u015feklindeki \u00e7at\u0131s\u0131na \u00e7\u0131kan Ertopuz, burada hurda bir otomobille kar\u015f\u0131la\u015f\u0131nca durumu polis ekiplerine bildirdi. \u0130hbarla olay yerine sevk edilen polis ekipleri, hurda otomobilin motorunun \u015fasi numaras\u0131ndan sahibine ula\u015ft\u0131. Otomobilin 20 y\u0131ld\u0131r \u00e7at\u0131da oldu\u011fu ortaya \u00e7\u0131kt\u0131. <\/p>\n<p>\u00c7EK\u0130C\u0130 \u0130LE \u00d6NCE KEND\u0130 \u00c7ATISINA SONRA KOM\u015eU D\u00dcKKANIN \u00c7ATISINA TA\u015eIMI\u015e<\/p>\n<p>S\u00f6z konusu i\u015f yerinin biti\u015fi\u011finde bulunan kaportac\u0131ya 20 y\u0131l \u00f6nce tamir i\u00e7in getirilen otomobilin, ara\u00e7 sahibi ile kaporta ustas\u0131 aras\u0131nda \u00e7\u0131kan anla\u015fmazl\u0131k sonucu teslim al\u0131nmad\u0131\u011f\u0131 ve konunun yarg\u0131ya ta\u015f\u0131nd\u0131\u011f\u0131, kaporta ustas\u0131n\u0131n, ar\u0131zal\u0131 arac\u0131 \u00e7ekiciyle kendi i\u015f yerinin \u00e7at\u0131s\u0131na koydu\u011fu, ilerleyen y\u0131llarda da \u00e7at\u0131 onar\u0131m\u0131 s\u0131ras\u0131nda biti\u015fikte bulunan mevcut i\u015f yerinin \u00e7at\u0131s\u0131na ta\u015f\u0131tt\u0131\u011f\u0131 \u00f6\u011frenildi. Kaporta ustas\u0131n\u0131n ise 2 y\u0131l \u00f6nce hayat\u0131n\u0131 kaybetti\u011fi belirtildi.<\/p>\n<p>&#8216;L\u00dcTFEN ARACINIZI ALIN, B\u0130Z DE \u00c7ATIMIZI ONARALIM&#8217;<\/p>\n<p>Ara\u00e7 sahibi hurdaya d\u00f6nen otomobilini almak istemedi\u011fini s\u00f6ylerken, onar\u0131m i\u00e7in \u00e7\u0131kt\u0131\u011f\u0131 \u00e7at\u0131da arac\u0131 g\u00f6r\u00fcnce b\u00fcy\u00fck \u015fa\u015fk\u0131nl\u0131k ya\u015fad\u0131\u011f\u0131n\u0131 belirten Berat Ertopuz, &#8220;Bu m\u00fclk sahibinin halas\u0131n\u0131n o\u011fluyum. Kendisi \u0130stanbul&#8217;da ya\u015f\u0131yor, kirac\u0131larla ilgili i\u015fleri ben y\u00fcr\u00fct\u00fcyorum. Bina eski oldu\u011fu i\u00e7in \u00e7at\u0131 yapma karar\u0131 ald\u0131k. \u00c7at\u0131ya \u00e7\u0131kt\u0131\u011f\u0131m\u0131zda 30-35 y\u0131ll\u0131k bir ara\u00e7la kar\u015f\u0131la\u015ft\u0131k. Kom\u015fularla yapt\u0131\u011f\u0131m\u0131z g\u00f6r\u00fc\u015fmelerde arac\u0131n yan taraftaki bir tamirciye getirildi\u011fini, ya\u015fanan anla\u015fmazl\u0131k sonras\u0131 \u00f6nce kendi \u00e7at\u0131s\u0131na, daha sonra da bizim \u00e7at\u0131m\u0131za al\u0131nd\u0131\u011f\u0131n\u0131 \u00f6\u011frendik. Ara\u00e7 buradan kald\u0131r\u0131lmadan \u00e7at\u0131 yapmam\u0131z m\u00fcmk\u00fcn de\u011fil. Emniyete ba\u015fvurduk, trafik ekipleri geldi ancak konunun polis merkezinde \u00e7\u00f6z\u00fclmesi gerekti\u011fi s\u00f6ylendi. Ara\u00e7 sahibine buradan sesleniyorum, l\u00fctfen arac\u0131n\u0131z\u0131 al\u0131n biz de \u00e7at\u0131m\u0131z\u0131 onaral\u0131m&#8221; diye konu\u015ftu. <\/p>\n","protected":false},"excerpt":{"rendered":"<p>\u0130neg\u00f6l&#8217;de 20 y\u0131l \u00f6nce tamir i\u00e7in b\u0131rak\u0131lan otomobil, \u00e7at\u0131da bulundu. Ara\u00e7 sahibi \u00e7a\u011fr\u0131ld\u0131.<\/p>\n","protected":false},"author":1,"featured_media":46217,"comment_status":"open","ping_status":"open","sticky":false,"template":"","format":"standard","meta":{"footnotes":""},"categories":[8],"tags":[581,2540,6141,395,2479],"class_list":["post-46216","post","type-post","status-publish","format-standard","has-post-thumbnail","hentry","category-ekonomi","tag-arac","tag-cati","tag-catisina","tag-is","tag-sahibi"],"_links":{"self":[{"href":"https:\/\/bihavadis.com\/index.php\/wp-json\/wp\/v2\/posts\/46216","targetHints":{"allow":["GET"]}}],"collection":[{"href":"https:\/\/bihavadis.com\/index.php\/wp-json\/wp\/v2\/posts"}],"about":[{"href":"https:\/\/bihavadis.com\/index.php\/wp-json\/wp\/v2\/types\/post"}],"author":[{"embeddable":true,"href":"https:\/\/bihavadis.com\/index.php\/wp-json\/wp\/v2\/users\/1"}],"replies":[{"embeddable":true,"href":"https:\/\/bihavadis.com\/index.php\/wp-json\/wp\/v2\/comments?post=46216"}],"version-history":[{"count":1,"href":"https:\/\/bihavadis.com\/index.php\/wp-json\/wp\/v2\/posts\/46216\/revisions"}],"predecessor-version":[{"id":46218,"href":"https:\/\/bihavadis.com\/index.php\/wp-json\/wp\/v2\/posts\/46216\/revisions\/46218"}],"wp:featuredmedia":[{"embeddable":true,"href":"https:\/\/bihavadis.com\/index.php\/wp-json\/wp\/v2\/media\/46217"}],"wp:attachment":[{"href":"https:\/\/bihavadis.com\/index.php\/wp-json\/wp\/v2\/media?parent=46216"}],"wp:term":[{"taxonomy":"category","embeddable":true,"href":"https:\/\/bihavadis.com\/index.php\/wp-json\/wp\/v2\/categories?post=46216"},{"taxonomy":"post_tag","embeddable":true,"href":"https:\/\/bihavadis.com\/index.php\/wp-json\/wp\/v2\/tags?post=46216"}],"curies":[{"name":"wp","href":"https:\/\/api.w.org\/{rel}","templated":true}]}}