{"id":46257,"date":"2026-02-25T01:33:06","date_gmt":"2026-02-25T01:33:06","guid":{"rendered":"https:\/\/bihavadis.com\/?p=46257"},"modified":"2026-02-25T01:33:06","modified_gmt":"2026-02-25T01:33:06","slug":"yuksekovada-esnaf-kar-tuneli-acti","status":"publish","type":"post","link":"https:\/\/bihavadis.com\/index.php\/2026\/02\/25\/yuksekovada-esnaf-kar-tuneli-acti\/","title":{"rendered":"Y\u00fcksekova&#8217;da Esnaf Kar T\u00fcneli A\u00e7t\u0131"},"content":{"rendered":"<p>\n<p>HAKKAR\u0130&#8217;nin Y\u00fcksekova il\u00e7esinde esnaf Servet Aytekin, d\u00fckkan\u0131n\u0131n \u00f6n\u00fcndeki kar y\u0131\u011f\u0131n\u0131ndan t\u00fcnel yapt\u0131. Aytekin, hem kendisinin hem de m\u00fc\u015fterilerinin t\u00fcnelden ge\u00e7erek d\u00fckkan\u0131na ula\u015fabildiklerini s\u00f6yledi.<\/p>\n<p>\u0130l\u00e7e merkezinde g\u00fcnlerce etkili olan kar ya\u011f\u0131\u015f\u0131n\u0131n ard\u0131ndan yollarda yap\u0131lan temizleme \u00e7al\u0131\u015fmalar\u0131, yol ve kald\u0131r\u0131m kenarlar\u0131nda kal\u0131nl\u0131\u011f\u0131 2 metreyi bulan kar k\u00fctlelerini olu\u015fmas\u0131na neden oldu. Bu durum esnaf\u0131n i\u015fini zorla\u015ft\u0131rd\u0131. Esenyurt Mahallesi&#8217;nde g\u0131da sat\u0131\u015f\u0131 yapan Servet Aytekin ise bu olumsuzlu\u011fu gidermek ve m\u00fc\u015fterilerinin d\u00fckkan\u0131na rahat ula\u015fmalar\u0131n\u0131 sa\u011flamak amac\u0131yla t\u00fcnel kazmaya karar verdi. Aytekin, arkada\u015flar\u0131n\u0131n da yard\u0131m\u0131yla 2 saat s\u00fcren bir \u00e7al\u0131\u015fman\u0131n ard\u0131ndan 5 metre uzunlu\u011funda, 1 metre geni\u015fli\u011finde ve yakla\u015f\u0131k 1,5 metre y\u00fcksekli\u011finde kardan t\u00fcnel yapt\u0131. Aytekin, bu t\u00fcnel sayesinde hem kendisinin hem de m\u00fc\u015fterilerinin t\u00fcnelden ge\u00e7erek d\u00fckkana ula\u015fabildiklerini belirterek, &#8220;Bu y\u0131l Y\u00fcksekova&#8217;ya ciddi kar ya\u011fd\u0131. \u00c7at\u0131larda biriken karlarda d\u00fc\u015f\u00fcnce d\u00fckkan\u0131m\u0131n \u00f6n\u00fcn\u00fc tamamen kapatt\u0131. Bizde yakla\u015f\u0131k 2 saat s\u00fcren bir \u00e7al\u0131\u015fma ile t\u00fcnel a\u00e7t\u0131k. M\u00fc\u015fterilerim art\u0131k rahatl\u0131kla ula\u015f\u0131m sa\u011flayabiliyor&#8221; dedi. <\/p>\n","protected":false},"excerpt":{"rendered":"<p>Hakkari Y\u00fcksekova&#8217;da esnaf, kar y\u0131\u011f\u0131nlar\u0131n\u0131 a\u015fmak i\u00e7in d\u00fckkan\u0131na t\u00fcnel kazd\u0131.<\/p>\n","protected":false},"author":1,"featured_media":46258,"comment_status":"open","ping_status":"open","sticky":false,"template":"","format":"standard","meta":{"footnotes":""},"categories":[9,4,13],"tags":[297,359],"class_list":["post-46257","post","type-post","status-publish","format-standard","has-post-thumbnail","hentry","category-genel","category-gundem","category-son-dakika","tag-kar","tag-tunel"],"_links":{"self":[{"href":"https:\/\/bihavadis.com\/index.php\/wp-json\/wp\/v2\/posts\/46257","targetHints":{"allow":["GET"]}}],"collection":[{"href":"https:\/\/bihavadis.com\/index.php\/wp-json\/wp\/v2\/posts"}],"about":[{"href":"https:\/\/bihavadis.com\/index.php\/wp-json\/wp\/v2\/types\/post"}],"author":[{"embeddable":true,"href":"https:\/\/bihavadis.com\/index.php\/wp-json\/wp\/v2\/users\/1"}],"replies":[{"embeddable":true,"href":"https:\/\/bihavadis.com\/index.php\/wp-json\/wp\/v2\/comments?post=46257"}],"version-history":[{"count":1,"href":"https:\/\/bihavadis.com\/index.php\/wp-json\/wp\/v2\/posts\/46257\/revisions"}],"predecessor-version":[{"id":46259,"href":"https:\/\/bihavadis.com\/index.php\/wp-json\/wp\/v2\/posts\/46257\/revisions\/46259"}],"wp:featuredmedia":[{"embeddable":true,"href":"https:\/\/bihavadis.com\/index.php\/wp-json\/wp\/v2\/media\/46258"}],"wp:attachment":[{"href":"https:\/\/bihavadis.com\/index.php\/wp-json\/wp\/v2\/media?parent=46257"}],"wp:term":[{"taxonomy":"category","embeddable":true,"href":"https:\/\/bihavadis.com\/index.php\/wp-json\/wp\/v2\/categories?post=46257"},{"taxonomy":"post_tag","embeddable":true,"href":"https:\/\/bihavadis.com\/index.php\/wp-json\/wp\/v2\/tags?post=46257"}],"curies":[{"name":"wp","href":"https:\/\/api.w.org\/{rel}","templated":true}]}}