{"id":46272,"date":"2026-02-25T01:45:24","date_gmt":"2026-02-25T01:45:24","guid":{"rendered":"https:\/\/bihavadis.com\/?p=46272"},"modified":"2026-02-25T01:45:24","modified_gmt":"2026-02-25T01:45:24","slug":"gazze-seridinde-yikimin-golgesinde-ramazan-hazirligi","status":"publish","type":"post","link":"https:\/\/bihavadis.com\/index.php\/2026\/02\/25\/gazze-seridinde-yikimin-golgesinde-ramazan-hazirligi\/","title":{"rendered":"Gazze \u015eeridi\u2019nde y\u0131k\u0131m\u0131n g\u00f6lgesinde Ramazan haz\u0131rl\u0131\u011f\u0131"},"content":{"rendered":"<p>Gazze \u015eeridi\u2019ne y\u00f6nelik \u0130srail sald\u0131r\u0131lar\u0131 ve s\u00fcren ablukan\u0131n yol a\u00e7t\u0131\u011f\u0131 insani kriz, b\u00f6lgede ya\u015fayan Filistinlilerin ekonomik ko\u015fullar\u0131n\u0131 daha da a\u011f\u0131rla\u015ft\u0131rd\u0131.<\/p>\n<p><strong>YOKSULLUK VE YIKIMA RA\u011eMEN RAMAZAN HAZIRLI\u011eI<\/strong><\/p>\n<p>Artan yoksulluk ve i\u015fsizlik nedeniyle \u00e7ok say\u0131da aile, Ramazan ay\u0131 \u00f6ncesinde temel ihtiya\u00e7lar\u0131n\u0131 kar\u015f\u0131lamakta zorlan\u0131yor.<\/p>\n<p>T\u00fcm zorluklara ra\u011fmen Filistinliler, s\u0131n\u0131rl\u0131 imkanlarla evlerini m\u00fctevaz\u0131 s\u00fcslemelerle haz\u0131rlayarak ve \u00e7ocuklara Ramazan ruhunu ya\u015fatmaya \u00e7al\u0131\u015farak g\u00fcnl\u00fck hayatlar\u0131n\u0131 s\u00fcrd\u00fcrmeye devam ediyor.<\/p>\n<p>\u0130srail\u2019in sald\u0131r\u0131lar\u0131nda a\u011f\u0131r hasar g\u00f6ren Gazze \u015eeridi\u2019nin g\u00fcneyindeki Han Yunus kentinde, y\u0131k\u0131m\u0131n izlerinin s\u00fcrd\u00fc\u011f\u00fc bir mahalle Ramazan ay\u0131 \u00f6ncesinde s\u00fcslenerek b\u00f6lgede ya\u015fayan Filistinlilere moral oldu.<\/p>\n<p><img decoding=\"async\" src=\"https:\/\/bihavadis.com\/wp-content\/uploads\/2026\/02\/gazze-seridinde-yikimin-golgesinde-ramazan-hazirligi-0-EamDujk8.jpg\"\/><\/p>\n<p><strong>\u201cENKAZIN \u0130ZLER\u0130N\u0130N H\u00c2L\u00c2 G\u00d6R\u00dcLD\u00dc\u011e\u00dc BU MAHALLEY\u0130 \u00d6ZELL\u0130KLE SE\u00c7T\u0130K\u201d<\/strong><\/p>\n<p>Sald\u0131r\u0131larda b\u00fcy\u00fck \u00f6l\u00e7\u00fcde tahrip olan ve baz\u0131 binalar\u0131n halen enkaz halinde bulundu\u011fu sokakta, T\u00fcrkiye men\u015feili Yedi Ba\u015fak \u0130nsani Yard\u0131m Derne\u011fi&#8217;nin giri\u015fimiyle duvarlara Ramazan temal\u0131 resimler yap\u0131ld\u0131, sokaklara s\u00fcslemeler as\u0131ld\u0131. Ate\u015fkese ra\u011fmen zor ya\u015fam ko\u015fullar\u0131n\u0131n s\u00fcrd\u00fc\u011f\u00fc b\u00f6lgede yap\u0131lan \u00e7al\u0131\u015fma, \u00f6zellikle \u00e7ocuklar i\u00e7in Ramazan atmosferini canland\u0131rmay\u0131 ama\u00e7l\u0131yor.<\/p>\n<p>Mahallede \u00e7izim ve s\u00fcsleme \u00e7al\u0131\u015fmalar\u0131na kat\u0131lan ressam Hani Dahman, Han Yunus\u2019ta en fazla y\u0131k\u0131ma maruz kalan mahallelerden birinde \u00e7al\u0131\u015fma yapt\u0131klar\u0131n\u0131 belirterek, <em><b>\u201cEnkaz\u0131n izlerinin h\u00e2l\u00e2 g\u00f6r\u00fcld\u00fc\u011f\u00fc bu mahalleyi \u00f6zellikle se\u00e7tik.\u201d<\/b><\/em> dedi.<\/p>\n<p><img decoding=\"async\" src=\"https:\/\/bihavadis.com\/wp-content\/uploads\/2026\/02\/gazze-seridinde-yikimin-golgesinde-ramazan-hazirligi-1-UrjN6MRT.jpg\"\/><\/p>\n<p><strong>&#8220;ASLOLAN RAMAZANI \u0130BADETLERLE KAR\u015eILAMAKTIR&#8221;<\/strong><\/p>\n<p>Bar\u0131\u015f isteyen bir halk olduklar\u0131n\u0131 vurgulayan Dahman, Ramazan ay\u0131n\u0131n \u0130slam\u2019daki \u00f6nemine de\u011finerek, <em><b>&#8220;Aslolan Ramazan\u0131 ibadetlerle kar\u015f\u0131lamakt\u0131r. Bizim yapt\u0131\u011f\u0131m\u0131z da bir ibadettir. Allah\u2019a en sevimli amellerden biri bir M\u00fcsl\u00fcman\u0131n kalbine sevin\u00e7 girmesidir.\u201d<\/b><\/em> dedi.<\/p>\n<p>Organizasyonu y\u00fcr\u00fcten Yedi Ba\u015fak Derne\u011fi S\u00f6zc\u00fcs\u00fc Meryem Avadullah, derne\u011fin Gazze\u2019de sava\u015f \u00f6ncesinde de insani faaliyetler y\u00fcr\u00fctt\u00fc\u011f\u00fcn\u00fc belirterek, Ramazan yakla\u015f\u0131rken y\u0131k\u0131m\u0131n ortas\u0131nda k\u00fc\u00e7\u00fck de olsa bir haz\u0131rl\u0131k yapmak istediklerini s\u00f6yledi.<\/p>\n<p><img decoding=\"async\" src=\"https:\/\/bihavadis.com\/wp-content\/uploads\/2026\/02\/gazze-seridinde-yikimin-golgesinde-ramazan-hazirligi-2-yjrBMu7Y.jpg\"\/><\/p>\n<p><strong>&#8220;BU M\u00dcBAREK AYIN B\u0130RL\u0130K VE BERABERL\u0130\u011e\u0130 G\u00dc\u00c7LEND\u0130RMES\u0130N\u0130 D\u0130L\u0130YORUZ&#8221;<\/strong><\/p>\n<p>Avadullah T\u00fcrk\u00e7e yapt\u0131\u011f\u0131 a\u00e7\u0131klamada ise, <em><b>\u201cYedi Ba\u015fak Derne\u011fi olarak Ramazan haz\u0131rl\u0131klar\u0131n\u0131 ba\u015flatt\u0131k. Bu harap ortam\u0131n i\u00e7inde resim ve s\u00fcslemelerle Ramazan&#8217;\u0131 kar\u015f\u0131l\u0131yoruz. Bu m\u00fcbarek ay\u0131n birlik ve beraberli\u011fi g\u00fc\u00e7lendirmesini diliyoruz.\u201d<\/b><\/em> ifadelerini kulland\u0131.<\/p>\n<p>B\u00f6lge sakinlerinden Hasan el-Alul da Ramazan ay\u0131n\u0131n toplumda sevgi ve dayan\u0131\u015fma ruhunu g\u00fc\u00e7lendirdi\u011fini belirterek, ya\u015fanan y\u0131k\u0131m\u0131n sona ermesini, daha huzurlu g\u00fcnlerin gelmesini ve \u00e7ocuklar\u0131n yeniden okullar\u0131na d\u00f6nebildi\u011fi bir d\u00f6neme ula\u015fmay\u0131 umut ettiklerini s\u00f6yledi.<\/p>\n<p><img decoding=\"async\" src=\"https:\/\/bihavadis.com\/wp-content\/uploads\/2026\/02\/gazze-seridinde-yikimin-golgesinde-ramazan-hazirligi-3-zZc2V26a.jpg\"\/><\/p>\n<p><strong>YER\u0130NDEN ED\u0130LM\u0130\u015e A\u0130LELERE RAMAZAN \u00d6NCES\u0130 GIDA DESTE\u011e\u0130<\/strong><\/p>\n<p>Gazze \u015eeridi\u2019nin g\u00fcneyindeki Han Yunus kentinde yer alan Mevasi b\u00f6lgesinde ise \u0130srail\u2019in sald\u0131r\u0131lar\u0131 ve yerinden edilmenin a\u011f\u0131r sonu\u00e7lar\u0131 alt\u0131nda ya\u015fam\u0131n\u0131 s\u00fcrd\u00fcrmeye \u00e7al\u0131\u015fan Filistinli aileler, Ramazan ay\u0131n\u0131 yokluk ve belirsizlik i\u00e7inde kar\u015f\u0131lamaya haz\u0131rlan\u0131yor.<\/p>\n<p>Bu kapsamda Ramazan \u00f6ncesinde bu y\u0131l 10\u2019uncusu d\u00fczenlenen hay\u0131r pazar\u0131, yerinden edilmi\u015f Filistinli ailelere \u00fccretsiz temel g\u0131da deste\u011fi sunuyor.<\/p>\n<p>Sebze, meyve, et ve temel g\u0131da \u00fcr\u00fcnlerinin \u00fccretsiz olarak temin edilebildi\u011fi pazar\u0131n, 1000\u2019den fazla yerinden edilmi\u015f Filistinli aileye ula\u015fmas\u0131 hedefleniyor. Artan insani ihtiya\u00e7lar ve temel g\u0131daya eri\u015fimde ya\u015fanan zorluklar, \u00f6zellikle \u00e7ad\u0131rlarda ya\u015fayan ailelerin bu t\u00fcr desteklere olan ihtiyac\u0131n\u0131 art\u0131r\u0131yor.<\/p>\n<p><img decoding=\"async\" src=\"https:\/\/bihavadis.com\/wp-content\/uploads\/2026\/02\/gazze-seridinde-yikimin-golgesinde-ramazan-hazirligi-4-cHZuUDts.jpg\"\/><\/p>\n<p><strong>HAYIR PAZARI \u0130HT\u0130YA\u00c7 SAH\u0130B\u0130 A\u0130LELERE DESTEK OLUYOR<\/strong><\/p>\n<p>Pazar\u0131 organize eden kurumun s\u00f6zc\u00fcs\u00fc S\u00fcmeyye Ebu Reyde, projenin \u00f6zellikle yerinden edilmi\u015f ve gelir d\u00fczeyi d\u00fc\u015f\u00fck aileleri hedefledi\u011fini belirtti.<\/p>\n<p>Ebu Reyde, Han Yunus ve Refah ba\u015fta olmak \u00fczere Gazze \u015eeridi\u2019nin farkl\u0131 b\u00f6lgelerinden ailelerin projeden yararland\u0131\u011f\u0131n\u0131 ifade ederek, <em><b>\u201cBu proje yaln\u0131zca g\u0131da deste\u011fi sunmay\u0131 de\u011fil, ayn\u0131 zamanda ailelerin ihtiya\u00e7lar\u0131n\u0131 kendi tercihlerine g\u00f6re se\u00e7ebilmelerini ama\u00e7l\u0131yor.\u201d<\/b><\/em> dedi.<\/p>\n<p>Pazar\u0131n sebze, temel g\u0131da ve dondurulmu\u015f \u00fcr\u00fcnler olmak \u00fczere \u00fc\u00e7 b\u00f6l\u00fcmden olu\u015ftu\u011funu aktaran Ebu Reyde, \u00f6zellikle dul kad\u0131nlar, yetimler ve engelliler gibi \u00f6ncelikli gruplar\u0131n projeden yararlanmas\u0131na a\u011f\u0131rl\u0131k verildi\u011fini belirtti.<\/p>\n<p>Artan insani ihtiya\u00e7lara dikkati \u00e7eken Ebu Reyde, yerinden edilen ailelerin b\u00fcy\u00fck b\u00f6l\u00fcm\u00fcn\u00fcn temel g\u0131daya eri\u015fimde zorland\u0131\u011f\u0131n\u0131 ve bu t\u00fcr giri\u015fimlerin \u00f6zellikle Ramazan \u00f6ncesinde \u00f6nem ta\u015f\u0131d\u0131\u011f\u0131n\u0131 s\u00f6yledi.<\/p>\n<p>Hay\u0131r pazar\u0131ndan yararlanan Filistinli Ahmed \u015earab ise, \u201cBu proje farkl\u0131 bir uygulama. Aileler kendilerine uygun olan \u00fcr\u00fcnleri se\u00e7ebiliyor. Herkesin ihtiyac\u0131 farkl\u0131, bu sistem sayesinde insanlar ihtiya\u00e7 duymad\u0131klar\u0131 \u00fcr\u00fcnleri almak zorunda kalm\u0131yor.\u201d diyerek duydu\u011fu memnuniyeti dile getirdi.<\/p>\n<p><img decoding=\"async\" src=\"https:\/\/bihavadis.com\/wp-content\/uploads\/2026\/02\/gazze-seridinde-yikimin-golgesinde-ramazan-hazirligi-5-lqq5jXEP.jpg\"\/><\/p>\n<p><img decoding=\"async\" src=\"https:\/\/bihavadis.com\/wp-content\/uploads\/2026\/02\/gazze-seridinde-yikimin-golgesinde-ramazan-hazirligi-6-mAKYTnMT.jpg\"\/><\/p>\n<p><img decoding=\"async\" src=\"https:\/\/bihavadis.com\/wp-content\/uploads\/2026\/02\/gazze-seridinde-yikimin-golgesinde-ramazan-hazirligi-7-i3SKOtIO.jpg\"\/><\/p>\n<p><img decoding=\"async\" src=\"https:\/\/bihavadis.com\/wp-content\/uploads\/2026\/02\/gazze-seridinde-yikimin-golgesinde-ramazan-hazirligi-8-UTbTtLTW.jpg\"\/><\/p>\n<p><img decoding=\"async\" src=\"https:\/\/bihavadis.com\/wp-content\/uploads\/2026\/02\/gazze-seridinde-yikimin-golgesinde-ramazan-hazirligi-9-4VMYpE1t.jpg\"\/><\/p>\n<p><img decoding=\"async\" src=\"https:\/\/bihavadis.com\/wp-content\/uploads\/2026\/02\/gazze-seridinde-yikimin-golgesinde-ramazan-hazirligi-10-4qmUDghp.jpg\"\/><\/p>\n<p><img decoding=\"async\" src=\"https:\/\/bihavadis.com\/wp-content\/uploads\/2026\/02\/gazze-seridinde-yikimin-golgesinde-ramazan-hazirligi-11-H4fhvHnS.jpg\"\/><\/p>\n<p><img decoding=\"async\" src=\"https:\/\/bihavadis.com\/wp-content\/uploads\/2026\/02\/gazze-seridinde-yikimin-golgesinde-ramazan-hazirligi-12-UOzNApNH.jpg\"\/><\/p>\n<p><img decoding=\"async\" src=\"https:\/\/bihavadis.com\/wp-content\/uploads\/2026\/02\/gazze-seridinde-yikimin-golgesinde-ramazan-hazirligi-13-P7xcJPNA.jpg\"\/><\/p>\n<p><img decoding=\"async\" src=\"https:\/\/bihavadis.com\/wp-content\/uploads\/2026\/02\/gazze-seridinde-yikimin-golgesinde-ramazan-hazirligi-14-KV3LWuSs.jpg\"\/><\/p>\n<p><img decoding=\"async\" src=\"https:\/\/bihavadis.com\/wp-content\/uploads\/2026\/02\/gazze-seridinde-yikimin-golgesinde-ramazan-hazirligi-15-PyzQRnAd.jpg\"\/><\/p>\n<p><img decoding=\"async\" src=\"https:\/\/bihavadis.com\/wp-content\/uploads\/2026\/02\/gazze-seridinde-yikimin-golgesinde-ramazan-hazirligi-16-TD5JsPcO.jpg\"\/><\/p>\n<p><img decoding=\"async\" src=\"https:\/\/bihavadis.com\/wp-content\/uploads\/2026\/02\/gazze-seridinde-yikimin-golgesinde-ramazan-hazirligi-17-inNhJ4uC.jpg\"\/><\/p>\n","protected":false},"excerpt":{"rendered":"<p>Han Yunus kentinde ya\u015fayan Filistinliler, zorlu ya\u015fam ko\u015fullar\u0131 ve y\u0131k\u0131m\u0131n etkisine ra\u011fmen Ramazan ay\u0131n\u0131 kar\u015f\u0131lamak i\u00e7in haz\u0131rl\u0131klar\u0131n\u0131 s\u00fcrd\u00fcr\u00fcyor.<\/p>\n","protected":false},"author":1,"featured_media":46273,"comment_status":"open","ping_status":"open","sticky":false,"template":"","format":"standard","meta":{"footnotes":""},"categories":[6],"tags":[1304,1134,5693,2714,6146],"class_list":["post-46272","post","type-post","status-publish","format-standard","has-post-thumbnail","hentry","category-dunya","tag-filistinli","tag-ihtiyac","tag-pazari","tag-ramazan","tag-yerinden"],"_links":{"self":[{"href":"https:\/\/bihavadis.com\/index.php\/wp-json\/wp\/v2\/posts\/46272","targetHints":{"allow":["GET"]}}],"collection":[{"href":"https:\/\/bihavadis.com\/index.php\/wp-json\/wp\/v2\/posts"}],"about":[{"href":"https:\/\/bihavadis.com\/index.php\/wp-json\/wp\/v2\/types\/post"}],"author":[{"embeddable":true,"href":"https:\/\/bihavadis.com\/index.php\/wp-json\/wp\/v2\/users\/1"}],"replies":[{"embeddable":true,"href":"https:\/\/bihavadis.com\/index.php\/wp-json\/wp\/v2\/comments?post=46272"}],"version-history":[{"count":1,"href":"https:\/\/bihavadis.com\/index.php\/wp-json\/wp\/v2\/posts\/46272\/revisions"}],"predecessor-version":[{"id":46292,"href":"https:\/\/bihavadis.com\/index.php\/wp-json\/wp\/v2\/posts\/46272\/revisions\/46292"}],"wp:featuredmedia":[{"embeddable":true,"href":"https:\/\/bihavadis.com\/index.php\/wp-json\/wp\/v2\/media\/46273"}],"wp:attachment":[{"href":"https:\/\/bihavadis.com\/index.php\/wp-json\/wp\/v2\/media?parent=46272"}],"wp:term":[{"taxonomy":"category","embeddable":true,"href":"https:\/\/bihavadis.com\/index.php\/wp-json\/wp\/v2\/categories?post=46272"},{"taxonomy":"post_tag","embeddable":true,"href":"https:\/\/bihavadis.com\/index.php\/wp-json\/wp\/v2\/tags?post=46272"}],"curies":[{"name":"wp","href":"https:\/\/api.w.org\/{rel}","templated":true}]}}