{"id":46300,"date":"2026-02-25T01:54:06","date_gmt":"2026-02-25T01:54:06","guid":{"rendered":"https:\/\/bihavadis.com\/?p=46300"},"modified":"2026-02-25T01:54:06","modified_gmt":"2026-02-25T01:54:06","slug":"duzcede-2026-il-koordinasyon-toplantisi","status":"publish","type":"post","link":"https:\/\/bihavadis.com\/index.php\/2026\/02\/25\/duzcede-2026-il-koordinasyon-toplantisi\/","title":{"rendered":"D\u00fczce&#8217;de 2026 \u0130l Koordinasyon Toplant\u0131s\u0131"},"content":{"rendered":"<p>D\u00dcZCE (\u0130HA) \u2013 D\u00fczce&#8217;de 2026 y\u0131l\u0131 1. d\u00f6nem \u0130l Koordinasyon Kurulu Toplant\u0131s\u0131 Vali Mehmet Makas ba\u015fkanl\u0131\u011f\u0131nda ger\u00e7ekle\u015ftirildi.<\/p>\n<p>Ak\u00e7akoca Gazi Konferans Salonu&#8217;nda ki toplant\u0131ya, \u0130l Genel Meclis Ba\u015fkan\u0131 Fazl\u0131 Ko\u00e7 ba\u015fta olmak \u00fczere kamu kurum ve kurulu\u015flar\u0131n\u0131n y\u00f6neticileri ile ilgili kurum yetkilileri kat\u0131l\u0131m sa\u011flad\u0131. \u0130l genelinde y\u00fcr\u00fct\u00fclen kamu yat\u0131r\u0131mlar\u0131 ve projelerin mevcut durumu ele al\u0131narak, 2026 y\u0131l\u0131n\u0131n ilk d\u00f6nemine ili\u015fkin \u00e7al\u0131\u015fmalar de\u011ferlendirildi.<\/p>\n<p>Vali Mehmet Makas, yapt\u0131\u011f\u0131 konu\u015fmada kurumlar aras\u0131 koordinasyonun \u00f6nemine vurgu yaparak, yat\u0131r\u0131mlar\u0131n planlanan s\u00fcreler i\u00e7erisinde ve etkin \u015fekilde tamamlanmas\u0131n\u0131n vatanda\u015flara sunulan hizmetlerin kalitesini art\u0131raca\u011f\u0131n\u0131 ifade etti. Toplant\u0131da devam eden ve planlanan projeler, kar\u015f\u0131la\u015f\u0131lan sorunlar, \u00e7\u00f6z\u00fcm \u00f6nerileri ve \u00f6n\u00fcm\u00fczdeki s\u00fcre\u00e7te izlenecek yol haritas\u0131 hakk\u0131nda kurumlar taraf\u0131ndan bilgilendirme sunumlar\u0131 yap\u0131ld\u0131. Kurumlar aras\u0131 i\u015f birli\u011finin g\u00fc\u00e7lendirilmesine y\u00f6nelik de\u011ferlendirmelerin ard\u0131ndan toplant\u0131, g\u00f6r\u00fc\u015f ve \u00f6nerilerin al\u0131nmas\u0131yla sona erdi. &#8211; D\u00dcZCE<\/p>\n","protected":false},"excerpt":{"rendered":"<p>Vali Makas ba\u015fkanl\u0131\u011f\u0131nda yap\u0131lan toplant\u0131da kamu yat\u0131r\u0131mlar\u0131 ve projeler de\u011ferlendirildi.<\/p>\n","protected":false},"author":1,"featured_media":46301,"comment_status":"open","ping_status":"open","sticky":false,"template":"","format":"standard","meta":{"footnotes":""},"categories":[12],"tags":[1570],"class_list":["post-46300","post","type-post","status-publish","format-standard","has-post-thumbnail","hentry","category-siyaset","tag-kurum"],"_links":{"self":[{"href":"https:\/\/bihavadis.com\/index.php\/wp-json\/wp\/v2\/posts\/46300","targetHints":{"allow":["GET"]}}],"collection":[{"href":"https:\/\/bihavadis.com\/index.php\/wp-json\/wp\/v2\/posts"}],"about":[{"href":"https:\/\/bihavadis.com\/index.php\/wp-json\/wp\/v2\/types\/post"}],"author":[{"embeddable":true,"href":"https:\/\/bihavadis.com\/index.php\/wp-json\/wp\/v2\/users\/1"}],"replies":[{"embeddable":true,"href":"https:\/\/bihavadis.com\/index.php\/wp-json\/wp\/v2\/comments?post=46300"}],"version-history":[{"count":1,"href":"https:\/\/bihavadis.com\/index.php\/wp-json\/wp\/v2\/posts\/46300\/revisions"}],"predecessor-version":[{"id":46302,"href":"https:\/\/bihavadis.com\/index.php\/wp-json\/wp\/v2\/posts\/46300\/revisions\/46302"}],"wp:featuredmedia":[{"embeddable":true,"href":"https:\/\/bihavadis.com\/index.php\/wp-json\/wp\/v2\/media\/46301"}],"wp:attachment":[{"href":"https:\/\/bihavadis.com\/index.php\/wp-json\/wp\/v2\/media?parent=46300"}],"wp:term":[{"taxonomy":"category","embeddable":true,"href":"https:\/\/bihavadis.com\/index.php\/wp-json\/wp\/v2\/categories?post=46300"},{"taxonomy":"post_tag","embeddable":true,"href":"https:\/\/bihavadis.com\/index.php\/wp-json\/wp\/v2\/tags?post=46300"}],"curies":[{"name":"wp","href":"https:\/\/api.w.org\/{rel}","templated":true}]}}