{"id":46307,"date":"2026-02-25T02:00:07","date_gmt":"2026-02-25T02:00:07","guid":{"rendered":"https:\/\/bihavadis.com\/?p=46307"},"modified":"2026-02-25T02:00:07","modified_gmt":"2026-02-25T02:00:07","slug":"baskan-sadikoglu-malatya-icin-pozitif-ayrimcilik-talep-etti","status":"publish","type":"post","link":"https:\/\/bihavadis.com\/index.php\/2026\/02\/25\/baskan-sadikoglu-malatya-icin-pozitif-ayrimcilik-talep-etti\/","title":{"rendered":"Ba\u015fkan Sad\u0131ko\u011flu, Malatya i\u00e7in pozitif ayr\u0131mc\u0131l\u0131k talep etti"},"content":{"rendered":"<p>Cumhurba\u015fkan\u0131 Recep Tayyip Erdo\u011fan taraf\u0131ndan a\u00e7\u0131klanan ve t\u00fcm imalat sanayi i\u015fletmelerine a\u00e7\u0131k olan 100 milyar TL b\u00fcy\u00fckl\u00fc\u011f\u00fcndeki finansman paketine ili\u015fkin de\u011ferlendirmelerde bulunan Malatya Ticaret ve Sanayi Odas\u0131 (MTSO) Y\u00f6netim Kurulu Ba\u015fkan\u0131 O\u011fuzhan Ata Sad\u0131ko\u011flu, finansmana eri\u015fimin zorla\u015ft\u0131\u011f\u0131 bir d\u00f6nemde a\u00e7\u0131klanan kredi paketin kritik bir destek oldu\u011funu vurgulayarak deprem ya\u015fam\u0131\u015f ve toparlanma s\u00fcrecinde olan iller i\u00e7in pozitif ayr\u0131mc\u0131l\u0131k talep etti.<\/p>\n<p>B\u00fcy\u00fck depremler ya\u015fam\u0131\u015f ve aya\u011fa kalkma m\u00fccadelesi veren Malatya&#8217;n\u0131n finans deste\u011fine ihtiyac\u0131 oldu\u011funu her daim dile getiren Ba\u015fkan Sad\u0131ko\u011flu, Cumhurba\u015fkan\u0131 Recep Tayyip Erdo\u011fan taraf\u0131ndan a\u00e7\u0131klanan ve t\u00fcm imalat sanayi i\u015fletmelerine a\u00e7\u0131k olan 100 milyar TL b\u00fcy\u00fckl\u00fc\u011f\u00fcndeki finansman paketinin \u00f6nemli bir can suyu olaca\u011f\u0131n\u0131 i\u015faret etti.<\/p>\n<p>&#8220;Nefes alan\u0131 olu\u015fturacak&#8221;<\/p>\n<p>6 ay anapara \u00f6demesiz ve 36 aya kadar vadeli, piyasa \u015fartlar\u0131n\u0131n alt\u0131nda sunulacak kredi paketinden deprem illeri i\u00e7in pozitif ayr\u0131mc\u0131l\u0131k beklediklerini belirten Ba\u015fkan Sad\u0131ko\u011flu, &#8220;Bu destek, \u00fcretimin s\u00fcrd\u00fcr\u00fclebilirli\u011fi, ticaretimizin ve ihracat\u0131m\u0131z\u0131n devam\u0131, istihdam\u0131n korunmas\u0131 ve sanayi i\u015fletmelerimizin rekabet g\u00fcc\u00fc a\u00e7\u0131s\u0131ndan \u00f6nemli bir ad\u0131m olmu\u015ftur. 6 ay anapara \u00f6demesiz ve 36 aya kadar vadeli, piyasa \u015fartlar\u0131n\u0131n alt\u0131nda sunulacak bu kredi imkan\u0131, finansmana eri\u015fimin zorla\u015ft\u0131\u011f\u0131 bir d\u00f6nemde depremzede firmalar\u0131m\u0131z ciddi bir nefes alan\u0131 olu\u015fturacakt\u0131r. Paketin istihdam yo\u011funlu\u011fu esas al\u0131narak i\u015fletme ba\u015f\u0131na 50 milyon liraya kadar kredi imkan\u0131 sunmas\u0131 ve istihdam\u0131n\u0131 koruyan KOB\u0130&#8217;lerimize KOSGEB arac\u0131l\u0131\u011f\u0131yla 10 puan indirim imkan\u0131 sa\u011flamas\u0131, paketin \u00fcretim ile birlikte istihdam\u0131 da \u00f6nceleyen yakla\u015f\u0131m\u0131n\u0131n bir g\u00f6stergesidir. Bu \u00f6nemli destek i\u00e7in Cumhurba\u015fkan\u0131m\u0131z Say\u0131n Recep Tayyip Erdo\u011fan&#8217;a te\u015fekk\u00fcr ediyor, deprem ya\u015fam\u0131\u015f ve toparlanma s\u00fcrecinde olan illerimiz i\u00e7in \u00f6zel bir yakla\u015f\u0131m talep etti\u011fimizi de belirtmek istiyorum. Ayr\u0131ca talebimizi de resmi yaz\u0131yla Cumhurba\u015fkanl\u0131\u011f\u0131na ilettik&#8221; diye konu\u015ftu. &#8211; MALATYA<\/p>\n","protected":false},"excerpt":{"rendered":"<p>Cumhurba\u015fkan\u0131 Recep Tayyip Erdo\u011fan taraf\u0131ndan a\u00e7\u0131klanan ve t\u00fcm imalat sanayi i\u015fletmelerine a\u00e7\u0131k olan 100 milyar TL b\u00fcy\u00fckl\u00fc\u011f\u00fcndeki finansman paketine ili\u015fkin de\u011ferlendirmelerde bulunan Malatya Ticaret ve Sanayi Odas\u0131 (MTSO) Y\u00f6netim Kurulu Ba\u015fkan\u0131 O\u011fuzhan Ata Sad\u0131ko\u011flu, finansmana eri\u015fimin&#8230;<\/p>\n","protected":false},"author":1,"featured_media":46308,"comment_status":"open","ping_status":"open","sticky":false,"template":"","format":"standard","meta":{"footnotes":""},"categories":[12],"tags":[60,1882,6147],"class_list":["post-46307","post","type-post","status-publish","format-standard","has-post-thumbnail","hentry","category-siyaset","tag-deprem","tag-finans","tag-paketin"],"_links":{"self":[{"href":"https:\/\/bihavadis.com\/index.php\/wp-json\/wp\/v2\/posts\/46307","targetHints":{"allow":["GET"]}}],"collection":[{"href":"https:\/\/bihavadis.com\/index.php\/wp-json\/wp\/v2\/posts"}],"about":[{"href":"https:\/\/bihavadis.com\/index.php\/wp-json\/wp\/v2\/types\/post"}],"author":[{"embeddable":true,"href":"https:\/\/bihavadis.com\/index.php\/wp-json\/wp\/v2\/users\/1"}],"replies":[{"embeddable":true,"href":"https:\/\/bihavadis.com\/index.php\/wp-json\/wp\/v2\/comments?post=46307"}],"version-history":[{"count":1,"href":"https:\/\/bihavadis.com\/index.php\/wp-json\/wp\/v2\/posts\/46307\/revisions"}],"predecessor-version":[{"id":46309,"href":"https:\/\/bihavadis.com\/index.php\/wp-json\/wp\/v2\/posts\/46307\/revisions\/46309"}],"wp:featuredmedia":[{"embeddable":true,"href":"https:\/\/bihavadis.com\/index.php\/wp-json\/wp\/v2\/media\/46308"}],"wp:attachment":[{"href":"https:\/\/bihavadis.com\/index.php\/wp-json\/wp\/v2\/media?parent=46307"}],"wp:term":[{"taxonomy":"category","embeddable":true,"href":"https:\/\/bihavadis.com\/index.php\/wp-json\/wp\/v2\/categories?post=46307"},{"taxonomy":"post_tag","embeddable":true,"href":"https:\/\/bihavadis.com\/index.php\/wp-json\/wp\/v2\/tags?post=46307"}],"curies":[{"name":"wp","href":"https:\/\/api.w.org\/{rel}","templated":true}]}}