{"id":46310,"date":"2026-02-25T02:03:03","date_gmt":"2026-02-25T02:03:03","guid":{"rendered":"https:\/\/bihavadis.com\/?p=46310"},"modified":"2026-02-25T02:03:03","modified_gmt":"2026-02-25T02:03:03","slug":"canik-belediyesinden-tum-ailelere-iftar-yemegi-destegi","status":"publish","type":"post","link":"https:\/\/bihavadis.com\/index.php\/2026\/02\/25\/canik-belediyesinden-tum-ailelere-iftar-yemegi-destegi\/","title":{"rendered":"Canik Belediyesi&#8217;nden T\u00fcm Ailelere \u0130ftar Yeme\u011fi Deste\u011fi"},"content":{"rendered":"<p><span><span><span><b><span><span>Canik Belediye Ba\u015fkan\u0131 \u0130brahim Sand\u0131k\u00e7\u0131, ihtiya\u00e7 sahibi ve dar gelirli aileler ile ya\u015fl\u0131 ve \u00f6zel gereksinimli vatanda\u015flara iftar yeme\u011fi deste\u011fi sa\u011flad\u0131klar\u0131n\u0131, ayr\u0131ca talepte bulunan t\u00fcm vatanda\u015flara iftar yeme\u011fi ula\u015ft\u0131rd\u0131klar\u0131n\u0131 s\u00f6yledi. <\/span><\/span><\/b><\/span><\/span><\/span><\/p>\n<p><span><span><span><span><span>Canik Belediye Ba\u015fkan\u0131 \u0130brahim Sand\u0131k\u00e7\u0131, il\u00e7ede sosyal destek \u00e7al\u0131\u015fmalar\u0131n\u0131 b\u00fcy\u00fck bir hassasiyetle s\u00fcrd\u00fcrd\u00fcklerini ifade etti. Ramazan ay\u0131nda tenceresi kaynamayan tek bir ev kalmas\u0131n diyerek \u00e7al\u0131\u015fmaya ve g\u00f6n\u00fcllere ula\u015fmaya devam ettiklerini belirten Ba\u015fkan \u0130brahim Sand\u0131k\u00e7\u0131, il\u00e7edeki ihtiya\u00e7 sahibi ve dar gelirli ailelerle tedavi s\u00fcreci devam eden hasta, ya\u015fl\u0131 ve \u00f6zel gereksinimli vatanda\u015flara y\u00f6nelik iftar yeme\u011fi deste\u011fi sa\u011flamay\u0131 s\u00fcrd\u00fcrd\u00fcklerini belirtti. Ramazan ay\u0131na y\u00f6nelik ayni ve nakdi desteklere kesintisiz bir \u015fekilde devam ettiklerini dile getiren Ba\u015fkan \u0130brahim Sand\u0131k\u00e7\u0131, ayr\u0131ca talepte bulunan t\u00fcm ailelere iftar yeme\u011fi deste\u011fi sa\u011flad\u0131klar\u0131n\u0131 vurgulad\u0131. \u0130l\u00e7ede g\u00f6n\u00fcllere ula\u015fmaya devam ettiklerini s\u00f6yleyen Ba\u015fkan \u0130brahim Sand\u0131k\u00e7\u0131, \u201cCanik\u2019imizde t\u00fcm ailelerimize iftar yeme\u011fi deste\u011fi sa\u011fl\u0131yoruz\u201d dedi. <\/span><\/span><\/span><\/span><\/span><\/p>\n<p><span><span><span><b><span><span>Destekler S\u00fcr\u00fcyor <\/span><\/span><\/b><\/span><\/span><\/span><\/p>\n<p><span><span><span><span><span>Canik\u2019te g\u00f6n\u00fcllere dokunmay\u0131 s\u00fcrd\u00fcrd\u00fcklerini ifade eden Ba\u015fkan \u0130brahim Sand\u0131k\u00e7\u0131, Ramazan ay\u0131na y\u00f6nelik sosyal destek \u00e7al\u0131\u015fmalar\u0131na devam ettiklerini belirterek, \u201cCanik\u2019imizde kap\u0131 kap\u0131, sokak sokak g\u00f6n\u00fcllere ula\u015fmaya devam ediyoruz. Ramazan ay\u0131na y\u00f6nelik sosyal destek \u00e7al\u0131\u015fmalar\u0131m\u0131z\u0131 hassasiyetle ve gayretle s\u00fcrd\u00fcr\u00fcyoruz. Ramazan ay\u0131nda kaynamayan tek bir tencere kalmas\u0131n diyerek ekiplerimizle birlikte seferberlik halinde \u00e7al\u0131\u015f\u0131yor, iftar yeme\u011fi deste\u011fimizi s\u00fcrd\u00fcr\u00fcyoruz. \u00d6zenle haz\u0131rlad\u0131\u011f\u0131m\u0131z iftar yemeklerini il\u00e7emizdeki ihtiya\u00e7 sahibi ve dar gelirli ailelerimize, ya\u015fl\u0131, tedavi s\u00fcreci devam eden ve \u00f6zel gereksinimli vatanda\u015flar\u0131m\u0131za ula\u015ft\u0131r\u0131yoruz. \u0130htiya\u00e7 sahibi ailelerimizin yan\u0131 s\u0131ra bizlerden talepte bulunan t\u00fcm ailelerimize iftar yeme\u011fi deste\u011fi sa\u011fl\u0131yoruz. Her zaman oldu\u011fu gibi, g\u00f6n\u00fcl belediyecili\u011fi anlay\u0131\u015f\u0131yla hareket ediyor, g\u00f6n\u00fcllere dokunuyor, Ramazan\u2019\u0131n bereketini payla\u015fmay\u0131 s\u00fcrd\u00fcr\u00fcyoruz\u201d diye konu\u015ftu. <\/span><\/span><\/span><\/span><\/span><\/p>\n<p><span><span><span><span><span>Canik Belediyesi\u2019nin iftar yeme\u011fi deste\u011fi hakk\u0131nda detayl\u0131 bilgiye, 444 55 90 numaral\u0131 Canik Belediyesi \u00c7\u00f6z\u00fcm Merkezi \u00fczerinden ula\u015f\u0131labiliyor. <\/span><\/span><\/span><\/span><\/span><\/p>\n<p>\u00a0<\/p>\n<p>Kaynak: (BYZHA) Beyaz Haber Ajans\u0131<\/p>\n","protected":false},"excerpt":{"rendered":"<p>Canik Belediye Ba\u015fkan\u0131 \u0130brahim Sand\u0131k\u00e7\u0131, ihtiya\u00e7 sahibi ve dar gelirli aileler ile ya\u015fl\u0131 ve \u00f6zel gereksinimli vatanda\u015flara iftar yeme\u011fi deste\u011fi sa\u011flad\u0131klar\u0131n\u0131, ayr\u0131ca talepte bulunan t\u00fcm vatanda\u015flara iftar yeme\u011fi ula\u015ft\u0131rd\u0131klar\u0131n\u0131 s\u00f6yledi.<\/p>\n","protected":false},"author":1,"featured_media":46311,"comment_status":"open","ping_status":"open","sticky":false,"template":"","format":"standard","meta":{"footnotes":""},"categories":[4],"tags":[4385,516,2162,1005,2714],"class_list":["post-46310","post","type-post","status-publish","format-standard","has-post-thumbnail","hentry","category-gundem","tag-aileler","tag-baskan","tag-canik","tag-ibrahim-sandikci","tag-ramazan"],"_links":{"self":[{"href":"https:\/\/bihavadis.com\/index.php\/wp-json\/wp\/v2\/posts\/46310","targetHints":{"allow":["GET"]}}],"collection":[{"href":"https:\/\/bihavadis.com\/index.php\/wp-json\/wp\/v2\/posts"}],"about":[{"href":"https:\/\/bihavadis.com\/index.php\/wp-json\/wp\/v2\/types\/post"}],"author":[{"embeddable":true,"href":"https:\/\/bihavadis.com\/index.php\/wp-json\/wp\/v2\/users\/1"}],"replies":[{"embeddable":true,"href":"https:\/\/bihavadis.com\/index.php\/wp-json\/wp\/v2\/comments?post=46310"}],"version-history":[{"count":1,"href":"https:\/\/bihavadis.com\/index.php\/wp-json\/wp\/v2\/posts\/46310\/revisions"}],"predecessor-version":[{"id":46312,"href":"https:\/\/bihavadis.com\/index.php\/wp-json\/wp\/v2\/posts\/46310\/revisions\/46312"}],"wp:featuredmedia":[{"embeddable":true,"href":"https:\/\/bihavadis.com\/index.php\/wp-json\/wp\/v2\/media\/46311"}],"wp:attachment":[{"href":"https:\/\/bihavadis.com\/index.php\/wp-json\/wp\/v2\/media?parent=46310"}],"wp:term":[{"taxonomy":"category","embeddable":true,"href":"https:\/\/bihavadis.com\/index.php\/wp-json\/wp\/v2\/categories?post=46310"},{"taxonomy":"post_tag","embeddable":true,"href":"https:\/\/bihavadis.com\/index.php\/wp-json\/wp\/v2\/tags?post=46310"}],"curies":[{"name":"wp","href":"https:\/\/api.w.org\/{rel}","templated":true}]}}