{"id":46313,"date":"2026-02-25T02:06:07","date_gmt":"2026-02-25T02:06:07","guid":{"rendered":"https:\/\/bihavadis.com\/?p=46313"},"modified":"2026-02-25T02:06:07","modified_gmt":"2026-02-25T02:06:07","slug":"adiyamanda-sokak-ortasinda-bicaklanan-sahis-agir-yaralandi","status":"publish","type":"post","link":"https:\/\/bihavadis.com\/index.php\/2026\/02\/25\/adiyamanda-sokak-ortasinda-bicaklanan-sahis-agir-yaralandi\/","title":{"rendered":"Ad\u0131yaman&#8217;da sokak ortas\u0131nda b\u0131\u00e7aklanan \u015fah\u0131s a\u011f\u0131r yaraland\u0131"},"content":{"rendered":"<p>Ad\u0131yaman merkez Bah\u00e7elievler Mahallesi&#8217;nde G.E., hen\u00fcz belirlenemeyen nedenden dolay\u0131 kimli\u011fi belirsiz \u015fah\u0131s ya da \u015fah\u0131slar\u0131n b\u0131\u00e7akl\u0131 sald\u0131r\u0131s\u0131na u\u011frad\u0131.<\/p>\n<p>Baca\u011f\u0131ndan yaralanan ve a\u015f\u0131r\u0131 derecede kan kaybeden 38 ya\u015f\u0131ndaki G.E&#8217;yi fark eden vatanda\u015flar durumu 112 Acil \u00c7a\u011fr\u0131 Merkezi&#8217;ne bildirdi.<\/p>\n<p>B\u00f6lgeye gelen sa\u011fl\u0131k ekiplerince ilk m\u00fcdahalesi yap\u0131lan G.E., Ad\u0131yaman E\u011fitim ve Ara\u015ft\u0131rma Hastanesi&#8217;ne kald\u0131r\u0131ld\u0131.<\/p>\n<p><strong>DURUMU A\u011eIR<\/strong><\/p>\n<p>Hastanede tedavi alt\u0131na al\u0131nan G.E&#8217;nin sa\u011fl\u0131k durumunun ciddiyetini korudu\u011fu \u00f6\u011frenildi.<\/p>\n<p>Polis ekipleri olay\u0131 ger\u00e7ekle\u015ftiren \u015fah\u0131s ya da \u015fah\u0131slar\u0131n yakalanmas\u0131 i\u00e7in ise \u00e7al\u0131\u015fma ba\u015flatt\u0131.<\/p>\n<p>Konuyla ilgili soru\u015fturma s\u00fcr\u00fcyor.<\/p>\n<p><img decoding=\"async\" src=\"https:\/\/bihavadis.com\/wp-content\/uploads\/2026\/02\/adiyamanda-sokak-ortasinda-bicaklanan-sahis-agir-yaralandi-0-1IyIXLsq.jpg\"\/><\/p>\n","protected":false},"excerpt":{"rendered":"<p>Ad\u0131yaman&#8217;da sokak ortas\u0131nda b\u0131\u00e7akl\u0131 sald\u0131r\u0131ya u\u011frayan \u015fah\u0131s, a\u011f\u0131r yaral\u0131 halde hastaneye kald\u0131r\u0131ld\u0131.<\/p>\n","protected":false},"author":1,"featured_media":46314,"comment_status":"open","ping_status":"open","sticky":false,"template":"","format":"standard","meta":{"footnotes":""},"categories":[4,13],"tags":[],"class_list":["post-46313","post","type-post","status-publish","format-standard","has-post-thumbnail","hentry","category-gundem","category-son-dakika"],"_links":{"self":[{"href":"https:\/\/bihavadis.com\/index.php\/wp-json\/wp\/v2\/posts\/46313","targetHints":{"allow":["GET"]}}],"collection":[{"href":"https:\/\/bihavadis.com\/index.php\/wp-json\/wp\/v2\/posts"}],"about":[{"href":"https:\/\/bihavadis.com\/index.php\/wp-json\/wp\/v2\/types\/post"}],"author":[{"embeddable":true,"href":"https:\/\/bihavadis.com\/index.php\/wp-json\/wp\/v2\/users\/1"}],"replies":[{"embeddable":true,"href":"https:\/\/bihavadis.com\/index.php\/wp-json\/wp\/v2\/comments?post=46313"}],"version-history":[{"count":1,"href":"https:\/\/bihavadis.com\/index.php\/wp-json\/wp\/v2\/posts\/46313\/revisions"}],"predecessor-version":[{"id":46316,"href":"https:\/\/bihavadis.com\/index.php\/wp-json\/wp\/v2\/posts\/46313\/revisions\/46316"}],"wp:featuredmedia":[{"embeddable":true,"href":"https:\/\/bihavadis.com\/index.php\/wp-json\/wp\/v2\/media\/46314"}],"wp:attachment":[{"href":"https:\/\/bihavadis.com\/index.php\/wp-json\/wp\/v2\/media?parent=46313"}],"wp:term":[{"taxonomy":"category","embeddable":true,"href":"https:\/\/bihavadis.com\/index.php\/wp-json\/wp\/v2\/categories?post=46313"},{"taxonomy":"post_tag","embeddable":true,"href":"https:\/\/bihavadis.com\/index.php\/wp-json\/wp\/v2\/tags?post=46313"}],"curies":[{"name":"wp","href":"https:\/\/api.w.org\/{rel}","templated":true}]}}