{"id":46437,"date":"2026-02-25T03:45:06","date_gmt":"2026-02-25T03:45:06","guid":{"rendered":"https:\/\/bihavadis.com\/?p=46437"},"modified":"2026-02-25T03:45:06","modified_gmt":"2026-02-25T03:45:06","slug":"munihte-yolunu-kesen-muhalif-gazeteciye-mihriban-aliyevanin-cevabi","status":"publish","type":"post","link":"https:\/\/bihavadis.com\/index.php\/2026\/02\/25\/munihte-yolunu-kesen-muhalif-gazeteciye-mihriban-aliyevanin-cevabi\/","title":{"rendered":"M\u00fcnih&#8217;te yolunu kesen muhalif gazeteciye Mihriban Aliyeva&#8217;n\u0131n cevab\u0131"},"content":{"rendered":"<p>Ge\u00e7ti\u011fimiz hafta g\u00f6zler, Almanya&#8217;daki M\u00fcnih G\u00fcvenlik Konferans\u0131&#8217;ndayd\u0131.<\/p>\n<p>Liderler ve \u00f6nemli politik fig\u00fcrlerin kat\u0131ld\u0131\u011f\u0131 konferansta bir\u00e7ok konuda oturum ger\u00e7ekle\u015fti.<\/p>\n<p>\u0130kili g\u00f6r\u00fc\u015fmeler ve s\u00f6yle\u015filerin dikkatle takip edildi\u011fi konferansa\u00a0Azerbaycan Cumhurba\u015fkan\u0131 \u0130lham Aliyev ve e\u015fi\u00a0First Lady Mihriban Aliyeva da kat\u0131ld\u0131.<\/p>\n<p>Cumhurba\u015fkan\u0131 Aliyev resmi temaslar\u0131n\u0131 s\u00fcrd\u00fcr\u00fcrken Aliyeva da kendi program\u0131na ba\u011fl\u0131 kald\u0131.<\/p>\n<p>Bir bulu\u015fmas\u0131 i\u00e7in otelden korumalar\u0131 ile \u00e7\u0131k\u0131\u015f yapan Aliyeva, beklemedi\u011fi bir isimle kar\u015f\u0131la\u015ft\u0131.<\/p>\n<p><strong>&#8220;AZERBAYCAN&#8217;DA DEMOKRAS\u0130 NE DURUMDA&#8221;<\/strong><\/p>\n<p>Azerbaycan&#8217;da yapt\u0131\u011f\u0131 muhalif yay\u0131nlarla tan\u0131nan ve \u00fclkeden ka\u00e7arak ayr\u0131lan\u00a0gazeteci Emin H\u00fcseyinov, Aliyeva&#8217;n\u0131n \u00f6n\u00fcn\u00fc kesti.<\/p>\n<p>H\u00fcseyinov, Aliyeva&#8217;ya Azerbaycan&#8217;daki demokrasinin durumunu sordu.<\/p>\n<p><img decoding=\"async\" src=\"https:\/\/bihavadis.com\/wp-content\/uploads\/2026\/02\/munihte-yolunu-kesen-muhalif-gazeteciye-mihriban-aliyevanin-cevabi-0-UyIx1b5L.jpg\"\/><\/p>\n<p><strong>&#8220;KADIN KIYAFET\u0130 G\u0130YEN S\u0130Z M\u0130YD\u0130N\u0130Z?&#8221;<\/strong><\/p>\n<p>\u0130lk anda duymazdan gelen fakat sinirlendi\u011fi belli olan Aliyeva, yolundan geri d\u00f6nd\u00fc ve H\u00fcseyinov&#8217;a cevap verdi.<\/p>\n<p>H\u00fcseyinov&#8217;un \u00fclkeden ka\u00e7mak i\u00e7in neler yapt\u0131\u011f\u0131n\u0131 hat\u0131rlatan Aliyeva,\u00a0<em><b>&#8220;B\u00fcy\u00fckel\u00e7ilikte kad\u0131n k\u0131yafetleriyle saklanan ki\u015fi siz miydiniz? Sa\u011fl\u0131kl\u0131 g\u00fcnler dilerim.&#8221;<\/b><\/em> dedi.<\/p>\n<p>Bu \u00e7\u0131k\u0131\u015f kar\u015f\u0131s\u0131nda bir an afallayan H\u00fcseyinova, Aliyeva&#8217;n\u0131n iddias\u0131n\u0131 inkar etti.<\/p>\n<p><img decoding=\"async\" src=\"https:\/\/bihavadis.com\/wp-content\/uploads\/2026\/02\/munihte-yolunu-kesen-muhalif-gazeteciye-mihriban-aliyevanin-cevabi-1-9ROAxCn8.jpg\"\/><\/p>\n<p><strong>\u0130SV\u0130\u00c7RE EL\u00c7\u0130L\u0130\u011e\u0130NDE SAKLANMI\u015eTI<\/strong><\/p>\n<p>Emin H\u00fcseyin, Azerbaycan devleti \u00fclkeyi terk etmesine izin verene kadar haftalarca Bak\u00fc&#8217;deki \u0130svi\u00e7re B\u00fcy\u00fckel\u00e7ili\u011fi&#8217;nde saklanm\u0131\u015ft\u0131 ve \u00fclkede g\u00fcndem olmu\u015ftu.<\/p>\n","protected":false},"excerpt":{"rendered":"<p>M\u00fcnih G\u00fcvenlik Konferans\u0131 kapsam\u0131nda bulundu\u011fu \u015fehirde yolunu keserek Azerbaycan&#8217;daki demokrasinin durumunu soran muhalif gazeteciye, \u00fclkeden ka\u00e7mak i\u00e7in \u0130svi\u00e7re el\u00e7ili\u011finde kad\u0131n elbisesi giydi\u011fini hat\u0131rlatan Mihriban Aliyeva&#8217;n\u0131n cevab\u0131 g\u00fcndem oldu.<\/p>\n","protected":false},"author":1,"featured_media":46438,"comment_status":"open","ping_status":"open","sticky":false,"template":"","format":"standard","meta":{"footnotes":""},"categories":[6],"tags":[3721,1749],"class_list":["post-46437","post","type-post","status-publish","format-standard","has-post-thumbnail","hentry","category-dunya","tag-aliyev","tag-azerbaycan"],"_links":{"self":[{"href":"https:\/\/bihavadis.com\/index.php\/wp-json\/wp\/v2\/posts\/46437","targetHints":{"allow":["GET"]}}],"collection":[{"href":"https:\/\/bihavadis.com\/index.php\/wp-json\/wp\/v2\/posts"}],"about":[{"href":"https:\/\/bihavadis.com\/index.php\/wp-json\/wp\/v2\/types\/post"}],"author":[{"embeddable":true,"href":"https:\/\/bihavadis.com\/index.php\/wp-json\/wp\/v2\/users\/1"}],"replies":[{"embeddable":true,"href":"https:\/\/bihavadis.com\/index.php\/wp-json\/wp\/v2\/comments?post=46437"}],"version-history":[{"count":1,"href":"https:\/\/bihavadis.com\/index.php\/wp-json\/wp\/v2\/posts\/46437\/revisions"}],"predecessor-version":[{"id":46441,"href":"https:\/\/bihavadis.com\/index.php\/wp-json\/wp\/v2\/posts\/46437\/revisions\/46441"}],"wp:featuredmedia":[{"embeddable":true,"href":"https:\/\/bihavadis.com\/index.php\/wp-json\/wp\/v2\/media\/46438"}],"wp:attachment":[{"href":"https:\/\/bihavadis.com\/index.php\/wp-json\/wp\/v2\/media?parent=46437"}],"wp:term":[{"taxonomy":"category","embeddable":true,"href":"https:\/\/bihavadis.com\/index.php\/wp-json\/wp\/v2\/categories?post=46437"},{"taxonomy":"post_tag","embeddable":true,"href":"https:\/\/bihavadis.com\/index.php\/wp-json\/wp\/v2\/tags?post=46437"}],"curies":[{"name":"wp","href":"https:\/\/api.w.org\/{rel}","templated":true}]}}