{"id":46469,"date":"2026-02-25T04:12:07","date_gmt":"2026-02-25T04:12:07","guid":{"rendered":"https:\/\/bihavadis.com\/?p=46469"},"modified":"2026-02-25T04:12:07","modified_gmt":"2026-02-25T04:12:07","slug":"yaban-hayvanlari-icin-yem-birakildi","status":"publish","type":"post","link":"https:\/\/bihavadis.com\/index.php\/2026\/02\/25\/yaban-hayvanlari-icin-yem-birakildi\/","title":{"rendered":"Yaban Hayvanlar\u0131 \u0130\u00e7in Yem B\u0131rak\u0131ld\u0131"},"content":{"rendered":"<p>Sivas&#8217;\u0131n Su\u015fehri il\u00e7esinde olumsuz hava ko\u015fullar\u0131 nedeniyle yiyecek bulmakta zorlanan yaban hayvanlar\u0131 i\u00e7in do\u011faya yem b\u0131rak\u0131ld\u0131.<\/p>\n<p>Su\u015fehri Belediyesi, Su\u015fehri \u00dclk\u00fc Ocaklar\u0131 E\u011fitim ve K\u00fclt\u00fcr Vakf\u0131 \u0130l\u00e7e Ba\u015fkanl\u0131\u011f\u0131, Su\u015fehri ATV58 Ekibi ile Su\u015fehri K\u00fclt\u00fcr ve Dayan\u0131\u015fma Derne\u011fi Gen\u00e7lik Kollar\u0131&#8217;n\u0131n kat\u0131l\u0131m\u0131yla d\u00fczenlenen etkinlik, Kar\u015f\u0131yaka Tabiat Park\u0131&#8217;nda yap\u0131ld\u0131.<\/p>\n<p>Yem b\u0131rakma etkinli\u011finde konu\u015fan Su\u015fehri \u00dclk\u00fc Ocaklar\u0131 E\u011fitim ve K\u00fclt\u00fcr Vakf\u0131 \u0130l\u00e7e Ba\u015fkan\u0131 U\u011fur Akbulut, so\u011fuk hava ve kar ya\u011f\u0131\u015f\u0131n\u0131n etkisini art\u0131rd\u0131\u011f\u0131 bu g\u00fcnlerde,, do\u011fada ya\u015fam m\u00fccadelesi veren canl\u0131lar\u0131n unutulmad\u0131\u011f\u0131 s\u00f6yledi.<\/p>\n<p>B\u00f6lgede ya\u015fanan yo\u011fun k\u0131\u015f \u015fartlar\u0131ndan dolay\u0131 yaban hayvanlar\u0131n\u0131n yiyecek bulmakta zorluk \u00e7ekti\u011fini belirten Akbulut, &#8220;Bu konuda bizlere \u00f6nderlik yapan Su\u015fehri Belediye Ba\u015fkan\u0131m\u0131z Ahmet Ayhan Kayao\u011fulu&#8217;na, gurbetten il\u00e7emize gelen Su\u015fehri K\u00fclt\u00fcr ve Dayan\u0131\u015fma Derne\u011fi Gen\u00e7lik Kollar\u0131 Ba\u015fkan\u0131 Serkan Ye\u015filyurt nezdinde t\u00fcm gen\u00e7lik y\u00f6netimine te\u015fekk\u00fcr ediyorum.&#8221; dedi.<\/p>\n<p>Ye\u015filyurt ise \u0130stanbul&#8217;dan il\u00e7eye gelerek yaban hayvanlar\u0131na yiyecek katk\u0131 sunduklar\u0131n\u0131 dile getirerek, eme\u011fi ge\u00e7enlere te\u015fekk\u00fcr etti.<\/p>\n","protected":false},"excerpt":{"rendered":"<p>Su\u015fehri&#8217;nde olumsuz hava ko\u015fullar\u0131 nedeniyle yaban hayvanlar\u0131 i\u00e7in yem b\u0131rak\u0131ld\u0131.<\/p>\n","protected":false},"author":1,"featured_media":46470,"comment_status":"open","ping_status":"open","sticky":false,"template":"","format":"standard","meta":{"footnotes":""},"categories":[9,4,13],"tags":[6173],"class_list":["post-46469","post","type-post","status-publish","format-standard","has-post-thumbnail","hentry","category-genel","category-gundem","category-son-dakika","tag-susehri"],"_links":{"self":[{"href":"https:\/\/bihavadis.com\/index.php\/wp-json\/wp\/v2\/posts\/46469","targetHints":{"allow":["GET"]}}],"collection":[{"href":"https:\/\/bihavadis.com\/index.php\/wp-json\/wp\/v2\/posts"}],"about":[{"href":"https:\/\/bihavadis.com\/index.php\/wp-json\/wp\/v2\/types\/post"}],"author":[{"embeddable":true,"href":"https:\/\/bihavadis.com\/index.php\/wp-json\/wp\/v2\/users\/1"}],"replies":[{"embeddable":true,"href":"https:\/\/bihavadis.com\/index.php\/wp-json\/wp\/v2\/comments?post=46469"}],"version-history":[{"count":1,"href":"https:\/\/bihavadis.com\/index.php\/wp-json\/wp\/v2\/posts\/46469\/revisions"}],"predecessor-version":[{"id":46471,"href":"https:\/\/bihavadis.com\/index.php\/wp-json\/wp\/v2\/posts\/46469\/revisions\/46471"}],"wp:featuredmedia":[{"embeddable":true,"href":"https:\/\/bihavadis.com\/index.php\/wp-json\/wp\/v2\/media\/46470"}],"wp:attachment":[{"href":"https:\/\/bihavadis.com\/index.php\/wp-json\/wp\/v2\/media?parent=46469"}],"wp:term":[{"taxonomy":"category","embeddable":true,"href":"https:\/\/bihavadis.com\/index.php\/wp-json\/wp\/v2\/categories?post=46469"},{"taxonomy":"post_tag","embeddable":true,"href":"https:\/\/bihavadis.com\/index.php\/wp-json\/wp\/v2\/tags?post=46469"}],"curies":[{"name":"wp","href":"https:\/\/api.w.org\/{rel}","templated":true}]}}