{"id":46492,"date":"2026-02-25T04:33:04","date_gmt":"2026-02-25T04:33:04","guid":{"rendered":"https:\/\/bihavadis.com\/?p=46492"},"modified":"2026-02-25T04:33:04","modified_gmt":"2026-02-25T04:33:04","slug":"beylikduzu-belediyesi-ramazanda-ihtiyac-sahibi-ailelerin-yaninda","status":"publish","type":"post","link":"https:\/\/bihavadis.com\/index.php\/2026\/02\/25\/beylikduzu-belediyesi-ramazanda-ihtiyac-sahibi-ailelerin-yaninda\/","title":{"rendered":"Beylikd\u00fcz\u00fc Belediyesi Ramazan&#8217;da \u0130htiya\u00e7 Sahibi Ailelerin Yan\u0131nda"},"content":{"rendered":"<p><span><span><b><span>Beylikd\u00fcz\u00fc Belediyesi, Ramazan ay\u0131nda ihtiya\u00e7 sahibi ailelere y\u00f6nelik g\u0131da ve erzak deste\u011fini bu y\u0131l da aral\u0131ks\u0131z olarak s\u00fcrd\u00fcr\u00fcyor. Haz\u0131rlanan yard\u0131m kolileri, belediye ekipleri taraf\u0131ndan il\u00e7e genelinde ihtiya\u00e7 sahibi vatanda\u015flar\u0131n evlerine teslim ediliyor.<\/span><\/b><\/span><\/span><\/p>\n<p><span><span>Sosyal belediyecilik anlay\u0131\u015f\u0131 ile \u00e7al\u0131\u015fmalar\u0131na aral\u0131ks\u0131z devam eden Beylikd\u00fcz\u00fc Belediyesi, payla\u015fma ve dayan\u0131\u015fman\u0131n simgesi olan Ramazan ay\u0131nda da ihtiya\u00e7 sahibi ailelere y\u00f6nelik olarak ger\u00e7ekle\u015ftirdi\u011fi g\u0131da ve erzak deste\u011fini s\u00fcrd\u00fcr\u00fcyor. Her y\u0131l d\u00fczenli olarak haz\u0131rlanan ve temel g\u0131da \u00fcr\u00fcnlerinden olu\u015fan yard\u0131m kolileri, ekipler taraf\u0131ndan il\u00e7e genelinde ihtiya\u00e7 sahibi vatanda\u015flar\u0131n evlerine teslim ediliyor. \u00d6te yandan Ramazan ay\u0131 boyunca g\u0131da deste\u011finden yararlanmak isteyen vatanda\u015flar taleplerini belediyenin 444 09 39 numaral\u0131 \u00e7a\u011fr\u0131 merkezini arayarak veya sosyal medya hesaplar\u0131 \u00fczerinden iletebiliyor. Yap\u0131lan ba\u015fvurular\u0131n ard\u0131ndan ise tespiti yap\u0131lan ihtiya\u00e7 sahibi vatanda\u015flara g\u0131da kolileri belediye ekipleri taraf\u0131ndan ula\u015ft\u0131r\u0131l\u0131yor. Ramazan ay\u0131 boyunca devam edecek yard\u0131m kolilerinin da\u011f\u0131t\u0131m\u0131n\u0131n ilk etab\u0131 belediyenin t\u00fcm ba\u015fkan yard\u0131mc\u0131lar\u0131, birim m\u00fcd\u00fcrleri ve ekipleri taraf\u0131ndan ger\u00e7ekle\u015fti. Beylikd\u00fcz\u00fc Belediyesi Ba\u015fkan Vekili Av. \u00d6nder Serkan \u00c7ebi de, da\u011f\u0131t\u0131m \u00f6ncesinde ekip arkada\u015flar\u0131yla Beylikd\u00fcz\u00fc Afet An\u0131 Koordinasyon ve Lojistik Merkezi&#8217;nde bir araya gelerek \u00e7al\u0131\u015fmalar hakk\u0131nda bilgi ald\u0131. <\/span><\/span><\/p>\n<p><span><span><b>\u201cBu Ramazan&#8217;da da kom\u015fular\u0131m\u0131z\u0131n yan\u0131nday\u0131z\u201d<\/b><\/span><\/span><\/p>\n<p><span><span>Beylikd\u00fcz\u00fc Belediyesi olarak, her y\u0131l oldu\u011fu gibi bu Ramazan\u2019da da ihtiya\u00e7 sahibi ailelerin yan\u0131nda olduklar\u0131n\u0131 dile getiren Beylikd\u00fcz\u00fc Belediyesi Ba\u015fkan Vekili Av. \u00d6nder Serkan \u00c7ebi, \u201cRamazan&#8217;\u0131n manevi ikliminde, dayan\u0131\u015fma i\u00e7in bir araday\u0131z. Haz\u0131rlad\u0131\u011f\u0131m\u0131z g\u0131da kolileri, kom\u015fular\u0131m\u0131za uzanan bir selam ve umuttur. \u00c7al\u0131\u015fma arkada\u015flar\u0131m\u0131z bug\u00fcn yola \u00e7\u0131k\u0131p kom\u015fular\u0131m\u0131za selam\u0131m\u0131z\u0131 g\u00f6t\u00fcrecek. Bu dayan\u0131\u015fmay\u0131 her y\u0131l Ba\u015fkan\u0131m\u0131z Say\u0131n Mehmet Murat \u00c7al\u0131k&#8217;\u0131n \u00f6nc\u00fcl\u00fc\u011f\u00fcnde ya\u015fat\u0131yorduk. Kendisi \u015fu an haks\u0131z yere tutuklu bulunuyor ama onun enerjisi y\u00fcre\u011fimizde. Zor g\u00fcnler birlikte a\u015f\u0131l\u0131r. Biz bu Ramazan&#8217;da da kom\u015fular\u0131m\u0131z\u0131n yan\u0131nday\u0131z. Ramazan&#8217;\u0131n hepimize sa\u011fl\u0131k, huzur ve bereket getirmesini diliyorum. Hay\u0131rl\u0131 Ramazanlar\u201d ifadelerini kulland\u0131. <\/span><\/span><\/p>\n<p>\u00a0<\/p>\n<p>\u00a0<\/p>\n<p>Kaynak: (BYZHA) Beyaz Haber Ajans\u0131<\/p>\n","protected":false},"excerpt":{"rendered":"<p>Beylikd\u00fcz\u00fc Belediyesi, Ramazan ay\u0131nda ihtiya\u00e7 sahibi ailelere y\u00f6nelik g\u0131da ve erzak deste\u011fini bu y\u0131l da aral\u0131ks\u0131z olarak s\u00fcrd\u00fcr\u00fcyor.<\/p>\n","protected":false},"author":1,"featured_media":46493,"comment_status":"open","ping_status":"open","sticky":false,"template":"","format":"standard","meta":{"footnotes":""},"categories":[4],"tags":[2404,705,3813,3944,2714],"class_list":["post-46492","post","type-post","status-publish","format-standard","has-post-thumbnail","hentry","category-gundem","tag-ekip","tag-gida","tag-ihtiyac-sahibi","tag-kolileri","tag-ramazan"],"_links":{"self":[{"href":"https:\/\/bihavadis.com\/index.php\/wp-json\/wp\/v2\/posts\/46492","targetHints":{"allow":["GET"]}}],"collection":[{"href":"https:\/\/bihavadis.com\/index.php\/wp-json\/wp\/v2\/posts"}],"about":[{"href":"https:\/\/bihavadis.com\/index.php\/wp-json\/wp\/v2\/types\/post"}],"author":[{"embeddable":true,"href":"https:\/\/bihavadis.com\/index.php\/wp-json\/wp\/v2\/users\/1"}],"replies":[{"embeddable":true,"href":"https:\/\/bihavadis.com\/index.php\/wp-json\/wp\/v2\/comments?post=46492"}],"version-history":[{"count":1,"href":"https:\/\/bihavadis.com\/index.php\/wp-json\/wp\/v2\/posts\/46492\/revisions"}],"predecessor-version":[{"id":46494,"href":"https:\/\/bihavadis.com\/index.php\/wp-json\/wp\/v2\/posts\/46492\/revisions\/46494"}],"wp:featuredmedia":[{"embeddable":true,"href":"https:\/\/bihavadis.com\/index.php\/wp-json\/wp\/v2\/media\/46493"}],"wp:attachment":[{"href":"https:\/\/bihavadis.com\/index.php\/wp-json\/wp\/v2\/media?parent=46492"}],"wp:term":[{"taxonomy":"category","embeddable":true,"href":"https:\/\/bihavadis.com\/index.php\/wp-json\/wp\/v2\/categories?post=46492"},{"taxonomy":"post_tag","embeddable":true,"href":"https:\/\/bihavadis.com\/index.php\/wp-json\/wp\/v2\/tags?post=46492"}],"curies":[{"name":"wp","href":"https:\/\/api.w.org\/{rel}","templated":true}]}}