{"id":46524,"date":"2026-02-25T05:00:08","date_gmt":"2026-02-25T05:00:08","guid":{"rendered":"https:\/\/bihavadis.com\/?p=46524"},"modified":"2026-02-25T05:00:08","modified_gmt":"2026-02-25T05:00:08","slug":"carlo-ancelottinin-karnavaldaki-goruntuleri-gundem-oldu","status":"publish","type":"post","link":"https:\/\/bihavadis.com\/index.php\/2026\/02\/25\/carlo-ancelottinin-karnavaldaki-goruntuleri-gundem-oldu\/","title":{"rendered":"Carlo Ancelotti&#8217;nin karnavaldaki g\u00f6r\u00fcnt\u00fcleri g\u00fcndem oldu"},"content":{"rendered":"<p>D\u00fcnya devi Real Madrid&#8217;in eski teknik direkt\u00f6r\u00fc Carlo Ancelotti, bir s\u00fcre \u00f6nce Brezilya Milli Tak\u0131m\u0131&#8217;n\u0131n ba\u015f\u0131na ge\u00e7mi\u015fti.<\/p>\n<p>Brezilya Milli Tak\u0131m\u0131 Teknik Direkt\u00f6r\u00fc Carlo Ancelotti \u00fclkeye \u00e7abuk uyum sa\u011flad\u0131..<\/p>\n<p><strong>BREZ\u0130LYA&#8217;YA \u00c7ABUK UYUM SA\u011eLADI<\/strong><\/p>\n<p>66 ya\u015f\u0131ndaki \u00e7al\u0131\u015ft\u0131r\u0131c\u0131 son olarak Rio de Janeiro&#8217;daki Karnaval festivalinde ortaya \u00e7\u0131kan g\u00f6r\u00fcnt\u00fcleriyle ses getirdi.<\/p>\n<p>66 ya\u015f\u0131ndaki \u0130talyan teknik adam\u0131n festivalde e\u011flenceli anlar ya\u015fad\u0131\u011f\u0131 g\u00f6r\u00fcld\u00fc.<\/p>\n<p><img decoding=\"async\" src=\"https:\/\/bihavadis.com\/wp-content\/uploads\/2026\/02\/carlo-ancelottinin-karnavaldaki-goruntuleri-gundem-oldu-0-IP57FHUW.jpg\"\/><\/p>\n<p><strong>KARNAVALDA 3 KADINLA G\u00d6R\u00dcLD\u00dc<\/strong><\/p>\n<p>Rio Karnaval\u0131&#8217;na kat\u0131lan Ancelotti&#8217;nin, festival alan\u0131nda 3 kad\u0131nla sarma\u015f dola\u015f dans etti\u011fi ve \u00f6p\u00fc\u015ft\u00fc\u011f\u00fc anlar kameralara yans\u0131d\u0131.<\/p>\n<p>Renkli atmosferin i\u00e7inde olduk\u00e7a keyifli g\u00f6r\u00fcnen deneyimli \u00e7al\u0131\u015ft\u0131r\u0131c\u0131n\u0131n g\u00f6r\u00fcnt\u00fcleri k\u0131sa s\u00fcrede sosyal medyada yay\u0131ld\u0131.<\/p>\n<p><img decoding=\"async\" src=\"https:\/\/bihavadis.com\/wp-content\/uploads\/2026\/02\/carlo-ancelottinin-karnavaldaki-goruntuleri-gundem-oldu-1-YmOANsPT.jpg\"\/><\/p>\n<p><img decoding=\"async\" src=\"https:\/\/bihavadis.com\/wp-content\/uploads\/2026\/02\/carlo-ancelottinin-karnavaldaki-goruntuleri-gundem-oldu-2-7gX4vhlv.jpg\"\/><\/p>\n","protected":false},"excerpt":{"rendered":"<p>66 ya\u015f\u0131ndaki Real Madrid eski teknik direkt\u00f6r\u00fc Carlo Ancelotti, Rio de Janeiro Karnaval\u0131\u2019ndaki foto\u011fraflarla g\u00fcndeme geldi. Ancelotti&#8217;nin 3 kad\u0131nla sarma\u015f dola\u015f dans etti\u011fi ve \u00f6p\u00fc\u015ft\u00fc\u011f\u00fc anlar kameralara yans\u0131d\u0131.<\/p>\n","protected":false},"author":1,"featured_media":46525,"comment_status":"open","ping_status":"open","sticky":false,"template":"","format":"standard","meta":{"footnotes":""},"categories":[14],"tags":[],"class_list":["post-46524","post","type-post","status-publish","format-standard","has-post-thumbnail","hentry","category-spor"],"_links":{"self":[{"href":"https:\/\/bihavadis.com\/index.php\/wp-json\/wp\/v2\/posts\/46524","targetHints":{"allow":["GET"]}}],"collection":[{"href":"https:\/\/bihavadis.com\/index.php\/wp-json\/wp\/v2\/posts"}],"about":[{"href":"https:\/\/bihavadis.com\/index.php\/wp-json\/wp\/v2\/types\/post"}],"author":[{"embeddable":true,"href":"https:\/\/bihavadis.com\/index.php\/wp-json\/wp\/v2\/users\/1"}],"replies":[{"embeddable":true,"href":"https:\/\/bihavadis.com\/index.php\/wp-json\/wp\/v2\/comments?post=46524"}],"version-history":[{"count":1,"href":"https:\/\/bihavadis.com\/index.php\/wp-json\/wp\/v2\/posts\/46524\/revisions"}],"predecessor-version":[{"id":46529,"href":"https:\/\/bihavadis.com\/index.php\/wp-json\/wp\/v2\/posts\/46524\/revisions\/46529"}],"wp:featuredmedia":[{"embeddable":true,"href":"https:\/\/bihavadis.com\/index.php\/wp-json\/wp\/v2\/media\/46525"}],"wp:attachment":[{"href":"https:\/\/bihavadis.com\/index.php\/wp-json\/wp\/v2\/media?parent=46524"}],"wp:term":[{"taxonomy":"category","embeddable":true,"href":"https:\/\/bihavadis.com\/index.php\/wp-json\/wp\/v2\/categories?post=46524"},{"taxonomy":"post_tag","embeddable":true,"href":"https:\/\/bihavadis.com\/index.php\/wp-json\/wp\/v2\/tags?post=46524"}],"curies":[{"name":"wp","href":"https:\/\/api.w.org\/{rel}","templated":true}]}}