{"id":46533,"date":"2026-02-25T05:06:05","date_gmt":"2026-02-25T05:06:05","guid":{"rendered":"https:\/\/bihavadis.com\/?p=46533"},"modified":"2026-02-25T05:06:05","modified_gmt":"2026-02-25T05:06:05","slug":"hobi-bahcelerine-gecit-yok","status":"publish","type":"post","link":"https:\/\/bihavadis.com\/index.php\/2026\/02\/25\/hobi-bahcelerine-gecit-yok\/","title":{"rendered":"Hobi bah\u00e7elerine ge\u00e7it yok"},"content":{"rendered":"<p>Seferihisar\u2019da ka\u00e7ak yap\u0131larla m\u00fccadele s\u00fcr\u00fcyor: 11 yap\u0131 i\u00e7in y\u0131k\u0131m \u00e7al\u0131\u015fmalar\u0131 ba\u015flad\u0131.<\/p>\n<p>Seferihisar Belediyesi, tar\u0131m arazileri \u00fczerinde ve yasal mevzuata ayk\u0131r\u0131 \u015fekilde in\u015fa edilen yap\u0131lara y\u00f6nelik m\u00fccadelesini kararl\u0131l\u0131kla s\u00fcrd\u00fcr\u00fcyor.\u00a0<\/p>\n<p>Belediye Yap\u0131 Kontrol M\u00fcd\u00fcrl\u00fc\u011f\u00fc ekipleri taraf\u0131ndan y\u00fcr\u00fct\u00fclen \u00e7al\u0131\u015fmalar kapsam\u0131nda, S\u0131\u011fac\u0131k Mahallesi Karag\u00f6l Mevkii\u2019nde bulunan alanda 11 ka\u00e7ak yap\u0131 i\u00e7in y\u0131k\u0131m \u00e7al\u0131\u015fmalar\u0131 ba\u015flat\u0131ld\u0131.<\/p>\n<p>3194 say\u0131l\u0131 \u0130mar Kanunu ile 5403 say\u0131l\u0131 Toprak Koruma Kanunu kapsam\u0131nda al\u0131nan y\u0131k\u0131m kararlar\u0131n\u0131n, mahkeme s\u00fcre\u00e7lerinin tamamlanmas\u0131n\u0131n ard\u0131ndan uygulamaya ge\u00e7irildi\u011fi belirtildi.\u00a0<\/p>\n<p>Belediye yetkilileri, hukuki s\u00fcre\u00e7ler sonu\u00e7land\u0131k\u00e7a ayn\u0131 b\u00f6lgede y\u0131k\u0131mlar\u0131n devam edece\u011fini vurgulad\u0131.<\/p>\n<p>Ba\u015fkan Yeti\u015fkin: \u201cTar\u0131m arazilerimizi ve gelece\u011fimizi koruyoruz\u201d<\/p>\n<p>Seferihisar Belediye Ba\u015fkan\u0131 \u0130smail Yeti\u015fkin, devam eden y\u0131k\u0131m \u00e7al\u0131\u015fmalar\u0131yla ilgili yapt\u0131\u011f\u0131 a\u00e7\u0131klamada, ka\u00e7ak yap\u0131la\u015fmaya kar\u015f\u0131 tavizsiz bir duru\u015f sergilediklerini ifade etti.<\/p>\n<p>Ba\u015fkan Yeti\u015fkin a\u00e7\u0131klamas\u0131nda \u015fu ifadelere yer verdi:<\/p>\n<p>\u201cSeferihisar\u2019\u0131n tar\u0131m arazileri ve do\u011fal alanlar\u0131 bizim en b\u00fcy\u00fck de\u011ferimizdir. Yasal mevzuata ayk\u0131r\u0131 \u015fekilde, tar\u0131m alanlar\u0131 \u00fczerinde yap\u0131lan hi\u00e7bir yap\u0131ya g\u00f6z yummam\u0131z s\u00f6z konusu de\u011fildir. Mahkeme s\u00fcreci tamamlanan yap\u0131larla ilgili y\u0131k\u0131m kararlar\u0131n\u0131 kararl\u0131l\u0131kla uyguluyoruz. Bu \u00e7al\u0131\u015fmalar kimseye kar\u015f\u0131 de\u011fil, Seferihisar\u2019\u0131n gelece\u011fini korumak i\u00e7indir.\u201d<\/p>\n<p>Vatanda\u015flara uyar\u0131: Sat\u0131n almadan \u00f6nce mutlaka ara\u015ft\u0131r\u0131n<\/p>\n<p>Belediye yetkilileri, \u00f6zellikle hobi bah\u00e7esi ad\u0131 alt\u0131nda yap\u0131lan sat\u0131\u015flara kar\u015f\u0131 vatanda\u015flar\u0131 bir kez daha uyard\u0131. A\u00e7\u0131klamada, arsa ya da yap\u0131 sat\u0131n almay\u0131 d\u00fc\u015f\u00fcnen vatanda\u015flar\u0131n, alacaklar\u0131 yerin yasal durumunu mutlaka ara\u015ft\u0131rmalar\u0131, yap\u0131 ruhsat\u0131 ve yap\u0131 kullan\u0131m izin belgesinin bulunup bulunmad\u0131\u011f\u0131n\u0131 sorgulamalar\u0131 ve projeye ayk\u0131r\u0131 bir durum olup olmad\u0131\u011f\u0131n\u0131 kontrol etmeleri gerekti\u011fi belirtildi.<\/p>\n<p>Vatanda\u015flar\u0131n ma\u011fduriyet ya\u015famamalar\u0131 i\u00e7in Seferihisar Belediyesi Yap\u0131 Kontrol M\u00fcd\u00fcrl\u00fc\u011f\u00fc\u2019ne telefonla ya da do\u011frudan ba\u015fvurarak bilgi alabilecekleri hat\u0131rlat\u0131ld\u0131.<br \/>\u201cKa\u00e7ak yap\u0131la\u015fmaya m\u00fcsaade edilmeyecek\u201d<\/p>\n<p>Seferihisar Belediyesi, tar\u0131m alanlar\u0131n\u0131, do\u011fal \u00e7evreyi ve kent d\u00fczenini korumak amac\u0131yla ka\u00e7ak yap\u0131la\u015fmaya kar\u015f\u0131 m\u00fccadelesini yasal \u00e7er\u00e7evede ve kararl\u0131l\u0131kla s\u00fcrd\u00fcrece\u011fini a\u00e7\u0131klad\u0131.<\/p>\n<p>\u00a0<\/p>\n<p>Kaynak: (BYZHA) Beyaz Haber Ajans\u0131<\/p>\n","protected":false},"excerpt":{"rendered":"<p>Seferihisar\u2019da ka\u00e7ak yap\u0131larla m\u00fccadele s\u00fcr\u00fcyor: 11 yap\u0131 i\u00e7in y\u0131k\u0131m \u00e7al\u0131\u015fmalar\u0131 ba\u015flad\u0131.<\/p>\n","protected":false},"author":1,"featured_media":46534,"comment_status":"open","ping_status":"open","sticky":false,"template":"","format":"standard","meta":{"footnotes":""},"categories":[4],"tags":[372,991,3178,587,1613],"class_list":["post-46533","post","type-post","status-publish","format-standard","has-post-thumbnail","hentry","category-gundem","tag-belediye","tag-calismalar","tag-seferihisar","tag-yapi","tag-yikim"],"_links":{"self":[{"href":"https:\/\/bihavadis.com\/index.php\/wp-json\/wp\/v2\/posts\/46533","targetHints":{"allow":["GET"]}}],"collection":[{"href":"https:\/\/bihavadis.com\/index.php\/wp-json\/wp\/v2\/posts"}],"about":[{"href":"https:\/\/bihavadis.com\/index.php\/wp-json\/wp\/v2\/types\/post"}],"author":[{"embeddable":true,"href":"https:\/\/bihavadis.com\/index.php\/wp-json\/wp\/v2\/users\/1"}],"replies":[{"embeddable":true,"href":"https:\/\/bihavadis.com\/index.php\/wp-json\/wp\/v2\/comments?post=46533"}],"version-history":[{"count":1,"href":"https:\/\/bihavadis.com\/index.php\/wp-json\/wp\/v2\/posts\/46533\/revisions"}],"predecessor-version":[{"id":46535,"href":"https:\/\/bihavadis.com\/index.php\/wp-json\/wp\/v2\/posts\/46533\/revisions\/46535"}],"wp:featuredmedia":[{"embeddable":true,"href":"https:\/\/bihavadis.com\/index.php\/wp-json\/wp\/v2\/media\/46534"}],"wp:attachment":[{"href":"https:\/\/bihavadis.com\/index.php\/wp-json\/wp\/v2\/media?parent=46533"}],"wp:term":[{"taxonomy":"category","embeddable":true,"href":"https:\/\/bihavadis.com\/index.php\/wp-json\/wp\/v2\/categories?post=46533"},{"taxonomy":"post_tag","embeddable":true,"href":"https:\/\/bihavadis.com\/index.php\/wp-json\/wp\/v2\/tags?post=46533"}],"curies":[{"name":"wp","href":"https:\/\/api.w.org\/{rel}","templated":true}]}}