{"id":46588,"date":"2026-02-25T05:51:09","date_gmt":"2026-02-25T05:51:09","guid":{"rendered":"https:\/\/bihavadis.com\/?p=46588"},"modified":"2026-02-25T05:51:09","modified_gmt":"2026-02-25T05:51:09","slug":"gazzede-sehitlere-vefa-girisimi-enkaz-altindakiler-cikartiliyor","status":"publish","type":"post","link":"https:\/\/bihavadis.com\/index.php\/2026\/02\/25\/gazzede-sehitlere-vefa-girisimi-enkaz-altindakiler-cikartiliyor\/","title":{"rendered":"Gazze&#8217;de &#8216;\u015eehitlere Vefa&#8217; giri\u015fimi: Enkaz alt\u0131ndakiler \u00e7\u0131kart\u0131l\u0131yor"},"content":{"rendered":"<p>Gazze, tarihinin en kanl\u0131 d\u00f6nemlerinden birini ge\u00e7irdi.<\/p>\n<p>\u0130srail&#8217;in Ekim 2023&#8217;ten bu yana d\u00fczenledi\u011fi sald\u0131r\u0131larda 72 binden fazla ki\u015finin hayat\u0131n\u0131 kaybetti.<\/p>\n<p>Gazze&#8217;de, enkaz alt\u0131nda halen binlerce cenazenin bulundu\u011fu belirtiliyor.<\/p>\n<p><strong>\u015eEH\u0130TLERE VEFA G\u0130R\u0130\u015e\u0130M\u0130<\/strong><\/p>\n<p>Bu kapsamda\u00a0enkaz alt\u0131ndan \u00e7\u0131karmak amac\u0131yla &#8220;\u015eehitlere Vefa&#8221; adl\u0131 bir giri\u015fim ba\u015flat\u0131ld\u0131.<\/p>\n<p>Sivil savunma ekipleri, \u00e7al\u0131\u015fmalar\u0131na Gazze \u015eeridi&#8217;nin kuzeyindeki Beyt Lahiya beldesinden ba\u015flad\u0131.<\/p>\n<p>Ekipler ilk olarak, 29 Ekim 2024&#8217;te \u0130srail hava sald\u0131r\u0131s\u0131nda hedef al\u0131nan ve aralar\u0131nda yerinden edilenlerin de bulundu\u011fu yakla\u015f\u0131k 200 ki\u015finin s\u0131\u011f\u0131nd\u0131\u011f\u0131 &#8220;Ebu Nasr&#8221; ailesine ait evin enkaz\u0131nda kalan cenazeleri \u00e7\u0131karmak i\u00e7in harekete ge\u00e7ti.<\/p>\n<p><strong>&#8220;ONLARCA CANAZEN\u0130N BULUNDU\u011eUNU B\u0130LD\u0130\u011e\u0130M\u0130Z ENKAZ&#8221;<\/strong><\/p>\n<p>Filistin Sivil Savunma g\u00f6revlisi Muhammed Tamus, AA muhabirine yapt\u0131\u011f\u0131 a\u00e7\u0131klamada, bunun, Gazze \u015eeridi\u2019nin kuzeyindeki farkl\u0131 b\u00f6lgelerde y\u00fcr\u00fct\u00fclecek daha kapsaml\u0131 \u00e7al\u0131\u015fmalar\u0131n ilk ad\u0131m\u0131 oldu\u011funu s\u00f6yledi.<\/p>\n<p>\u0130lk a\u015famada \u00e7ok say\u0131da cenazenin bulundu\u011fu evlere \u00f6ncelik verildi\u011fini belirten Tamus, <em><b>&#8220;Bug\u00fcn enkaz alt\u0131nda h\u00e2len onlarca cenazenin bulundu\u011funu bildi\u011fimiz Ebu Nasr ailesinin evinin enkaz\u0131 \u00fczerindeyiz. Gazze&#8217;nin \u00e7e\u015fitli b\u00f6lgelerinde, enkaz alt\u0131ndaki t\u00fcm \u015fehitler \u00e7\u0131kar\u0131lana kadar \u00e7al\u0131\u015fmalar\u0131n s\u00fcrmesini umut ediyoruz.&#8221;<\/b><\/em> dedi.<\/p>\n<p><img decoding=\"async\" src=\"https:\/\/bihavadis.com\/wp-content\/uploads\/2026\/02\/gazzede-sehitlere-vefa-girisimi-enkaz-altindakiler-cikartiliyor-0-He78eClE.jpg\"\/><\/p>\n<p><strong>&#8220;YIKIMIN BOYUTU \u00c7OK B\u00dcY\u00dcK&#8221;<\/strong><\/p>\n<p>Binlerce ki\u015finin h\u00e2l\u00e2 enkaz alt\u0131nda kay\u0131p oldu\u011funu vurgulayan Tamus, a\u011f\u0131r i\u015f makinesi eksikli\u011finin \u00e7al\u0131\u015fmalar\u0131 ciddi \u015fekilde sekteye u\u011fratt\u0131\u011f\u0131n\u0131 belirtti.<\/p>\n<p><em><b>&#8220;Y\u0131k\u0131m\u0131n boyutu ve enkaz\u0131n miktar\u0131 \u00e7ok b\u00fcy\u00fck. Sivil Savunman\u0131n yeterli ekskavat\u00f6r ve a\u011f\u0131r ekipman\u0131 yok.&#8221; <\/b><\/em>diyen Tamus, kullan\u0131lan ara\u00e7lardan birinin Uluslararas\u0131 K\u0131z\u0131lha\u00e7 Komitesi taraf\u0131ndan sa\u011fland\u0131\u011f\u0131n\u0131, ancak insani yard\u0131m kurulu\u015flar\u0131ndan daha fazla destek beklediklerini dile getirdi.<\/p>\n<p><strong>&#8220;KARDE\u015e\u0130M DE BURADA ENKAZ ALTINDA&#8221;<\/strong><\/p>\n<p>Ebu Nasr ailesinin evini hedef alan \u0130srail sald\u0131r\u0131s\u0131ndan sa\u011f kurtulan Aya Ebu Nasr, sald\u0131r\u0131lar\u0131n yo\u011funla\u015fmas\u0131n\u0131n ard\u0131ndan ailenin be\u015f katl\u0131 binaya s\u0131\u011f\u0131nd\u0131\u011f\u0131n\u0131, hedef al\u0131nd\u0131\u011f\u0131 s\u0131rada binada yakla\u015f\u0131k 200 ki\u015finin bulundu\u011funu anlatt\u0131.<\/p>\n<p>Bombard\u0131manda yakla\u015f\u0131k 150 ki\u015finin hayat\u0131n\u0131 kaybetti\u011fini s\u00f6yleyen Ebu Nasr, \u00e7ok say\u0131da ki\u015finin yaraland\u0131\u011f\u0131n\u0131 ve onlarca ki\u015finin ise enkaz alt\u0131nda kald\u0131\u011f\u0131n\u0131 dile getirdi.<\/p>\n<p>Kurtarma \u00e7al\u0131\u015fmalar\u0131n\u0131n sald\u0131r\u0131 s\u0131ras\u0131nda son derece s\u0131n\u0131rl\u0131 ve tehlikeli ko\u015fullarda y\u00fcr\u00fct\u00fcld\u00fc\u011f\u00fcn\u00fc belirten Ebu Nasr, baz\u0131 cenazelerin \u00e7\u0131kar\u0131labildi\u011fini ancak alt katlara ula\u015f\u0131lamad\u0131\u011f\u0131n\u0131, di\u011fer cenazelerin de bulunarak uygun \u015fekilde defnedilmesini bir y\u0131ldan uzun s\u00fcredir beklediklerini s\u00f6yledi.<\/p>\n<p><em><b>&#8220;Karde\u015fim Muhammed de kay\u0131plar aras\u0131nda.&#8221;<\/b><\/em> diyen Ebu Nasr, telefonundaki foto\u011fraflar\u0131n\u0131 g\u00f6stererek karde\u015finin cenazesinin bulunmas\u0131n\u0131 istedi.<\/p>\n<p><img decoding=\"async\" src=\"https:\/\/bihavadis.com\/wp-content\/uploads\/2026\/02\/gazzede-sehitlere-vefa-girisimi-enkaz-altindakiler-cikartiliyor-1-IbhfKFcJ.jpg\"\/><\/p>\n<p><strong>R\u0130SK ALTINDA \u00c7ALI\u015eIYORLAR<\/strong><\/p>\n<p>Sivil savunma ekipleri, \u0130srail sald\u0131r\u0131lar\u0131n\u0131n ba\u015f\u0131ndan bu yana cenazelerin a\u00e7\u0131k alanlara da\u011f\u0131lmas\u0131, koruyucu ekipman ve biyolojik test malzemesi eksikli\u011fi nedeniyle son derece riskli ko\u015fullarda g\u00f6rev yap\u0131yor.<\/p>\n<p>\u0130srail\u2019in uygulad\u0131\u011f\u0131 k\u0131s\u0131tlamalar ve temel t\u0131bbi malzemelerin Gazze&#8217;ye giri\u015finin engellenmesi de \u00e7al\u0131\u015fmalar\u0131 zorla\u015ft\u0131r\u0131yor. Kurtarma ve cenaze nakil s\u00fcre\u00e7lerinde personelin hastal\u0131k ve enfeksiyon riskiyle kar\u015f\u0131 kar\u015f\u0131ya oldu\u011fu ifade ediliyor.<\/p>\n<p><img decoding=\"async\" src=\"https:\/\/bihavadis.com\/wp-content\/uploads\/2026\/02\/gazzede-sehitlere-vefa-girisimi-enkaz-altindakiler-cikartiliyor-2-Lq7ArNqV.jpg\"\/><\/p>\n<p><strong>9 B\u0130N 500 F\u0130L\u0130ST\u0130NL\u0130 ENKAZ ALTINDA<\/strong><\/p>\n<p>Gazze&#8217;deki resmi verilere g\u00f6re, y\u0131k\u0131m\u0131n boyutu ve a\u011f\u0131r ekipman yetersizli\u011fi nedeniyle yakla\u015f\u0131k 9 bin 500 Filistinlinin h\u00e2l\u00e2 enkaz alt\u0131nda kay\u0131p oldu\u011fu de\u011ferlendiriliyor.<\/p>\n<p>Gazze&#8217;deki Sa\u011fl\u0131k Bakanl\u0131\u011f\u0131, bug\u00fcn yapt\u0131\u011f\u0131 a\u00e7\u0131klamada, ate\u015fkesin ba\u015flad\u0131\u011f\u0131 10 Ekim 2025\u2019ten bu yana enkaz alt\u0131nda 726 ki\u015finin cans\u0131z bedeninin \u00e7\u0131kar\u0131ld\u0131\u011f\u0131n\u0131 bildirmi\u015fti.<\/p>\n","protected":false},"excerpt":{"rendered":"<p>\u0130srail\u2019in Gazze \u015eeridi&#8217;ne y\u00f6nelik sald\u0131r\u0131lar\u0131nda hayat\u0131n\u0131 kaybedenlerin cenazelerini enkaz alt\u0131ndan \u00e7\u0131karmak amac\u0131yla &#8220;\u015eehitlere Vefa&#8221; adl\u0131 bir giri\u015fim ba\u015flat\u0131ld\u0131.<\/p>\n","protected":false},"author":1,"featured_media":46589,"comment_status":"open","ping_status":"open","sticky":false,"template":"","format":"standard","meta":{"footnotes":""},"categories":[9,13],"tags":[428,6192,557,3344,794],"class_list":["post-46588","post","type-post","status-publish","format-standard","has-post-thumbnail","hentry","category-genel","category-son-dakika","tag-cenaze","tag-ebu-nasr","tag-gazze","tag-kisinin","tag-saldiri"],"_links":{"self":[{"href":"https:\/\/bihavadis.com\/index.php\/wp-json\/wp\/v2\/posts\/46588","targetHints":{"allow":["GET"]}}],"collection":[{"href":"https:\/\/bihavadis.com\/index.php\/wp-json\/wp\/v2\/posts"}],"about":[{"href":"https:\/\/bihavadis.com\/index.php\/wp-json\/wp\/v2\/types\/post"}],"author":[{"embeddable":true,"href":"https:\/\/bihavadis.com\/index.php\/wp-json\/wp\/v2\/users\/1"}],"replies":[{"embeddable":true,"href":"https:\/\/bihavadis.com\/index.php\/wp-json\/wp\/v2\/comments?post=46588"}],"version-history":[{"count":1,"href":"https:\/\/bihavadis.com\/index.php\/wp-json\/wp\/v2\/posts\/46588\/revisions"}],"predecessor-version":[{"id":46593,"href":"https:\/\/bihavadis.com\/index.php\/wp-json\/wp\/v2\/posts\/46588\/revisions\/46593"}],"wp:featuredmedia":[{"embeddable":true,"href":"https:\/\/bihavadis.com\/index.php\/wp-json\/wp\/v2\/media\/46589"}],"wp:attachment":[{"href":"https:\/\/bihavadis.com\/index.php\/wp-json\/wp\/v2\/media?parent=46588"}],"wp:term":[{"taxonomy":"category","embeddable":true,"href":"https:\/\/bihavadis.com\/index.php\/wp-json\/wp\/v2\/categories?post=46588"},{"taxonomy":"post_tag","embeddable":true,"href":"https:\/\/bihavadis.com\/index.php\/wp-json\/wp\/v2\/tags?post=46588"}],"curies":[{"name":"wp","href":"https:\/\/api.w.org\/{rel}","templated":true}]}}