{"id":46636,"date":"2026-02-25T06:30:05","date_gmt":"2026-02-25T06:30:05","guid":{"rendered":"https:\/\/bihavadis.com\/?p=46636"},"modified":"2026-02-25T06:30:05","modified_gmt":"2026-02-25T06:30:05","slug":"elektrik-sektorune-777-milyar-liralik-rekor-yatirim","status":"publish","type":"post","link":"https:\/\/bihavadis.com\/index.php\/2026\/02\/25\/elektrik-sektorune-777-milyar-liralik-rekor-yatirim\/","title":{"rendered":"Elektrik sekt\u00f6r\u00fcne 777 milyar liral\u0131k rekor yat\u0131r\u0131m"},"content":{"rendered":"<p><span>Elektrik Da\u011f\u0131t\u0131m Hizmetleri Derne\u011fi (Elder) Genel Sekreteri Fakir H\u00fcseyin Erdo\u011fan, 1 Ocak 2026 itibar\u0131yla ba\u015flayan ve 2026-2030 y\u0131llar\u0131n\u0131 kapsayan 5 y\u0131ll\u0131k be\u015finci tarife d\u00f6neminde planlanan yat\u0131r\u0131m bedeli hakk\u0131nda bilgi verdi.<\/span><\/p>\n<p>Erdo\u011fan, yeni tarife d\u00f6neminde yat\u0131r\u0131m hacminin \u00f6nceki d\u00f6neme g\u00f6re \u00f6nemli \u00f6l\u00e7\u00fcde artt\u0131\u011f\u0131n\u0131 ifade ederek, kesinti s\u00fcrelerini azaltmaya odakland\u0131klar\u0131n\u0131 kaydetti.<\/p>\n<p>5 y\u0131ll\u0131k d\u00f6nemde y\u00fcksek tutarl\u0131 bir yat\u0131r\u0131m plan\u0131 oldu\u011fu bilgisini aktaran Erdo\u011fan, <b><em>&#8220;777 milyar T\u00fcrk Liras\u0131 yat\u0131r\u0131m yap\u0131lmas\u0131 s\u00f6z konusu. 2025 Ekim dolar kuruna g\u00f6re 19 milyar dolarl\u0131k yat\u0131r\u0131m yap\u0131laca\u011f\u0131n\u0131 g\u00f6r\u00fcyoruz. Bu yat\u0131r\u0131mlar\u0131n b\u00fcy\u00fck b\u00f6l\u00fcm\u00fc \u015febeke yenileme, geni\u015fletme ve iyile\u015ftirme i\u00e7in yap\u0131lacak. Planl\u0131 bak\u0131m b\u00fct\u00e7eleri de art\u0131r\u0131ld\u0131. Temel hedefimiz, kesinti s\u00fcrelerini ve s\u0131kl\u0131\u011f\u0131n\u0131 d\u00fc\u015f\u00fcrmek.&#8221;<\/em><\/b> diye konu\u015ftu.<\/p>\n<p>Erdo\u011fan, yat\u0131r\u0131m tarifelerinin etkisine de de\u011finerek, da\u011f\u0131t\u0131m yat\u0131r\u0131mlar\u0131n\u0131n belirli kurallar \u00e7er\u00e7evesinde tarifeye yans\u0131t\u0131ld\u0131\u011f\u0131n\u0131, da\u011f\u0131t\u0131m \u015firketlerinin yat\u0131r\u0131mlar\u0131n\u0131n 10 y\u0131l i\u00e7inde itfa edildi\u011fini, itfa edilmemi\u015f k\u0131s\u0131m i\u00e7in d\u00fczenlenmi\u015f getiri uyguland\u0131\u011f\u0131n\u0131 vurgulad\u0131.<\/p>\n<p><strong>APARTMAN VE S\u0130TELERDE \u015eARJ \u00dcN\u0130TELER\u0130 TES\u0130SAT KONTROL\u00dc OLMADAN KULLANILMAMALI<\/strong><\/p>\n<p>T\u00fcketicilere g\u00fcvenli kullan\u0131m \u00e7a\u011fr\u0131s\u0131nda bulunan Erdo\u011fan, <b><em>&#8220;Elektrikli ara\u00e7 \u015farj \u00fcnitesi ya da y\u00fcksek g\u00fc\u00e7l\u00fc cihazlar, tesisat uygunlu\u011fu kontrol edilmeden kullan\u0131lmamal\u0131. \u00d6ng\u00f6r\u00fclmeyen y\u00fckler hem \u015febekeye hem kullan\u0131c\u0131ya risk olu\u015fturur.&#8221; <\/em><\/b>bilgisini payla\u015ft\u0131.<\/p>\n<p><img decoding=\"async\" src=\"https:\/\/bihavadis.com\/wp-content\/uploads\/2026\/02\/elektrik-sektorune-777-milyar-liralik-rekor-yatirim-0-wqP7IVKf.jpg\"\/><\/p>\n<p><strong>KURULUMDAN \u00d6NCE \u0130LG\u0130L\u0130 ELEKTR\u0130K DA\u011eITIM KURULU\u015eUNDAN ONAY ALINMASI  GEREK\u0130YOR<\/strong><\/p>\n<p>Elektrikli ara\u00e7 \u015farj \u00fcnitelerinin g\u00fcvenli \u015fekilde yayg\u0131nla\u015fmas\u0131 gerekti\u011fine dikkati \u00e7eken Erdo\u011fan, s\u00f6zlerini \u015f\u00f6yle s\u00fcrd\u00fcrd\u00fc:<\/p>\n<p>Apartman ve sitelerde elektrikli ara\u00e7 \u015farj \u00fcnitelerinin kurulumu konusunda ilgili bakanl\u0131k, hangi durumlarda kat malikleri kurulunun onay\u0131n\u0131n gerekli oldu\u011funu netle\u015ftirdi. Ancak hem ortak alanlarda hem de m\u00fcstakil binalarda, kurulumdan \u00f6nce ilgili elektrik da\u011f\u0131t\u0131m kurulu\u015fundan onay al\u0131nmas\u0131 ve tesisin t\u00fcm g\u00fcvenlik \u015fartlar\u0131n\u0131 sa\u011flamas\u0131 b\u00fcy\u00fck \u00f6nem ta\u015f\u0131yor. \u00d6zellikle su basmas\u0131, ka\u00e7ak ak\u0131m riski veya yetersiz tesisat gibi olas\u0131l\u0131klara kar\u015f\u0131 t\u00fcm teknik \u00f6nlemlerin al\u0131nmas\u0131 gerekiyor. Vatanda\u015flar\u0131m\u0131z\u0131n, olas\u0131 can ve mal risklerine kar\u015f\u0131 bu s\u00fcre\u00e7te teknik standartlara uygun hareket etmeleri gerekiyor.<\/p>\n","protected":false},"excerpt":{"rendered":"<p>Elder Genel Sekreteri Fakir H\u00fcseyin Erdo\u011fan, 1 Ocak 2026 itibar\u0131yla ba\u015flayan ve 2026-2030 y\u0131llar\u0131n\u0131 kapsayan 5 y\u0131ll\u0131k be\u015finci tarife d\u00f6neminde 777 milyar liral\u0131k yat\u0131r\u0131m planland\u0131\u011f\u0131n\u0131 belirtti.<\/p>\n","protected":false},"author":1,"featured_media":46637,"comment_status":"open","ping_status":"open","sticky":false,"template":"","format":"standard","meta":{"footnotes":""},"categories":[8],"tags":[3895,392,1526,216],"class_list":["post-46636","post","type-post","status-publish","format-standard","has-post-thumbnail","hentry","category-ekonomi","tag-dagitim","tag-elektrik","tag-erdogan","tag-yatirim"],"_links":{"self":[{"href":"https:\/\/bihavadis.com\/index.php\/wp-json\/wp\/v2\/posts\/46636","targetHints":{"allow":["GET"]}}],"collection":[{"href":"https:\/\/bihavadis.com\/index.php\/wp-json\/wp\/v2\/posts"}],"about":[{"href":"https:\/\/bihavadis.com\/index.php\/wp-json\/wp\/v2\/types\/post"}],"author":[{"embeddable":true,"href":"https:\/\/bihavadis.com\/index.php\/wp-json\/wp\/v2\/users\/1"}],"replies":[{"embeddable":true,"href":"https:\/\/bihavadis.com\/index.php\/wp-json\/wp\/v2\/comments?post=46636"}],"version-history":[{"count":1,"href":"https:\/\/bihavadis.com\/index.php\/wp-json\/wp\/v2\/posts\/46636\/revisions"}],"predecessor-version":[{"id":46639,"href":"https:\/\/bihavadis.com\/index.php\/wp-json\/wp\/v2\/posts\/46636\/revisions\/46639"}],"wp:featuredmedia":[{"embeddable":true,"href":"https:\/\/bihavadis.com\/index.php\/wp-json\/wp\/v2\/media\/46637"}],"wp:attachment":[{"href":"https:\/\/bihavadis.com\/index.php\/wp-json\/wp\/v2\/media?parent=46636"}],"wp:term":[{"taxonomy":"category","embeddable":true,"href":"https:\/\/bihavadis.com\/index.php\/wp-json\/wp\/v2\/categories?post=46636"},{"taxonomy":"post_tag","embeddable":true,"href":"https:\/\/bihavadis.com\/index.php\/wp-json\/wp\/v2\/tags?post=46636"}],"curies":[{"name":"wp","href":"https:\/\/api.w.org\/{rel}","templated":true}]}}