{"id":46640,"date":"2026-02-25T06:33:05","date_gmt":"2026-02-25T06:33:05","guid":{"rendered":"https:\/\/bihavadis.com\/?p=46640"},"modified":"2026-02-25T06:33:05","modified_gmt":"2026-02-25T06:33:05","slug":"perunicic-ve-ashkiden-kagitspora-ovgu","status":"publish","type":"post","link":"https:\/\/bihavadis.com\/index.php\/2026\/02\/25\/perunicic-ve-ashkiden-kagitspora-ovgu\/","title":{"rendered":"Perunicic ve Ashki&#8217;den Ka\u011f\u0131tspor&#8217;a \u00f6vg\u00fc"},"content":{"rendered":"<p>T\u00fcrkiye Erkekler Voleybol 1. Ligi&#8217;nde m\u00fccadele eden Kocaeli B\u00fcy\u00fck\u015fehir Belediyesi Ka\u011f\u0131t spor&#8217;un yabanc\u0131 oyuncular\u0131 Nemenja Perunicic ve Sina Ashki, kul\u00fcb\u00fcn profesyonel yap\u0131s\u0131na hayran kald\u0131. Efeler Ligi&#8217;ni hedefleyen ikili, T\u00fcrkiye&#8217;deki voleybol atmosferinden etkilendiklerini belirtti.<\/p>\n<p>Mavi-beyazl\u0131 kul\u00fcb\u00fcn sezon ba\u015f\u0131nda kadrosuna katt\u0131\u011f\u0131 Karada\u011fl\u0131 sma\u00e7\u00f6r Nemenja Perunicic ile \u0130ranl\u0131 pas\u00f6r \u00e7apraz\u0131 Sina Ashki, kul\u00fcb\u00fcn organizasyon yap\u0131s\u0131 ve T\u00fcrkiye&#8217;deki voleybol atmosferine ili\u015fkin de\u011ferlendirmelerde bulundu.<\/p>\n<p>Tak\u0131m\u0131n 25 ya\u015f\u0131ndaki sma\u00e7\u00f6r\u00fc Nemenja Perunicic, 12 y\u0131ll\u0131k voleybol kariyerinde 5. kez yurt d\u0131\u015f\u0131nda forma giydi\u011fini ancak T\u00fcrkiye&#8217;de ilk deneyimini ya\u015fad\u0131\u011f\u0131n\u0131 s\u00f6yledi.<\/p>\n<p>Ka\u011f\u0131tspor&#8217;un organizasyon yap\u0131s\u0131ndan etkilendi\u011fini dile getiren Perunicic, &#8220;Genel olarak buradaki ortam\u0131 \u00e7ok be\u011fendim. Daha \u00f6nce oynad\u0131\u011f\u0131m kul\u00fcplerle k\u0131yaslad\u0131\u011f\u0131mda, Ka\u011f\u0131tspor&#8217;un organizasyon anlam\u0131nda \u00e7ok daha iyi bir yap\u0131ya sahip oldu\u011funu s\u00f6yleyebilirim. Destek, planlama ve profesyonellik. Her \u015fey \u00e7ok iyi&#8221; dedi.<\/p>\n<p>&#8220;Benim \u00fclkemde voleybol bu kadar pop\u00fcler de\u011fil&#8221;<\/p>\n<p>Perunicic, T\u00fcrkiye&#8217;deki spor k\u00fclt\u00fcr\u00fcnden \u00f6zellikle etkilendi\u011fini vurgulayarak, &#8220;T\u00fcrkiye b\u00fcy\u00fck bir \u00fclke ve burada spora \u00e7ok ciddi bir ilgi var. Taraftar deste\u011fi \u00e7ok geni\u015f. \u0130nsanlar\u0131n sporu bu kadar sahiplenmesi beni ger\u00e7ekten etkiledi. Benim \u00fclkemde voleybol bu kadar pop\u00fcler de\u011fil&#8221; diye konu\u015ftu.<\/p>\n<p>Ashki: &#8220;\u015eimdiye kadar oynad\u0131\u011f\u0131m en iyi liglerden biri&#8221;<\/p>\n<p>Sezonun ilk aylar\u0131nda tak\u0131ma kat\u0131lan 22 ya\u015f\u0131ndaki \u0130ranl\u0131 pas\u00f6r \u00e7apraz\u0131 Sina Ashki ise k\u0131sa s\u00fcrede \u015fehre ve tak\u0131ma adapte oldu\u011funu kaydetti. Ashki, &#8220;Ka\u011f\u0131tspor \u00e7ok iyi bir tak\u0131m ve bu T\u00fcrk tak\u0131m\u0131n\u0131n bir par\u00e7as\u0131 olmaktan \u00e7ok mutluyum. Antrenmanlar \u00e7ok g\u00fc\u00e7l\u00fc, tak\u0131m \u00e7ok motive. Tak\u0131mdaki arkada\u015fl\u0131k bir harika. Ger\u00e7ekten \u00e7ok iyi bir antren\u00f6r\u00fcm\u00fcz var&#8221; \u015feklinde konu\u015ftu.<\/p>\n<p>Sina Ashki, T\u00fcrk voleybolunun d\u00fcnya \u00e7ap\u0131ndaki konumuna da dikkati \u00e7ekti. Lig kalitesinin kendisini fazlas\u0131yla etkiledi\u011fini s\u00f6yleyen 22 ya\u015f\u0131ndaki oyuncu, &#8220;Buradaki lig, \u015fimdiye kadar oynad\u0131\u011f\u0131m en iyi liglerden biri. Antren\u00f6r kalitesi \u00e7ok y\u00fcksek. Umar\u0131m birka\u00e7 y\u0131l daha bu ligde oynamaya devam ederim&#8221; ifadelerini kulland\u0131.<\/p>\n<p>T\u00fcrkiye&#8217;ye geli\u015f s\u00fcrecine de de\u011finen Ashki, transferinin T\u00fcrk antren\u00f6rler sayesinde ger\u00e7ekle\u015fti\u011fini belirterek, &#8220;Teknik direkt\u00f6rler arac\u0131l\u0131\u011f\u0131yla buraya geldim. Yani beni T\u00fcrk teknik adamlar ke\u015ffetti. Voleybol kariyerim i\u00e7in \u00e7ok b\u00fcy\u00fck hedeflerim var. Bunlardan biri de T\u00fcrkiye&#8217;de oynamakt\u0131. Ka\u011f\u0131tspor bana her anlamda destek \u00e7\u0131kt\u0131&#8221; dedi. &#8211; KOCAEL\u0130<\/p>\n","protected":false},"excerpt":{"rendered":"<p>Kocaeli B\u00fcy\u00fck\u015fehir Belediyesi Ka\u011f\u0131tspor&#8217;un yabanc\u0131 oyuncular\u0131 Nemenja Perunicic ve Sina Ashki, kul\u00fcb\u00fcn profesyonel yap\u0131s\u0131na ve T\u00fcrkiye&#8217;deki voleybol atmosferine hayran kald\u0131klar\u0131n\u0131 belirtti. Eski kul\u00fcpleriyle k\u0131yaslayan ikili, destek ve organize yap\u0131 a\u00e7\u0131s\u0131ndan Ka\u011f\u0131tspor&#8217;un \u00e7ok daha iyi oldu\u011funu vurgulad\u0131.<\/p>\n","protected":false},"author":1,"featured_media":46641,"comment_status":"open","ping_status":"open","sticky":false,"template":"","format":"standard","meta":{"footnotes":""},"categories":[14],"tags":[5461,597,366,197,1006],"class_list":["post-46640","post","type-post","status-publish","format-standard","has-post-thumbnail","hentry","category-spor","tag-kagit","tag-lig","tag-takim","tag-turkiye","tag-voleybol"],"_links":{"self":[{"href":"https:\/\/bihavadis.com\/index.php\/wp-json\/wp\/v2\/posts\/46640","targetHints":{"allow":["GET"]}}],"collection":[{"href":"https:\/\/bihavadis.com\/index.php\/wp-json\/wp\/v2\/posts"}],"about":[{"href":"https:\/\/bihavadis.com\/index.php\/wp-json\/wp\/v2\/types\/post"}],"author":[{"embeddable":true,"href":"https:\/\/bihavadis.com\/index.php\/wp-json\/wp\/v2\/users\/1"}],"replies":[{"embeddable":true,"href":"https:\/\/bihavadis.com\/index.php\/wp-json\/wp\/v2\/comments?post=46640"}],"version-history":[{"count":1,"href":"https:\/\/bihavadis.com\/index.php\/wp-json\/wp\/v2\/posts\/46640\/revisions"}],"predecessor-version":[{"id":46642,"href":"https:\/\/bihavadis.com\/index.php\/wp-json\/wp\/v2\/posts\/46640\/revisions\/46642"}],"wp:featuredmedia":[{"embeddable":true,"href":"https:\/\/bihavadis.com\/index.php\/wp-json\/wp\/v2\/media\/46641"}],"wp:attachment":[{"href":"https:\/\/bihavadis.com\/index.php\/wp-json\/wp\/v2\/media?parent=46640"}],"wp:term":[{"taxonomy":"category","embeddable":true,"href":"https:\/\/bihavadis.com\/index.php\/wp-json\/wp\/v2\/categories?post=46640"},{"taxonomy":"post_tag","embeddable":true,"href":"https:\/\/bihavadis.com\/index.php\/wp-json\/wp\/v2\/tags?post=46640"}],"curies":[{"name":"wp","href":"https:\/\/api.w.org\/{rel}","templated":true}]}}