{"id":46646,"date":"2026-02-25T06:39:06","date_gmt":"2026-02-25T06:39:06","guid":{"rendered":"https:\/\/bihavadis.com\/?p=46646"},"modified":"2026-02-25T06:39:06","modified_gmt":"2026-02-25T06:39:06","slug":"iste-cumhurbaskani-erdoganin-devreye-girdigi-yildizin-istanbula-gelis-saati","status":"publish","type":"post","link":"https:\/\/bihavadis.com\/index.php\/2026\/02\/25\/iste-cumhurbaskani-erdoganin-devreye-girdigi-yildizin-istanbula-gelis-saati\/","title":{"rendered":"\u0130\u015fte Cumhurba\u015fkan\u0131 Erdo\u011fan&#8217;\u0131n devreye girdi\u011fi y\u0131ld\u0131z\u0131n \u0130stanbul&#8217;a geli\u015f saati"},"content":{"rendered":"<p>Ara transfer d\u00f6neminde kadrosunu g\u00fc\u00e7lendirmek i\u00e7in yo\u011fun mesai harcayan Fenerbah\u00e7e, uzun s\u00fcredir g\u00fcndeminde yer alan N&#8217;Golo Kante transferinde mutlu sona ula\u015ft\u0131. Sar\u0131-lacivertli kul\u00fcp, Frans\u0131z y\u0131ld\u0131zla 2,5 y\u0131ll\u0131k anla\u015fma sa\u011fland\u0131\u011f\u0131n\u0131 T\u00fcrkiye Futbol Federasyonu&#8217;na (TFF) resmen bildirdi.<\/p>\n<p><b>TRANSFER SON ANDA \u0130PTALDEN D\u00d6ND\u00dc<\/b><\/p>\n<p>Kante transferinin, s\u00fcrecin son a\u015famas\u0131nda ya\u015fanan baz\u0131 p\u00fcr\u00fczler nedeniyle iptal noktas\u0131na geldi\u011fi \u00f6\u011frenildi. Ancak Cumhurba\u015fkan\u0131 Recep Tayyip Erdo\u011fan&#8217;\u0131n devreye girmesiyle s\u00fcre\u00e7 yeniden h\u0131z kazand\u0131 ve transferin \u00f6n\u00fcndeki engeller a\u015f\u0131ld\u0131. Bu geli\u015fmenin ard\u0131ndan Fenerbah\u00e7e, Kante transferini resmiyete kavu\u015fturdu.<\/p>\n<div>\n<figure>\u0130stanbul&#8217;a geli\u015f saati&#8221; layout=&#8221;intrinsic&#8221; width=&#8221;640&#8243; height=&#8221;360&#8243;><\/figure>\n<\/div>\n<p><b>TFF KAYITLARI TAMAMLANDI<\/b><\/p>\n<p>TFF&#8217;de yer alan lisans bilgilerine g\u00f6re Fenerbah\u00e7e, N&#8217;Golo Kante ile 2,5 y\u0131ll\u0131k s\u00f6zle\u015fme imzalad\u0131. Sar\u0131-lacivertliler, Kante&#8217;nin lisans i\u015flemleri \u00f6ncesinde Youssef En-Nesyri&#8217;nin s\u00f6zle\u015fmesinin kar\u015f\u0131l\u0131kl\u0131 olarak feshedildi\u011fini de TFF&#8217;ye bildirdi. Bu i\u015flemin ard\u0131ndan Frans\u0131z y\u0131ld\u0131z\u0131n lisans\u0131 resmen \u00e7\u0131kar\u0131ld\u0131.<\/p>\n<p><b>\u0130STANBUL&#8217;A GEL\u0130YOR<\/b><\/p>\n<p>N&#8217;Golo Kante&#8217;nin saat 21.30&#8217;da Sabiha G\u00f6k\u00e7en Genel Havac\u0131l\u0131k Terminali&#8217;ne ini\u015f yapmas\u0131 bekleniyor. Y\u0131ld\u0131z futbolcunun sa\u011fl\u0131k kontrollerinin ard\u0131ndan Fenerbah\u00e7e i\u00e7in resmi imzay\u0131 ataca\u011f\u0131 \u00f6\u011frenildi.<\/p>\n","protected":false},"excerpt":{"rendered":"<p>Fenerbah\u00e7e, N&#8217;Golo Kante transferini son anda iptal olma tehlikesi ya\u015farken, Cumhurba\u015fkan\u0131 Recep Tayyip Erdo\u011fan&#8217;\u0131n devreye girmesiyle tamamlad\u0131. Sar\u0131-lacivertli kul\u00fcp, Frans\u0131z y\u0131ld\u0131zla 2,5 y\u0131ll\u0131k anla\u015fma sa\u011flad\u0131 ve T\u00fcrkiye Futbol Federasyonu&#8217;na resmi olarak bildirdi. Kante&#8217;nin saat 21.30&#8217;da Sabiha G\u00f6k\u00e7en Genel Havac\u0131l\u0131k Terminali&#8217;ne ini\u015f yapmas\u0131 ve sa\u011fl\u0131k kontrollerinin ard\u0131ndan Fenerbah\u00e7e i\u00e7in resmi imzay\u0131 atmas\u0131 bekleniyor.<\/p>\n","protected":false},"author":1,"featured_media":46647,"comment_status":"open","ping_status":"open","sticky":false,"template":"","format":"standard","meta":{"footnotes":""},"categories":[14],"tags":[1395,404],"class_list":["post-46646","post","type-post","status-publish","format-standard","has-post-thumbnail","hentry","category-spor","tag-kante","tag-transfer"],"_links":{"self":[{"href":"https:\/\/bihavadis.com\/index.php\/wp-json\/wp\/v2\/posts\/46646","targetHints":{"allow":["GET"]}}],"collection":[{"href":"https:\/\/bihavadis.com\/index.php\/wp-json\/wp\/v2\/posts"}],"about":[{"href":"https:\/\/bihavadis.com\/index.php\/wp-json\/wp\/v2\/types\/post"}],"author":[{"embeddable":true,"href":"https:\/\/bihavadis.com\/index.php\/wp-json\/wp\/v2\/users\/1"}],"replies":[{"embeddable":true,"href":"https:\/\/bihavadis.com\/index.php\/wp-json\/wp\/v2\/comments?post=46646"}],"version-history":[{"count":1,"href":"https:\/\/bihavadis.com\/index.php\/wp-json\/wp\/v2\/posts\/46646\/revisions"}],"predecessor-version":[{"id":46648,"href":"https:\/\/bihavadis.com\/index.php\/wp-json\/wp\/v2\/posts\/46646\/revisions\/46648"}],"wp:featuredmedia":[{"embeddable":true,"href":"https:\/\/bihavadis.com\/index.php\/wp-json\/wp\/v2\/media\/46647"}],"wp:attachment":[{"href":"https:\/\/bihavadis.com\/index.php\/wp-json\/wp\/v2\/media?parent=46646"}],"wp:term":[{"taxonomy":"category","embeddable":true,"href":"https:\/\/bihavadis.com\/index.php\/wp-json\/wp\/v2\/categories?post=46646"},{"taxonomy":"post_tag","embeddable":true,"href":"https:\/\/bihavadis.com\/index.php\/wp-json\/wp\/v2\/tags?post=46646"}],"curies":[{"name":"wp","href":"https:\/\/api.w.org\/{rel}","templated":true}]}}