{"id":46674,"date":"2026-02-25T06:57:36","date_gmt":"2026-02-25T06:57:36","guid":{"rendered":"https:\/\/bihavadis.com\/?p=46674"},"modified":"2026-02-25T06:57:36","modified_gmt":"2026-02-25T06:57:36","slug":"bahcesaraydaki-cig-faciasinin-taniklari-aci-dolu-anlari-unutamiyor","status":"publish","type":"post","link":"https:\/\/bihavadis.com\/index.php\/2026\/02\/25\/bahcesaraydaki-cig-faciasinin-taniklari-aci-dolu-anlari-unutamiyor\/","title":{"rendered":"Bah\u00e7esaray&#8217;daki \u00e7\u0131\u011f facias\u0131n\u0131n tan\u0131klar\u0131 ac\u0131 dolu anlar\u0131 unutam\u0131yor"},"content":{"rendered":"<p> Van&#8217;da 4 ve 5 \u015eubat 2020&#8217;de d\u00fc\u015fen \u00e7\u0131\u011flarda 42 ki\u015finin hayat\u0131n\u0131 kaybetti\u011fi felakete tan\u0131kl\u0131k eden y\u00f6re sakinleri, b\u00fcy\u00fck ac\u0131lar\u0131n ya\u015fand\u0131\u011f\u0131 g\u00fcn\u00fc h\u00fcz\u00fcnle hat\u0131rl\u0131yor.<\/p>\n<p>Y\u00fcksek da\u011flar\u0131n yama\u00e7lar\u0131ndan ge\u00e7en ve virajlar\u0131yla s\u00fcr\u00fcc\u00fcleri korkutan Van- Bah\u00e7esaray kara yolunun Karabet Ge\u00e7idi yak\u0131nlar\u0131na 4 ve 5 \u015eubat 2020&#8217;de iki kez \u00e7\u0131\u011f d\u00fc\u015ft\u00fc.<\/p>\n<p>Van&#8217;dan Bah\u00e7esaray&#8217;a yolcu ta\u015f\u0131yan minib\u00fcs ile ayn\u0131 b\u00f6lgede karla m\u00fccadele \u00e7al\u0131\u015fmas\u0131 y\u00fcr\u00fcten i\u015f makinesi, 4 \u015eubat&#8217;ta 2 bin 985 rak\u0131ml\u0131 Karabet Ge\u00e7idi yak\u0131nlar\u0131nda d\u00fc\u015fen \u00e7\u0131\u011f\u0131n alt\u0131nda kald\u0131.<\/p>\n<p>8 ki\u015finin ya\u015fam\u0131n\u0131 yitirdi\u011fi \u00e7\u0131\u011fda arama kurtarma \u00e7al\u0131\u015fmalar\u0131 devam ederken 5 \u015eubat&#8217;ta ikinci \u00e7\u0131\u011f d\u00fc\u015ft\u00fc, 11 jandarma personeli, 9 g\u00fcvenlik korucusu \u015fehit oldu, 2 itfaiye personeli ve yard\u0131ma giden 12 ki\u015fi hayat\u0131n\u0131 kaybetti.<\/p>\n<p>\u00c7\u0131\u011f\u0131n d\u00fc\u015ft\u00fc\u011f\u00fc b\u00f6lgeye en yak\u0131n yerle\u015fim birimi olan Yukar\u0131 Narl\u0131ca Mahallesi sakinleri, arama kurtarma ekipleriyle kar y\u0131\u011f\u0131n\u0131 alt\u0131nda kalanlar\u0131n kurtar\u0131lmas\u0131 i\u00e7in b\u00fcy\u00fck \u00e7aba g\u00f6sterdi.<\/p>\n<p>Bir\u00e7ok ki\u015finin kar alt\u0131ndan yaral\u0131 \u00e7\u0131kar\u0131lmas\u0131na katk\u0131 sunan mahalleliler, aradan 6 y\u0131l ge\u00e7se de hayat\u0131n\u0131 kaybeden 42 ki\u015finin ac\u0131s\u0131n\u0131 unutam\u0131yor.<\/p>\n<p>Yol kar ve \u00e7\u0131\u011f riski nedeniyle kapal\u0131 tutuluyor<\/p>\n<p>B\u00fcy\u00fck ac\u0131lar\u0131n ya\u015fanmas\u0131na neden olan \u00e7\u0131\u011f felaketlerinin ard\u0131ndan yeni ac\u0131lar\u0131n ya\u015fanmamas\u0131 i\u00e7in yolda g\u00fcvenlik \u00f6nlemleri al\u0131n\u0131yor.<\/p>\n<p>B\u00f6lgedeki \u00e7\u0131\u011f yataklar\u0131n\u0131 tespit eden AFAD \u0130l M\u00fcd\u00fcrl\u00fc\u011f\u00fc, y\u00f6re sakinlerini de yapt\u0131\u011f\u0131 bildirimlerle \u00e7\u0131\u011f ve di\u011fer olumsuzluklara kar\u015f\u0131 s\u00fcrekli uyar\u0131yor.<\/p>\n<p>Van-Bah\u00e7esaray kara yolu, \u00e7\u0131\u011f riski nedeniyle karl\u0131 d\u00f6nemlerde Yukar\u0131 Narl\u0131ca Mahallesi&#8217;nden itibaren tedbiren ula\u015f\u0131ma kapal\u0131 tutuluyor. Bah\u00e7esaray&#8217;a ula\u015f\u0131m Bitlis&#8217;in Hizan il\u00e7esindeki yoldan sa\u011flan\u0131yor.<\/p>\n<p>&#8220;\u00c7ok \u015f\u00fck\u00fcr bu sene s\u0131k\u0131nt\u0131l\u0131 bir olay ya\u015famad\u0131k&#8221;<\/p>\n<p>Yukar\u0131 Narl\u0131ca Mahallesi Muhtar\u0131 Sadi Kaplan, AA muhabirine, bu y\u0131l da b\u00f6lgenin yo\u011fun ya\u011f\u0131\u015f ald\u0131\u011f\u0131n\u0131 s\u00f6yledi.<\/p>\n<p>B\u00f6lgede ya\u015fayan herkesin bir t\u00fcnel hayalinin oldu\u011funu belirten Kaplan, \u015f\u00f6yle konu\u015ftu: <\/p>\n<p>&#8220;Yolun kapanmas\u0131 herkes i\u00e7in \u00e7ok zor bir durum ancak bu \u015fekilde olmas\u0131 herkesin can ve mal g\u00fcvenli\u011fi a\u00e7\u0131s\u0131ndan daha \u00f6nemli. Valilik, Kaymakaml\u0131k ve ilgili kurumlar\u0131n talimat\u0131 sonras\u0131 g\u00fcvenlik sorunu g\u00f6r\u00fclen g\u00fcnlerde yol trafi\u011fe kapat\u0131l\u0131yor hatta bizim mahalle yolumuz bile 4 g\u00fcn kapal\u0131 kald\u0131 ve sonras\u0131nda a\u00e7\u0131ld\u0131. \u00c7ok \u015f\u00fck\u00fcr bu sene s\u0131k\u0131nt\u0131l\u0131 bir olay ya\u015famad\u0131k. Yine \u00e7\u0131\u011f\u0131n y\u0131l d\u00f6n\u00fcm\u00fc ve ac\u0131lar\u0131m\u0131z tazeleniyor. Bizler mahalleli olarak \u00e7\u0131\u011f noktas\u0131ndayd\u0131k. Olay\u0131n en yak\u0131n tan\u0131klar\u0131ndand\u0131k. \u0130n\u015fallah bir daha b\u00f6yle bir afet ya\u015fanmaz.&#8221;<\/p>\n<p>Mahalle sakinlerinden Turan Kaya da \u00e7\u0131\u011f felaketinin 6. y\u0131l\u0131nda ya\u015fad\u0131klar\u0131 ac\u0131lar\u0131n tazelendi\u011fini dile getirdi.<\/p>\n<p>\u00c7ok kar ya\u011fd\u0131\u011f\u0131nda o ac\u0131 g\u00fcnleri hat\u0131rlad\u0131klar\u0131n\u0131 anlatan Kaya, &#8220;Bug\u00fcnlerde etkili olan ya\u011f\u0131\u015f o zamanki gibi etkili. Mahallemiz ve \u00e7\u0131\u011f b\u00f6lgesine yine \u00e7ok kar ya\u011fd\u0131. Bu havalar bize hep o ac\u0131 g\u00fcnleri hat\u0131rlat\u0131yor. Evde sohbet an\u0131nda bile hep bahsediyoruz, ac\u0131lar\u0131m\u0131z hi\u00e7 dinmiyor. Unutulacak bir ac\u0131 de\u011fil maalesef. Y\u0131llard\u0131r bu yoldan hem mal\u0131m\u0131zla hem can\u0131m\u0131zla \u00e7ok \u00e7ektik. Yakla\u015f\u0131k 5-6 ay k\u0131\u015f s\u00fcresince bunun s\u0131k\u0131nt\u0131s\u0131n\u0131 ya\u015f\u0131yoruz. O olaya da bizzat m\u00fcdahale ettik. K\u0131yamet sahnesi gibiydi. \u00c7\u0131\u011f\u0131 ya\u015fayanlar\u0131, yard\u0131ma gelenleri evimizde misafir ettik. \u0130nsan ister istemez unutam\u0131yor. Allah bir daha ya\u015fatmas\u0131n.&#8221; ifadelerini kulland\u0131.<\/p>\n","protected":false},"excerpt":{"rendered":"<p>Van&#8217;da 4 ve 5 \u015eubat 2020&#8217;de d\u00fc\u015fen \u00e7\u0131\u011flarda 42 ki\u015finin hayat\u0131n\u0131 kaybetti\u011fi felakete tan\u0131kl\u0131k eden y\u00f6re sakinleri, b\u00fcy\u00fck ac\u0131lar\u0131n ya\u015fand\u0131\u011f\u0131 g\u00fcn\u00fc h\u00fcz\u00fcnle hat\u0131rl\u0131yor.<\/p>\n","protected":false},"author":1,"featured_media":46675,"comment_status":"open","ping_status":"open","sticky":false,"template":"","format":"standard","meta":{"footnotes":""},"categories":[9,4,13],"tags":[3497,338,297,1018,531],"class_list":["post-46674","post","type-post","status-publish","format-standard","has-post-thumbnail","hentry","category-genel","category-gundem","category-son-dakika","tag-aci","tag-cig","tag-kar","tag-mahalle","tag-yol"],"_links":{"self":[{"href":"https:\/\/bihavadis.com\/index.php\/wp-json\/wp\/v2\/posts\/46674","targetHints":{"allow":["GET"]}}],"collection":[{"href":"https:\/\/bihavadis.com\/index.php\/wp-json\/wp\/v2\/posts"}],"about":[{"href":"https:\/\/bihavadis.com\/index.php\/wp-json\/wp\/v2\/types\/post"}],"author":[{"embeddable":true,"href":"https:\/\/bihavadis.com\/index.php\/wp-json\/wp\/v2\/users\/1"}],"replies":[{"embeddable":true,"href":"https:\/\/bihavadis.com\/index.php\/wp-json\/wp\/v2\/comments?post=46674"}],"version-history":[{"count":1,"href":"https:\/\/bihavadis.com\/index.php\/wp-json\/wp\/v2\/posts\/46674\/revisions"}],"predecessor-version":[{"id":46676,"href":"https:\/\/bihavadis.com\/index.php\/wp-json\/wp\/v2\/posts\/46674\/revisions\/46676"}],"wp:featuredmedia":[{"embeddable":true,"href":"https:\/\/bihavadis.com\/index.php\/wp-json\/wp\/v2\/media\/46675"}],"wp:attachment":[{"href":"https:\/\/bihavadis.com\/index.php\/wp-json\/wp\/v2\/media?parent=46674"}],"wp:term":[{"taxonomy":"category","embeddable":true,"href":"https:\/\/bihavadis.com\/index.php\/wp-json\/wp\/v2\/categories?post=46674"},{"taxonomy":"post_tag","embeddable":true,"href":"https:\/\/bihavadis.com\/index.php\/wp-json\/wp\/v2\/tags?post=46674"}],"curies":[{"name":"wp","href":"https:\/\/api.w.org\/{rel}","templated":true}]}}