{"id":46695,"date":"2026-02-25T07:12:09","date_gmt":"2026-02-25T07:12:09","guid":{"rendered":"https:\/\/bihavadis.com\/?p=46695"},"modified":"2026-02-25T07:12:09","modified_gmt":"2026-02-25T07:12:09","slug":"kartal-kayra-yilmaz-ozur-diledi-formaya-saygisizlik-niyetim-yoktu","status":"publish","type":"post","link":"https:\/\/bihavadis.com\/index.php\/2026\/02\/25\/kartal-kayra-yilmaz-ozur-diledi-formaya-saygisizlik-niyetim-yoktu\/","title":{"rendered":"Kartal Kayra Y\u0131lmaz \u00f6z\u00fcr diledi: Formaya sayg\u0131s\u0131zl\u0131k niyetim yoktu"},"content":{"rendered":"<p>S\u00fcper Lig&#8217;in 22. haftas\u0131nda Ba\u015fak\u015fehir ile Be\u015fikta\u015f kar\u015f\u0131 kar\u015f\u0131ya geldi.<\/p>\n<p>Ba\u015fak\u015fehir Fatih Terim Stadyumu&#8217;nda oynanan m\u00fcsabaka, siyah-beyazl\u0131lar\u0131n 3-2&#8217;lik \u00fcst\u00fcnl\u00fc\u011f\u00fcyle sonu\u00e7land\u0131.<\/p>\n<p>Konuk ekibe galibiyeti getiren golleri 43. dakikada Oh Hyeon-Gyu, 58. dakikada Orkun K\u00f6k\u00e7\u00fc ve 90+6. dakikada Mustafa Hekimo\u011flu kaydetti.<\/p>\n<p>Ba\u015fak\u015fehir&#8217;in say\u0131lar\u0131 ise 36. dakikada Selke ve 88. dakikada Bertu\u011f Y\u0131ld\u0131r\u0131m&#8217;dan geldi.<\/p>\n<p>Bu skorun ard\u0131ndan son 5 ma\u00e7ta 3. kez kazanan Be\u015fikta\u015f, 40 puanla 5. s\u0131rada yer ald\u0131.<\/p>\n<p><strong>KARTAL KAYRA YILMAZ&#8217;IN HAREKET\u0130 TEPK\u0130 \u00c7EKT\u0130<\/strong><\/p>\n<p>Ba\u015fak\u015fehir ise 33 puanla 6. basamakta yer buldu. Be\u015fikta\u015f, gelecek hafta G\u00f6ztepe&#8217;yi a\u011f\u0131rlayacak. Ba\u015fak\u015fehir ise Alanyaspor deplasman\u0131na \u00e7\u0131kacak.<\/p>\n<p>Be\u015fikta\u015f&#8217;ta ma\u00e7 kadrosunda yer alan ancak oyuna dahil olmayan Kartal Kayra Y\u0131lmaz&#8217;\u0131n yedek kul\u00fcbesinde yapt\u0131\u011f\u0131 hareket, siyah-beyazl\u0131 taraftarlar\u0131n b\u00fcy\u00fck tepkisini \u00e7ekti.<\/p>\n<p>Y\u0131lmaz&#8217;\u0131n kul\u00fcbede yere d\u00fc\u015fen Be\u015fikta\u015f formas\u0131n\u0131 aya\u011f\u0131yla itti\u011fi g\u00f6r\u00fcl\u00fcrken bu g\u00f6r\u00fcnt\u00fc, k\u0131sa s\u00fcrede sosyal medyada en \u00e7ok konu\u015fulanlar aras\u0131na girdi.<\/p>\n<p><img decoding=\"async\" src=\"https:\/\/bihavadis.com\/wp-content\/uploads\/2026\/02\/kartal-kayra-yilmaz-ozur-diledi-formaya-saygisizlik-niyetim-yoktu-0-gjH423Z7.jpg\"\/><\/p>\n<p><strong>\u00d6Z\u00dcR D\u0130LED\u0130: O AN FARKINDA DE\u011e\u0130LD\u0130M, REFLEKS\u0130F B\u0130R HAREKETLE OLDU<\/strong><\/p>\n<p>25 ya\u015f\u0131ndaki futbolcu, \u00e7ok\u00e7a tart\u0131\u015f\u0131lan g\u00f6r\u00fcnt\u00fc sonras\u0131 sosyal medya hesab\u0131ndan \u00f6z\u00fcr mesaj\u0131 yay\u0131nlad\u0131.<\/p>\n<p>Y\u0131lmaz&#8217;\u0131n payla\u015f\u0131m\u0131nda \u015fu ifadeler yer ald\u0131:<\/p>\n<p>&#8220;Bug\u00fcn ma\u00e7 s\u0131ras\u0131nda yedek kul\u00fcbesinde ya\u015fanan ve sosyal medyaya yans\u0131yan bir g\u00f6r\u00fcnt\u00fc hakk\u0131nda bu a\u00e7\u0131klamay\u0131 yapma gere\u011fi duydum. Be\u015fikta\u015f formas\u0131 benim i\u00e7in her zaman b\u00fcy\u00fck bir gurur ve onurdur. G\u00f6r\u00fcnt\u00fclerde yer alan pozisyonda formam\u0131z\u0131n yere d\u00fc\u015ft\u00fc\u011f\u00fcn\u00fcn o an fark\u0131nda de\u011fildim. Ma\u00e7\u0131n heyecan\u0131 ve konsantrasyonuyla tamamen refleksif bir hareket sonucunda olu\u015fan bu durumun taraftarlar\u0131m\u0131z\u0131 \u00fczd\u00fc\u011f\u00fcn\u00fc g\u00f6rmek beni de fazlas\u0131yla \u00fczm\u00fc\u015ft\u00fcr. 14 y\u0131ld\u0131r onurla terletti\u011fim bu kutsal formaya kar\u015f\u0131 herhangi bir sayg\u0131s\u0131zl\u0131k d\u00fc\u015f\u00fcncem ya da davran\u0131\u015f\u0131m s\u00f6z konusu olamaz. K\u0131r\u0131lan ve \u00fcz\u00fclen t\u00fcm taraftarlar\u0131m\u0131zdan i\u00e7tenlikle \u00f6z\u00fcr dilerim. Sahada her zaman oldu\u011fu gibi armam\u0131z i\u00e7in m\u00fccadele etmeye devam edece\u011fim. Sayg\u0131lar\u0131mla&#8221;<\/p>\n<p><img decoding=\"async\" src=\"https:\/\/bihavadis.com\/wp-content\/uploads\/2026\/02\/kartal-kayra-yilmaz-ozur-diledi-formaya-saygisizlik-niyetim-yoktu-1-xdaW9KB9.jpg\"\/><\/p>\n<p><img decoding=\"async\" src=\"https:\/\/bihavadis.com\/wp-content\/uploads\/2026\/02\/kartal-kayra-yilmaz-ozur-diledi-formaya-saygisizlik-niyetim-yoktu-2-6MzyfE5J.jpg\"\/><\/p>\n","protected":false},"excerpt":{"rendered":"<p>Be\u015fikta\u015f&#8217;\u0131n gen\u00e7 futbolcusu Kartal Kayra Y\u0131lmaz, yedek kul\u00fcbesinde forman\u0131n yere d\u00fc\u015ft\u00fc\u011f\u00fc g\u00f6r\u00fcnt\u00fclerle ilgili a\u00e7\u0131klama yaparak siyah-beyazl\u0131 camiadan ve taraftarlardan \u00f6z\u00fcr diledi.<\/p>\n","protected":false},"author":1,"featured_media":46696,"comment_status":"open","ping_status":"open","sticky":false,"template":"","format":"standard","meta":{"footnotes":""},"categories":[14],"tags":[2522,651],"class_list":["post-46695","post","type-post","status-publish","format-standard","has-post-thumbnail","hentry","category-spor","tag-basaksehir","tag-besiktas"],"_links":{"self":[{"href":"https:\/\/bihavadis.com\/index.php\/wp-json\/wp\/v2\/posts\/46695","targetHints":{"allow":["GET"]}}],"collection":[{"href":"https:\/\/bihavadis.com\/index.php\/wp-json\/wp\/v2\/posts"}],"about":[{"href":"https:\/\/bihavadis.com\/index.php\/wp-json\/wp\/v2\/types\/post"}],"author":[{"embeddable":true,"href":"https:\/\/bihavadis.com\/index.php\/wp-json\/wp\/v2\/users\/1"}],"replies":[{"embeddable":true,"href":"https:\/\/bihavadis.com\/index.php\/wp-json\/wp\/v2\/comments?post=46695"}],"version-history":[{"count":1,"href":"https:\/\/bihavadis.com\/index.php\/wp-json\/wp\/v2\/posts\/46695\/revisions"}],"predecessor-version":[{"id":46700,"href":"https:\/\/bihavadis.com\/index.php\/wp-json\/wp\/v2\/posts\/46695\/revisions\/46700"}],"wp:featuredmedia":[{"embeddable":true,"href":"https:\/\/bihavadis.com\/index.php\/wp-json\/wp\/v2\/media\/46696"}],"wp:attachment":[{"href":"https:\/\/bihavadis.com\/index.php\/wp-json\/wp\/v2\/media?parent=46695"}],"wp:term":[{"taxonomy":"category","embeddable":true,"href":"https:\/\/bihavadis.com\/index.php\/wp-json\/wp\/v2\/categories?post=46695"},{"taxonomy":"post_tag","embeddable":true,"href":"https:\/\/bihavadis.com\/index.php\/wp-json\/wp\/v2\/tags?post=46695"}],"curies":[{"name":"wp","href":"https:\/\/api.w.org\/{rel}","templated":true}]}}