{"id":46737,"date":"2026-02-25T07:39:38","date_gmt":"2026-02-25T07:39:38","guid":{"rendered":"https:\/\/bihavadis.com\/?p=46737"},"modified":"2026-02-25T07:39:38","modified_gmt":"2026-02-25T07:39:38","slug":"kardesi-gozaltina-alinan-dilek-imamoglundan-ilk-aciklama","status":"publish","type":"post","link":"https:\/\/bihavadis.com\/index.php\/2026\/02\/25\/kardesi-gozaltina-alinan-dilek-imamoglundan-ilk-aciklama\/","title":{"rendered":"Karde\u015fi g\u00f6zalt\u0131na al\u0131nan Dilek \u0130mamo\u011flu&#8217;ndan ilk a\u00e7\u0131klama"},"content":{"rendered":"<p>\u0130stanbul Anadolu Cumhuriyet Ba\u015fsavc\u0131l\u0131\u011f\u0131nca, &#8220;uyu\u015fturucu veya uyar\u0131c\u0131 madde imal ve ticareti&#8221;, &#8220;uyu\u015fturucu veya uyar\u0131c\u0131 madde kullan\u0131lmas\u0131n\u0131 kolayla\u015ft\u0131rma&#8221; ile &#8220;kullanmak i\u00e7in uyu\u015fturucu veya uyar\u0131c\u0131 madde sat\u0131n almak, kabul etmek veya bulundurmak ya da uyu\u015fturucu veya uyar\u0131c\u0131 madde kullanmak&#8221; su\u00e7lar\u0131na y\u00f6nelik y\u00fcr\u00fct\u00fclen soru\u015fturma devam ediyor.<\/p>\n<p>Soru\u015fturma kapsam\u0131nda, Ekrem \u0130mamo\u011flu&#8217;nun e\u015fi Dilek \u0130mamo\u011flu&#8217;nun karde\u015fi Ali Kaya g\u00f6zalt\u0131na al\u0131nd\u0131. Dilek \u0130mamo\u011flu&#8217;nun a\u011fabeyi Cevat Kaya da \u0130BB soru\u015fturmas\u0131nda Nisan 2025&#8217;te tutuklanm\u0131\u015ft\u0131.<\/p>\n<p><b>&#8220;A\u0130LEM\u0130N \u00dcZER\u0130NDEN EL\u0130N\u0130Z\u0130 \u00c7EK\u0130N&#8221;<\/b><\/p>\n<p>A\u00e7\u0131klamas\u0131nda ailesinin hedef al\u0131nd\u0131\u011f\u0131n\u0131 s\u00f6yleyen \u0130mamo\u011flu, \u015fu ifadeleri kulland\u0131:<\/p>\n<p>&#8220;Ailemin \u00fczerinden elinizi \u00e7ekin! \u00d6nce sevgili e\u015fim Ekrem \u0130mamo\u011flu ve \u00e7al\u0131\u015fma arkada\u015flar\u0131 hedef al\u0131nd\u0131. Ard\u0131ndan ailelerimiz\u2026 B\u00fcy\u00fck bir sab\u0131r ve sorumlulukla, ya\u015fananlar\u0131n &#8216;aileler \u00fczerinden&#8217; y\u00fcr\u00fct\u00fclen bir hedef g\u00f6sterme kampanyas\u0131na d\u00f6n\u00fc\u015fmemesi i\u00e7in m\u00fccadele ediyoruz. Buna ra\u011fmen ailemiz \u0131srarla bu s\u00fcrecin i\u00e7ine \u00e7ekiliyor. Kay\u0131npederim, \u00e7ocuklar\u0131m ve abimden sonra \u015fimdi de di\u011fer abim\u2026&#8221;<\/p>\n<p><span> <span><img decoding=\"async\" src=\"https:\/\/bihavadis.com\/wp-content\/uploads\/2026\/02\/kardesi-gozaltina-alinan-dilek-imamoglundan-ilk-aciklama-0-QsXywXAP.jpg\"\/><\/span> <span>Dilek \u0130mamo\u011flu&#8217;nun karde\u015fi uyu\u015fturucu soru\u015fturmas\u0131nda g\u00f6zalt\u0131na al\u0131nd\u0131<\/span><\/span><\/p>\n<p><b>&#8220;NE V\u0130CDAN NE HUKUK&#8221;<\/b><\/p>\n<p>\u0130mamo\u011flu, yap\u0131lanlar\u0131n sadece siyasi hesaplara dayand\u0131\u011f\u0131n\u0131 belirtti:<\/p>\n<p>&#8220;\u0130tibar zedelemek, kamuoyunda alg\u0131 yaratmak ve siyasi hesaplar u\u011fruna her t\u00fcrl\u00fc iftira ve karalama y\u00f6ntemine ba\u015fvuruluyor. Bu; ne vicdanla, ne hukukla ne de insanl\u0131kla ba\u011fda\u015f\u0131r.&#8221;<\/p>\n<p><b>&#8220;MASUM\u0130YET KAR\u0130NES\u0130 TEMEL \u0130LKED\u0130R&#8221;<\/b><\/p>\n<p>A\u00e7\u0131klamas\u0131nda hukuk devletinin temel ilkelerine de vurgu yapan Dilek \u0130mamo\u011flu, masumiyet karinesinin ihlal edildi\u011fini s\u00f6yledi:<\/p>\n<p>&#8220;Masumiyet karinesi ve lekelenmeme hakk\u0131, bir hukuk devletinin vazge\u00e7ilmez ve dokunulamaz temel ilkeleridir. Bu haklar, siyasi saiklerle keyfi bi\u00e7imde a\u015f\u0131nd\u0131r\u0131lamaz. Ailelerin, bask\u0131 kurmak i\u00e7in hedef al\u0131nd\u0131\u011f\u0131 hi\u00e7bir s\u00fcre\u00e7 me\u015fru de\u011fildir. Hukuk; dedikodularla, y\u00f6nlendirmelerle de\u011fil; yaln\u0131zca somut delillerle, adil ve \u015feffaf bi\u00e7imde i\u015fletilmelidir.&#8221;<\/p>\n<p><b>&#8220;ARTIK YETER&#8221;<\/b><\/p>\n<p>\u0130mamo\u011flu, \u00e7a\u011fr\u0131s\u0131n\u0131n yaln\u0131zca kendi ailesine de\u011fil, hukuka inanan herkese y\u00f6nelik oldu\u011funu belirtti:<\/p>\n<p>&#8220;Bu \u00e7a\u011fr\u0131 yaln\u0131zca benim ailem i\u00e7in de\u011fildir. Bu, hukuka, adalete ve demokrasinin asgari g\u00fcvencelerine ihtiya\u00e7 duyan herkes i\u00e7indir. Art\u0131k yeter! Aileler \u00fczerinden y\u00fcr\u00fct\u00fclen kirli senaryolara son verin! Hukuku siyasetin arac\u0131 haline getirmekten vazge\u00e7in! Adil, temiz ve hukuka uygun s\u00fcre\u00e7ler derhal i\u015fletilsin!&#8221;<\/p>\n<div>\n<figure><img decoding=\"async\" src=\"https:\/\/bihavadis.com\/wp-content\/uploads\/2026\/02\/kardesi-gozaltina-alinan-dilek-imamoglundan-ilk-aciklama-1-9zeLK7ei.jpg\"\/><\/figure>\n<\/div>\n","protected":false},"excerpt":{"rendered":"<p>Karde\u015fi Ali Kaya&#8217;n\u0131n uyu\u015fturucu operasyonunda g\u00f6zalt\u0131na al\u0131nmas\u0131n\u0131n ard\u0131ndan Dilek \u0130mamo\u011flu&#8217;ndan ilk a\u00e7\u0131klama geldi. \u0130mamo\u011flu, &#8220;Ailemin \u00fczerinden elinizi \u00e7ekin! B\u00fcy\u00fck bir sab\u0131r ve sorumlulukla, ya\u015fananlar\u0131n &#8220;aileler \u00fczerinden&#8221; y\u00fcr\u00fct\u00fclen bir hedef g\u00f6sterme kampanyas\u0131na d\u00f6n\u00fc\u015fmemesi i\u00e7in m\u00fccadele ediyoruz&#8230;&#8221; dedi.<\/p>\n","protected":false},"author":1,"featured_media":46738,"comment_status":"open","ping_status":"open","sticky":false,"template":"","format":"standard","meta":{"footnotes":""},"categories":[12],"tags":[6205,1993,6204,559],"class_list":["post-46737","post","type-post","status-publish","format-standard","has-post-thumbnail","hentry","category-siyaset","tag-alindi","tag-hukuk","tag-imamoglu","tag-uyusturucu"],"_links":{"self":[{"href":"https:\/\/bihavadis.com\/index.php\/wp-json\/wp\/v2\/posts\/46737","targetHints":{"allow":["GET"]}}],"collection":[{"href":"https:\/\/bihavadis.com\/index.php\/wp-json\/wp\/v2\/posts"}],"about":[{"href":"https:\/\/bihavadis.com\/index.php\/wp-json\/wp\/v2\/types\/post"}],"author":[{"embeddable":true,"href":"https:\/\/bihavadis.com\/index.php\/wp-json\/wp\/v2\/users\/1"}],"replies":[{"embeddable":true,"href":"https:\/\/bihavadis.com\/index.php\/wp-json\/wp\/v2\/comments?post=46737"}],"version-history":[{"count":1,"href":"https:\/\/bihavadis.com\/index.php\/wp-json\/wp\/v2\/posts\/46737\/revisions"}],"predecessor-version":[{"id":46741,"href":"https:\/\/bihavadis.com\/index.php\/wp-json\/wp\/v2\/posts\/46737\/revisions\/46741"}],"wp:featuredmedia":[{"embeddable":true,"href":"https:\/\/bihavadis.com\/index.php\/wp-json\/wp\/v2\/media\/46738"}],"wp:attachment":[{"href":"https:\/\/bihavadis.com\/index.php\/wp-json\/wp\/v2\/media?parent=46737"}],"wp:term":[{"taxonomy":"category","embeddable":true,"href":"https:\/\/bihavadis.com\/index.php\/wp-json\/wp\/v2\/categories?post=46737"},{"taxonomy":"post_tag","embeddable":true,"href":"https:\/\/bihavadis.com\/index.php\/wp-json\/wp\/v2\/tags?post=46737"}],"curies":[{"name":"wp","href":"https:\/\/api.w.org\/{rel}","templated":true}]}}