{"id":46746,"date":"2026-02-25T07:45:05","date_gmt":"2026-02-25T07:45:05","guid":{"rendered":"https:\/\/bihavadis.com\/?p=46746"},"modified":"2026-02-25T07:45:05","modified_gmt":"2026-02-25T07:45:05","slug":"erdoganin-suudi-arabistan-ziyaretinde-yenilenebilir-enerji-anlasmalari-imzalandi","status":"publish","type":"post","link":"https:\/\/bihavadis.com\/index.php\/2026\/02\/25\/erdoganin-suudi-arabistan-ziyaretinde-yenilenebilir-enerji-anlasmalari-imzalandi\/","title":{"rendered":"Erdo\u011fan&#8217;\u0131n Suudi Arabistan Ziyaretinde Yenilenebilir Enerji Anla\u015fmalar\u0131 \u0130mzaland\u0131"},"content":{"rendered":"<p><strong>Cumhurba\u015fkan\u0131 Recep Tayyip Erdo\u011fan&#8217;\u0131n Veliaht Prens Muhammed bin Selman ile g\u00f6r\u00fc\u015fmesinde yenilenebilir enerjiden uzay\u0131n bar\u0131\u015f\u00e7\u0131l ama\u00e7larla kullan\u0131m\u0131na \u00e7e\u015fitli alanlarda d\u00f6rt anla\u015fma imzaland\u0131. <\/strong><\/p>\n<p>Erdo\u011fan, Suudi Arabistan ziyaretinin ard\u0131ndan bug\u00fcn M\u0131s\u0131r&#8217;a ge\u00e7iyor.<\/p>\n<p>G\u00f6r\u00fc\u015fmelere damga vuran sonu\u00e7lardan biri de iki \u00fclkenin g\u00fcne\u015f enerjisi alan\u0131nda yapt\u0131\u011f\u0131 iki milyar dolarl\u0131k anla\u015fmayd\u0131.<\/p>\n<p> Enerji ve Tabii Kaynaklar Bakan\u0131 Alparslan Bayraktar&#8217;\u0131n duyurdu\u011fu anla\u015fman\u0131n katk\u0131s\u0131yla T\u00fcrkiye&#8217;de g\u00fcne\u015f enerjisi \u00fcretim kapasitesinin yakla\u015f\u0131k 5 bin megavatl\u0131k art\u0131r\u0131lmas\u0131 bekleniyor. <\/p>\n<p>Bayraktar, &#8220;\u0130mza att\u0131\u011f\u0131m\u0131z ilk k\u0131s\u0131m 2 bin megavatl\u0131k g\u00fcne\u015f projelerini i\u00e7eriyor. Bunun 1000 megavat\u0131 Sivas&#8217;ta, 1000 megavat\u0131 da Karaman&#8217;da Ta\u015feli&#8217;nde ger\u00e7ekle\u015fecek&#8221; dedi. <\/p>\n<p>Bakan Bayraktar, Ta\u015feli&#8217;ndeki santralden T\u00fcrkiye&#8217;nin yakla\u015f\u0131k 25 y\u0131l boyunca elektri\u011fi kilovat saat ba\u015f\u0131na 1,99 avro sentten alaca\u011f\u0131n\u0131 belirtti. <\/p>\n<p>Bunun T\u00fcrkiye tarihindeki en d\u00fc\u015f\u00fck fiyatl\u0131 elektrik al\u0131m\u0131 oldu\u011funu da ekledi. <\/p>\n<p>Bayraktar projenin temelinin 2027&#8217;de at\u0131lmas\u0131n\u0131n ve ayn\u0131 ilk faz\u0131n tamamlanmas\u0131n\u0131n planland\u0131\u011f\u0131n\u0131 s\u00f6yledi.<\/p>\n<p>&#8220;2028 ve 2029&#8217;da projenin t\u00fcm\u00fcyle tamamlanmas\u0131n\u0131 hedefliyoruz&#8221; diye ekledi. <\/p>\n<p>Bayraktar, bunun d\u0131\u015f\u0131nda Suudi Arabistan&#8217;dan T\u00fcrkiye&#8217;ye uzanacak bir elektrik iletim hatt\u0131 projesi i\u00e7in de \u00e7al\u0131\u015fmalara ba\u015flanaca\u011f\u0131n\u0131 ifade etti. <\/p>\n<p>Bug\u00fcnk\u00fc M\u0131s\u0131r ziyareti kapsam\u0131nda do\u011fal gaz alan\u0131ndaki i\u015fbirliklerinin \u00f6n planda olaca\u011f\u0131n\u0131 belirtti. <\/p>\n<p>M\u0131s\u0131r ile petrol ve do\u011fal gaz aramalar\u0131, kaynaklar\u0131n ticareti ve yaz aylar\u0131nda at\u0131l kalan gazla\u015ft\u0131rma gemilerinin M\u0131s\u0131r&#8217;da de\u011ferlendirilmesine y\u00f6nelik projelerin g\u00f6r\u00fc\u015f\u00fcld\u00fc\u011f\u00fcn\u00fc kaydetti. <\/p>\n<p>Cumhurba\u015fkan\u0131 Erdo\u011fan&#8217;\u0131n Suudi Arabistan ziyaretinin ard\u0131ndan yay\u0131mlanan ortak bildiride iki \u00fclkenin ili\u015fkilerini her alanda g\u00fc\u00e7lendirme konusunda anla\u015ft\u0131\u011f\u0131 belirtildi. <\/p>\n<p>Ticaretin ve yat\u0131r\u0131mlar\u0131n art\u0131r\u0131lmas\u0131, enerji alan\u0131nda petrol, yenilenebilir enerji ve temiz hidrojen projelerinde i\u015fbirli\u011finin geli\u015ftirilmesi kararla\u015ft\u0131r\u0131ld\u0131. <\/p>\n<p>\u0130klim de\u011fi\u015fikli\u011fi, savunma, siber g\u00fcvenlik, yapay zeka, uzay, turizm ve sa\u011fl\u0131k gibi alanlarda ortakl\u0131\u011f\u0131n derinle\u015ftirilmesi \u00f6ng\u00f6r\u00fcld\u00fc. <\/p>\n<p>Bildiride ayr\u0131ca Gazze&#8217;de ate\u015fkes, insani yard\u0131m\u0131n ula\u015ft\u0131r\u0131lmas\u0131 ve b\u00f6lgede \u00e7at\u0131\u015fmalar\u0131n \u00e7\u00f6z\u00fcm\u00fcnde ba\u015fkenti Do\u011fu Kud\u00fcs olan ba\u011f\u0131ms\u0131z Filistin devletinin tan\u0131nmas\u0131n\u0131n \u00f6nemi vurguland\u0131. <\/p>\n<p>B\u00f6lge \u00fclkelerinin toprak b\u00fct\u00fcnl\u00fc\u011f\u00fcne destek ve Rusya-Ukrayna sava\u015f\u0131 i\u00e7in m\u00fczakereye dayal\u0131 \u00e7\u00f6z\u00fcm \u00e7a\u011fr\u0131s\u0131 yap\u0131ld\u0131\u011f\u0131 ifade edildi.<\/p>\n","protected":false},"excerpt":{"rendered":"<p>Cumhurba\u015fkan\u0131 Erdo\u011fan&#8217;\u0131n Veliaht Prens Muhammed bin Selman ile g\u00f6r\u00fc\u015fmesinde yenilenebilir enerjiden uzay\u0131n bar\u0131\u015f\u00e7\u0131l ama\u00e7larla kullan\u0131m\u0131na \u00e7e\u015fitli alanlarda d\u00f6rt anla\u015fma imzaland\u0131.<\/p>\n","protected":false},"author":1,"featured_media":46747,"comment_status":"open","ping_status":"open","sticky":false,"template":"","format":"standard","meta":{"footnotes":""},"categories":[8],"tags":[1537,590],"class_list":["post-46746","post","type-post","status-publish","format-standard","has-post-thumbnail","hentry","category-ekonomi","tag-bayraktar","tag-enerji"],"_links":{"self":[{"href":"https:\/\/bihavadis.com\/index.php\/wp-json\/wp\/v2\/posts\/46746","targetHints":{"allow":["GET"]}}],"collection":[{"href":"https:\/\/bihavadis.com\/index.php\/wp-json\/wp\/v2\/posts"}],"about":[{"href":"https:\/\/bihavadis.com\/index.php\/wp-json\/wp\/v2\/types\/post"}],"author":[{"embeddable":true,"href":"https:\/\/bihavadis.com\/index.php\/wp-json\/wp\/v2\/users\/1"}],"replies":[{"embeddable":true,"href":"https:\/\/bihavadis.com\/index.php\/wp-json\/wp\/v2\/comments?post=46746"}],"version-history":[{"count":1,"href":"https:\/\/bihavadis.com\/index.php\/wp-json\/wp\/v2\/posts\/46746\/revisions"}],"predecessor-version":[{"id":46748,"href":"https:\/\/bihavadis.com\/index.php\/wp-json\/wp\/v2\/posts\/46746\/revisions\/46748"}],"wp:featuredmedia":[{"embeddable":true,"href":"https:\/\/bihavadis.com\/index.php\/wp-json\/wp\/v2\/media\/46747"}],"wp:attachment":[{"href":"https:\/\/bihavadis.com\/index.php\/wp-json\/wp\/v2\/media?parent=46746"}],"wp:term":[{"taxonomy":"category","embeddable":true,"href":"https:\/\/bihavadis.com\/index.php\/wp-json\/wp\/v2\/categories?post=46746"},{"taxonomy":"post_tag","embeddable":true,"href":"https:\/\/bihavadis.com\/index.php\/wp-json\/wp\/v2\/tags?post=46746"}],"curies":[{"name":"wp","href":"https:\/\/api.w.org\/{rel}","templated":true}]}}