{"id":46794,"date":"2026-02-25T08:21:10","date_gmt":"2026-02-25T08:21:10","guid":{"rendered":"https:\/\/bihavadis.com\/?p=46794"},"modified":"2026-02-25T08:21:10","modified_gmt":"2026-02-25T08:21:10","slug":"jeffrey-epsteinin-olumunun-ardindan-cekilen-fotograflar-ortaya-cikti","status":"publish","type":"post","link":"https:\/\/bihavadis.com\/index.php\/2026\/02\/25\/jeffrey-epsteinin-olumunun-ardindan-cekilen-fotograflar-ortaya-cikti\/","title":{"rendered":"Jeffrey Epstein&#8217;in \u00f6l\u00fcm\u00fcn\u00fcn ard\u0131ndan \u00e7ekilen foto\u011fraflar ortaya \u00e7\u0131kt\u0131"},"content":{"rendered":"<p>ABD&#8217;de k\u0131z \u00e7ocuklar\u0131na y\u00f6nelik fuhu\u015f a\u011f\u0131 kurmakla su\u00e7lan\u0131rken tutuklu bulundu\u011fu cezaevinde \u00f6l\u00fc bulunan milyarder Jeffrey Epstein&#8217;e ili\u015fkin dosyalar yeniden g\u00fcndemde&#8230; ABD Adalet Bakanl\u0131\u011f\u0131 taraf\u0131ndan kamuoyuyla payla\u015f\u0131lan yeni belgeler ve foto\u011fraflar, Epstein&#8217;in \u00f6l\u00fcm\u00fcne dair tart\u0131\u015fmalar\u0131 yeniden alevlendirdi.<\/p>\n<p><b>&#8220;BOYNUNUN ORTA KISMINDA&#8230;&#8221;<\/b><\/p>\n<p>Yay\u0131mlanan yeni otopsi ve olay yeri foto\u011fraflar\u0131nda, Epstein&#8217;in boynunun orta k\u0131sm\u0131nda kanl\u0131 ve derin bir yara izinin bulundu\u011fu net \u015fekilde g\u00f6r\u00fcl\u00fcyor. Adli t\u0131p raporlar\u0131nda bu iz &#8220;as\u0131ya ba\u011fl\u0131 bo\u011fulma&#8221; olarak de\u011ferlendirilirken, baz\u0131 uzmanlar g\u00f6r\u00fcnt\u00fclerde bo\u011fulma vakalar\u0131nda nadiren rastlanan hyoid kemi\u011fi (dil kemi\u011fi) k\u0131r\u0131\u011f\u0131na i\u015faret eden bulgular oldu\u011funu \u00f6ne s\u00fcr\u00fcyor. Foto\u011fraflarda ayr\u0131ca Epstein&#8217;in g\u00f6zlerinde k\u0131lcal damar \u00e7atlamalar\u0131 ve boyun \u00e7evresinde \u00e7ok say\u0131da morluk oldu\u011fu da kay\u0131tlara ge\u00e7ti.<\/p>\n<p><b>H\u00dcCRES\u0130NDEK\u0130 DETAYLAR D\u0130KKAT \u00c7EKT\u0130 <\/b><\/p>\n<p>Dosyaya giren yakla\u015f\u0131k 90 olay yeri foto\u011fraf\u0131 ise Epstein&#8217;in 2019 y\u0131l\u0131nda hayat\u0131n\u0131 kaybetti\u011fi Metropolitan Correctional Center&#8217;daki (MCC) h\u00fccresinin \u00f6l\u00fcm gecesindeki durumunu g\u00f6zler \u00f6n\u00fcne serdi. G\u00f6r\u00fcnt\u00fclerde yatak \u00e7ar\u015faflar\u0131n\u0131n par\u00e7alanarak b\u00fck\u00fcld\u00fc\u011f\u00fc, h\u00fccre zemininde \u00e7ok say\u0131da re\u00e7eteli ila\u00e7 kutusu bulundu\u011fu ve elektrik kablolar\u0131n\u0131n da\u011f\u0131n\u0131k halde oldu\u011fu g\u00f6r\u00fcld\u00fc.<\/p>\n<p><b>TARTI\u015eMALAR YEN\u0130DEN ALEVLEND\u0130<\/b><\/p>\n<p>Yeni yay\u0131mlanan bu foto\u011fraflar, Epstein&#8217;in \u00f6l\u00fcm\u00fcyle ilgili &#8220;intihar m\u0131, ba\u015fka bir senaryo mu?&#8221; tart\u0131\u015fmalar\u0131n\u0131 yeniden alevlendirirken, kamuoyunda soru i\u015faretlerinin giderilmedi\u011fi y\u00f6n\u00fcndeki ele\u015ftirileri de beraberinde getirdi.<\/p>\n<p><b>\u0130\u015fte o foto\u011fraf kareleri; <\/b><\/p>\n<div>\n<figure><img decoding=\"async\" src=\"https:\/\/bihavadis.com\/wp-content\/uploads\/2026\/02\/jeffrey-epsteinin-olumunun-ardindan-cekilen-fotograflar-ortaya-cikti-0-Yu7SMcR7.jpg\"\/><\/figure>\n<\/div>\n<div>\n<figure><img decoding=\"async\" src=\"https:\/\/bihavadis.com\/wp-content\/uploads\/2026\/02\/jeffrey-epsteinin-olumunun-ardindan-cekilen-fotograflar-ortaya-cikti-1-uTlBx8JG.jpg\"\/><\/figure>\n<\/div>\n<div>\n<figure><img decoding=\"async\" src=\"https:\/\/bihavadis.com\/wp-content\/uploads\/2026\/02\/jeffrey-epsteinin-olumunun-ardindan-cekilen-fotograflar-ortaya-cikti-2-ixnAu6Dd.jpg\"\/><\/figure>\n<\/div>\n<div>\n<figure><img decoding=\"async\" src=\"https:\/\/bihavadis.com\/wp-content\/uploads\/2026\/02\/jeffrey-epsteinin-olumunun-ardindan-cekilen-fotograflar-ortaya-cikti-3-HniViR9p.jpg\"\/><\/figure>\n<\/div>\n","protected":false},"excerpt":{"rendered":"<p>ABD Adalet Bakanl\u0131\u011f\u0131&#8217;n\u0131n payla\u015ft\u0131\u011f\u0131 yeni otopsi ve olay yeri foto\u011fraflar\u0131, Jeffrey Epstein&#8217;in 2019&#8217;da cezaevinde \u00f6l\u00fcm\u00fcyle ilgili tart\u0131\u015fmalar\u0131 yeniden g\u00fcndeme ta\u015f\u0131d\u0131. G\u00f6r\u00fcnt\u00fclerde boynunda derin ve kanl\u0131 bir yara, morluklar ve hyoid kemi\u011fi k\u0131r\u0131\u011f\u0131na i\u015faret eden bulgular yer al\u0131rken, h\u00fccresinde par\u00e7alanm\u0131\u015f \u00e7ar\u015faflar, ila\u00e7 kutular\u0131 ve da\u011f\u0131n\u0131k kablolar g\u00f6r\u00fcld\u00fc. Yeni deliller Epstein&#8217;in \u00f6l\u00fcm\u00fcne dair \u015f\u00fcpheleri g\u00fc\u00e7lendirirken, baz\u0131 komplo teorisyenleri \u00f6lmedi\u011fini, ka\u00e7\u0131r\u0131ld\u0131\u011f\u0131n\u0131 iddia ediyor.<\/p>\n","protected":false},"author":1,"featured_media":46795,"comment_status":"open","ping_status":"open","sticky":false,"template":"","format":"standard","meta":{"footnotes":""},"categories":[6],"tags":[3584,3662],"class_list":["post-46794","post","type-post","status-publish","format-standard","has-post-thumbnail","hentry","category-dunya","tag-epsteinin","tag-fotograf"],"_links":{"self":[{"href":"https:\/\/bihavadis.com\/index.php\/wp-json\/wp\/v2\/posts\/46794","targetHints":{"allow":["GET"]}}],"collection":[{"href":"https:\/\/bihavadis.com\/index.php\/wp-json\/wp\/v2\/posts"}],"about":[{"href":"https:\/\/bihavadis.com\/index.php\/wp-json\/wp\/v2\/types\/post"}],"author":[{"embeddable":true,"href":"https:\/\/bihavadis.com\/index.php\/wp-json\/wp\/v2\/users\/1"}],"replies":[{"embeddable":true,"href":"https:\/\/bihavadis.com\/index.php\/wp-json\/wp\/v2\/comments?post=46794"}],"version-history":[{"count":1,"href":"https:\/\/bihavadis.com\/index.php\/wp-json\/wp\/v2\/posts\/46794\/revisions"}],"predecessor-version":[{"id":46800,"href":"https:\/\/bihavadis.com\/index.php\/wp-json\/wp\/v2\/posts\/46794\/revisions\/46800"}],"wp:featuredmedia":[{"embeddable":true,"href":"https:\/\/bihavadis.com\/index.php\/wp-json\/wp\/v2\/media\/46795"}],"wp:attachment":[{"href":"https:\/\/bihavadis.com\/index.php\/wp-json\/wp\/v2\/media?parent=46794"}],"wp:term":[{"taxonomy":"category","embeddable":true,"href":"https:\/\/bihavadis.com\/index.php\/wp-json\/wp\/v2\/categories?post=46794"},{"taxonomy":"post_tag","embeddable":true,"href":"https:\/\/bihavadis.com\/index.php\/wp-json\/wp\/v2\/tags?post=46794"}],"curies":[{"name":"wp","href":"https:\/\/api.w.org\/{rel}","templated":true}]}}