{"id":46808,"date":"2026-02-25T08:30:07","date_gmt":"2026-02-25T08:30:07","guid":{"rendered":"https:\/\/bihavadis.com\/?p=46808"},"modified":"2026-02-25T08:30:07","modified_gmt":"2026-02-25T08:30:07","slug":"sebahat-tuncel-kurtler-emperyalistlerle-taktik-olarak-ittifak-kuruyor","status":"publish","type":"post","link":"https:\/\/bihavadis.com\/index.php\/2026\/02\/25\/sebahat-tuncel-kurtler-emperyalistlerle-taktik-olarak-ittifak-kuruyor\/","title":{"rendered":"Sebahat Tuncel: K\u00fcrtler emperyalistlerle taktik olarak ittifak kuruyor"},"content":{"rendered":"<p>Orta Do\u011fu&#8217;da iki \u00f6nemli ve birbiriyle ba\u011flant\u0131l\u0131 s\u00fcre\u00e7 ayn\u0131 anda ilerliyor.<\/p>\n<p>Biri Ter\u00f6rs\u00fcz T\u00fcrkiye s\u00fcreci, di\u011feri ise Suriye&#8217;de PKK ter\u00f6r \u00f6rg\u00fct\u00fcn\u00fcn uzant\u0131s\u0131 SDG ile entegrasyon.<\/p>\n<p>T\u00fcrkiye&#8217;de hayli ilerleme kaydedilirken Suriye&#8217;de SDG, yak\u0131n zamana kadar entegrasyon s\u00fcrecini a\u011f\u0131rdan almaya \u00e7al\u0131\u015ft\u0131.<\/p>\n<p>Suriye h\u00fck\u00fcmetinin silaha ba\u015fvurmas\u0131, ABD ve \u0130srail ba\u015fta olmak \u00fczere Bat\u0131&#8217;n\u0131n K\u00fcrtlere s\u0131rt \u00e7evirmesi ve b\u00f6lgedeki Arap a\u015firetlerinin Suriye h\u00fck\u00fcmeti taraf\u0131na ge\u00e7mesi t\u00fcm dengeleri alt\u00fcst etti.<\/p>\n<p>SDG entegrasyon i\u00e7in yeni bir anla\u015fma imzalay\u0131p ili\u015fkiler d\u00fczelmeye ba\u015flarken K\u00fcrt taraf\u0131nda bir \u015fok etkisi ya\u015fand\u0131.<\/p>\n<p>\u00d6zellikle T\u00fcrkiye&#8217;deki DEM Parti&#8217;nin \u00f6nde gelen isimlerinin dile getirdi\u011fi &#8216;Bat\u0131&#8217;n\u0131n K\u00fcrtlere s\u0131rt \u00e7evirmesi&#8217;, siyasetin g\u00fcndeminde.<\/p>\n<p><strong>&#8220;K\u00dcRTLER TAKT\u0130KSEL \u0130TT\u0130FAKLAR KURUYOR&#8221;<\/strong><\/p>\n<p>Bu kapsamda\u00a0Sebahat Tuncel a\u00e7\u0131klamalarda bulundu. Son d\u00f6nemde entegrasyon s\u00fcrecinin ba\u015flamas\u0131na de\u011finen Tuncel, K\u00fcrtlerin stratejik de\u011fil taktiksel ittifaklar kurdu\u011funa dikkat \u00e7ekti.<\/p>\n<p>T24&#8217;ten Cansu \u00c7aml\u0131bel&#8217;e konu\u015fan Tuncel, \u015funlar\u0131 s\u00f6yledi:<\/p>\n<p><em><b>&#8220;Rojava y\u00f6netimindeki K\u00fcrtler; ABD, \u0130srail, Rusya ve bir\u00e7ok \u00fclkeyle ittifak ve ili\u015fki kurarken bunlar\u0131n bir k\u0131sm\u0131n\u0131 stratejik, bir k\u0131sm\u0131n\u0131 da taktik ittifaklar olarak g\u00f6rd\u00fcler.<\/b><\/em><\/p>\n<p><em><b> K\u00fcrtler esas olarak halklarla stratejik ittifaklar kuruyor. Sosyalist g\u00fc\u00e7lerle, ezilen emek\u00e7ilerle stratejik ittifaklar kuruyor. Emperyalist g\u00fc\u00e7lerle ittifaklar\u0131 ise daha taktik.<\/b><\/em><\/p>\n<p><em><b> Yani onlara \u00e7ok g\u00fcvendikleri i\u00e7in kurmuyorlar bu ili\u015fkileri ya da ittifaklar\u0131. <\/b><\/em><\/p>\n<p><img decoding=\"async\" src=\"https:\/\/bihavadis.com\/wp-content\/uploads\/2026\/02\/sebahat-tuncel-kurtler-emperyalistlerle-taktik-olarak-ittifak-kuruyor-0-qqP5OFuU.jpg\"\/><\/p>\n<p><strong>&#8220;ORTA DO\u011eU&#8217;DA \u0130L\u0130\u015eK\u0130 KURULMADAN Y\u00dcR\u00dcNEMEZ&#8221;<\/strong><\/p>\n<p><em><b>Ama en nihayetinde Orta Do\u011fu\u2019da bu g\u00fc\u00e7lerle ili\u015fki i\u00e7erisinde girmeden y\u00fcr\u00fcmeniz zor. Diplomasinin gere\u011fidir bu. T\u00fcrkiye de bug\u00fcn bir\u00e7ok \u00fclkeyle ili\u015fki ve diyalog i\u00e7erisinde olmak durumda. <\/b><\/em><\/p>\n<p><em><b>Ama burada K\u00fcrtler a\u00e7\u0131s\u0131ndan en \u00f6nemli \u015fey bu ili\u015fkilere tamamen g\u00fcvenmek yerine \u00e7\u0131karlar\u0131n ortakla\u015ft\u0131\u011f\u0131 bir yerden siyaset y\u00fcr\u00fctmek.&#8221;\u00a0\u00a0<\/b><\/em><\/p>\n<p>Tuncel&#8217;e benzer a\u00e7\u0131klamalar, yak\u0131n zamanda DEM Parti E\u015f Genel Ba\u015fkan\u0131 Tuncer Bak\u0131rhan&#8217;dan gelmi\u015fti.<\/p>\n","protected":false},"excerpt":{"rendered":"<p>Son d\u00f6nemde Suriye&#8217;de ya\u015fananlar\u0131 de\u011ferlendiren DEM&#8217;li Sabahat Tuncel, K\u00fcrtlerin Bat\u0131 ile stratejik de\u011fil taktiksel ittifaklar kurdu\u011funa dikkat \u00e7ekti.<\/p>\n","protected":false},"author":1,"featured_media":46809,"comment_status":"open","ping_status":"open","sticky":false,"template":"","format":"standard","meta":{"footnotes":""},"categories":[9,13],"tags":[2080,6209,356],"class_list":["post-46808","post","type-post","status-publish","format-standard","has-post-thumbnail","hentry","category-genel","category-son-dakika","tag-iliski","tag-ittifaklar","tag-kurt"],"_links":{"self":[{"href":"https:\/\/bihavadis.com\/index.php\/wp-json\/wp\/v2\/posts\/46808","targetHints":{"allow":["GET"]}}],"collection":[{"href":"https:\/\/bihavadis.com\/index.php\/wp-json\/wp\/v2\/posts"}],"about":[{"href":"https:\/\/bihavadis.com\/index.php\/wp-json\/wp\/v2\/types\/post"}],"author":[{"embeddable":true,"href":"https:\/\/bihavadis.com\/index.php\/wp-json\/wp\/v2\/users\/1"}],"replies":[{"embeddable":true,"href":"https:\/\/bihavadis.com\/index.php\/wp-json\/wp\/v2\/comments?post=46808"}],"version-history":[{"count":1,"href":"https:\/\/bihavadis.com\/index.php\/wp-json\/wp\/v2\/posts\/46808\/revisions"}],"predecessor-version":[{"id":46811,"href":"https:\/\/bihavadis.com\/index.php\/wp-json\/wp\/v2\/posts\/46808\/revisions\/46811"}],"wp:featuredmedia":[{"embeddable":true,"href":"https:\/\/bihavadis.com\/index.php\/wp-json\/wp\/v2\/media\/46809"}],"wp:attachment":[{"href":"https:\/\/bihavadis.com\/index.php\/wp-json\/wp\/v2\/media?parent=46808"}],"wp:term":[{"taxonomy":"category","embeddable":true,"href":"https:\/\/bihavadis.com\/index.php\/wp-json\/wp\/v2\/categories?post=46808"},{"taxonomy":"post_tag","embeddable":true,"href":"https:\/\/bihavadis.com\/index.php\/wp-json\/wp\/v2\/tags?post=46808"}],"curies":[{"name":"wp","href":"https:\/\/api.w.org\/{rel}","templated":true}]}}