{"id":46859,"date":"2026-02-25T09:12:08","date_gmt":"2026-02-25T09:12:08","guid":{"rendered":"https:\/\/bihavadis.com\/?p=46859"},"modified":"2026-02-25T09:12:08","modified_gmt":"2026-02-25T09:12:08","slug":"kaybettiklerini-unutmadi-baskalarinin-cocuklarina-umut-oldu","status":"publish","type":"post","link":"https:\/\/bihavadis.com\/index.php\/2026\/02\/25\/kaybettiklerini-unutmadi-baskalarinin-cocuklarina-umut-oldu\/","title":{"rendered":"Kaybettiklerini Unutmad\u0131, Ba\u015fkalar\u0131n\u0131n \u00c7ocuklar\u0131na Umut Oldu"},"content":{"rendered":"<p>HATAY&#8217;da, 6 \u015eubat depremlerinde 2 \u00e7ocu\u011funu kaybeden H\u00fcseyin \u00d6z, onlar\u0131n an\u0131s\u0131n\u0131 ya\u015fatmak i\u00e7in deprem b\u00f6lgesindeki ihtiya\u00e7 sahibi \u00e7ocuklara yard\u0131m eli uzatt\u0131. \u00d6z, d\u00fczenledi\u011fi ba\u011f\u0131\u015f kampanyalar\u0131yla 3 y\u0131l i\u00e7inde yakla\u015f\u0131k 2 bin \u00e7ocu\u011fa k\u0131rtasiye malzemesi ve k\u0131yafet yard\u0131m\u0131nda bulundu. <\/p>\n<p>Hatay&#8217;da nakliyeci H\u00fcseyin \u00d6z, 6 \u015eubat 2023&#8217;te meydana gelen Kahramanmara\u015f merkezli depremlerde evlerinin y\u0131k\u0131lmas\u0131 sonucu \u00e7ocuklar\u0131 Fethi (14) ve Neris Ece \u00d6z&#8217;\u00fc (19) kaybetti. H\u00fcseyin \u00d6z ve e\u015fi Yudum \u00d6z ise enkazdan yaral\u0131 olarak \u00e7\u0131kar\u0131ld\u0131. Nakliye \u015firketini kapatan ve tedavi i\u00e7in e\u015fiyle birlikte Ankara&#8217;ya yerle\u015fen H\u00fcseyin \u00d6z&#8217;\u00fcn sa\u011f baca\u011f\u0131 ve sol kolu ampute edildi. Protez uygulamas\u0131yla aya\u011fa kalkan H\u00fcseyin \u00d6z, depremde kaybetti\u011fi \u00e7ocuklar\u0131n\u0131n an\u0131s\u0131n\u0131 ya\u015fatmak i\u00e7in deprem b\u00f6lgesindeki ihtiya\u00e7 sahibi \u00e7ocuklara yard\u0131m eli uzatt\u0131. \u00d6z, tedavi g\u00f6rd\u00fc\u011f\u00fc hastanedeki personel ve arkada\u015flar\u0131n\u0131n yard\u0131m\u0131yla ba\u015flad\u0131\u011f\u0131 ba\u011f\u0131\u015f kampanyalar\u0131 kapsam\u0131nda toplad\u0131\u011f\u0131 k\u0131rtasiye malzemelerini ve k\u0131yafetleri, deprem b\u00f6lgesindeki \u00e7ocuklara ula\u015ft\u0131rd\u0131. \u00d6z, ge\u00e7en 3 y\u0131l i\u00e7inde yakla\u015f\u0131k 2 bin \u00e7ocu\u011fa yard\u0131m ederken, \u00e7ocuklar\u0131 ad\u0131na Bitlis&#8217;in G\u00fcroymak il\u00e7esindeki ilkokulda k\u00fct\u00fcphane a\u00e7\u0131lmas\u0131n\u0131 sa\u011flad\u0131. <\/p>\n<p>H\u00fcseyin \u00d6z, 92 saat enkaz alt\u0131nda kald\u0131\u011f\u0131n\u0131 ve 2 y\u0131la yak\u0131n s\u00fcren bir tedavi s\u00fcrecinden ge\u00e7ti\u011fini belirterek, &#8220;Hastanede yatarken, okuldan arkada\u015flar\u0131m Suna ve Meryem beni arad\u0131lar. &#8216;\u00c7ocuklara bot ve mont alaca\u011f\u0131z. Sen de bizim ekibe kat\u0131l\u0131r m\u0131s\u0131n?&#8217; dediler. \u00d6nce, &#8216;Beni bu i\u015flere bula\u015ft\u0131rmay\u0131n, insanlar yanl\u0131\u015f anlayabilir&#8217; dedim ama onlar\u0131n \u0131srarlar\u0131yla bu kampanyaya ba\u015flad\u0131m. E\u015fimiz, dostumuz kim varsa rica ettik ve \u00e7o\u011fu bizi k\u0131rmad\u0131. \u0130lk hedefte 70-75 ki\u015fiyle ba\u015flad\u0131\u011f\u0131m\u0131z yard\u0131mlar \u015fu an 2 bin \u00e7ocu\u011fa kadar \u00e7\u0131kt\u0131. Bu kadar b\u00fcy\u00fcmemizin en b\u00fcy\u00fck nedeni insanlar\u0131n bize g\u00fcvenmesidir&#8221; dedi.<\/p>\n<p>&#8216;YARDIMLARIMIZI BELGELEND\u0130R\u0130YORUZ&#8217;<\/p>\n<p>H\u00fcseyin \u00d6z, yap\u0131lan yard\u0131mlar\u0131n hepsini belgelendirdiklerini kaydederek, &#8220;\u00c7evremizde tan\u0131d\u0131\u011f\u0131m\u0131z, durumu iyi olan ki\u015filere ula\u015f\u0131p, &#8216;Bayramda \u00e7ocuklara yard\u0131m etmek ister misiniz?&#8217; diye soruyorum. \u0130steyen k\u0131yafeti kendi al\u0131r g\u00f6nderir, isteyen bize yard\u0131mc\u0131 olur ve biz al\u0131r g\u00f6ndeririz. Biz de bunlar\u0131n hepsini belgeleriz. Ald\u0131\u011f\u0131m\u0131z k\u0131yafetler olsun, ayakkab\u0131lar olsun, ihtiya\u00e7 durumuna g\u00f6re al\u0131nan e\u015fyalar olsun; bunlar\u0131n ya faturas\u0131n\u0131 ya da ald\u0131\u011f\u0131m\u0131z \u00e7ocu\u011fun g\u00f6r\u00fcnt\u00fcs\u00fcn\u00fc payla\u015f\u0131yoruz. \u015eu ana kadar 2 bin- 2 bin 500 \u00e7ocu\u011fa bu yard\u0131mlar\u0131 ula\u015ft\u0131rm\u0131\u015f\u0131zd\u0131r. Genelde Hatay&#8217;daki konteyner kent, depremzedelere ula\u015f\u0131yoruz ama arada istisna kulland\u0131\u011f\u0131m\u0131z insanlar da oluyor. Bunlar; hastanede, Ankara&#8217;da ihtiya\u00e7 sahibi olanlar, durumu iyi olmayan \u00f6\u011frenciler oluyor. Genelde para yard\u0131m\u0131 de\u011fil de k\u0131yafet ve k\u0131rtasiye yard\u0131m\u0131 yap\u0131yoruz. Bu yard\u0131mlar da genelde bizi tan\u0131yanlar, Bilkent \u015eehir Hastanesi&#8217;ndeki doktorlar, hem\u015fireler, fizyoterapistler ve Hatay&#8217;dan arkada\u015flar ve akrabalar\u0131mdan geliyor&#8221; dedi.<\/p>\n<p>&#8216;EKS\u0130KLER\u0130NE G\u00d6RE \u0130HT\u0130YA\u00c7LARINI G\u0130DER\u0130YORUZ&#8217;<\/p>\n<p>Yard\u0131mlar\u0131n b\u00fcy\u00fck \u00e7o\u011funlu\u011funu bayramlarda yapt\u0131klar\u0131n\u0131 s\u00f6yleyen \u00d6z, &#8220;Bazen ihtiya\u00e7 sahibi olan insanlar bizi tan\u0131d\u0131klar\u0131 i\u00e7in, biz de onlar\u0131 bildi\u011fimiz i\u00e7in ekstra ihtiya\u00e7lar oluyor. \u00c7ocu\u011fun bir tanesi \u00fcniversite kazanm\u0131\u015ft\u0131; bizi arad\u0131, bilgisayar istedi ve ona bilgisayar\u0131n\u0131 ald\u0131k. Ba\u015fka bir \u00e7ocuk tablet istedi, ona ula\u015ft\u0131k. Ba\u015fka biri tekerlekli sandalye istedi, ona da ula\u015ft\u0131k. Yard\u0131m ettiklerimiz genelde konteyner kentteki \u00e7ocuklar oluyor. Ayr\u0131ca annesini ve babas\u0131n\u0131 kaybetmi\u015f, kendi engelli kalm\u0131\u015f \u00e7ocuklara da ula\u015fabiliyoruz. O\u011flu engelli bir tane ailemiz vard\u0131, \u00e7ocu\u011fun tekerlekli sandalyesi k\u00f6t\u00fcyd\u00fc ona yeni bir tane ald\u0131k. Mara\u015f&#8217;ta yine bir tane depremzedede arkada\u015f\u0131m\u0131z vard\u0131. Onun bir akrabas\u0131na tekerlekli sandalye laz\u0131md\u0131 biz de Mara\u015f&#8217;a g\u00f6nderdik. Bayramlarda \u00e7ocuklara elbise deste\u011finde de bulunuyoruz. G\u00fcc\u00fcm\u00fcz yetti\u011fince, imkanlar\u0131m\u0131z do\u011frultusunda ve onlar\u0131n eksi\u011fine g\u00f6re ihtiya\u00e7lar\u0131n\u0131 gideriyoruz&#8221; ifadelerini kulland\u0131.<\/p>\n<p>&#8216;\u00c7OCUKLARIN MUTLULU\u011eUNU, KEND\u0130 EVLETLARIMIN MUTLULU\u011eU G\u0130B\u0130 H\u0130SSETT\u0130M&#8217;<\/p>\n<p>Yard\u0131m ula\u015fan \u00e7ocuklar\u0131n b\u00fcy\u00fck mutluluk ya\u015fad\u0131\u011f\u0131n\u0131 aktaran \u00d6z, &#8220;\u00c7ocuklar o kadar mutlu oluyor ki. Biz bu yard\u0131mlar\u0131 g\u00f6nderdi\u011fimizde annesi ya da babas\u0131 bize videolar\u0131n\u0131 at\u0131yor. Biz o \u00e7ocuklar\u0131n orada hissetti\u011fi mutlulu\u011fun \u00e7ok daha fazlas\u0131n\u0131 hissediyoruz. Bayram zamanlar\u0131 gece sabaha kadar sipari\u015f ge\u00e7ti\u011fimi bilirim. Yeter ki yard\u0131mlar o \u00e7ocuklara yeti\u015fsin, bayramdan \u00f6nce ellerinde olsun ve mutlu olsunlar diye. Onlar\u0131n mutlulu\u011fu beni hayatta tuttu. Allah beni bu hayata d\u00f6nd\u00fcrm\u00fc\u015fse demek ki bunun sebebi bu \u00e7ocuklara yeti\u015fmem i\u00e7inmi\u015f diye d\u00fc\u015f\u00fcn\u00fcyor ve inan\u0131yorum. Benim 2 \u00e7ocu\u011fum vard\u0131, Allah mekanlar\u0131n\u0131 cennet etsin. Onlar\u0131n ihtiya\u00e7lar\u0131n\u0131 al\u0131rken bile bu kadar se\u00e7ici davranmad\u0131m. Depremde zarar g\u00f6rm\u00fc\u015f \u00e7ocuklara bir \u015fey al\u0131rken, elimden gelenin en iyisini yapmaya \u00e7al\u0131\u015ft\u0131m. Yard\u0131m etti\u011fimiz \u00e7ocuklar\u0131n \u00e7o\u011funu g\u00f6rmedik bile. G\u00f6rmeden o \u00e7ocuklar\u0131 sevdik. Videolar geldi\u011finde, y\u00fczlerindeki mutlulu\u011fu g\u00f6rd\u00fc\u011f\u00fcm\u00fczde bizim mutlulu\u011fumuz 3&#8217;e, 5&#8217;e katland\u0131. Yard\u0131m etti\u011fim \u00e7ocuklar\u0131n y\u00fcz\u00fcndeki mutlulu\u011fu kendi evlatlar\u0131m\u0131n mutlulu\u011fu gibi hissediyorum. Ama \u015funu \u00f6zellikle s\u00f6ylemem laz\u0131m; iyi ki g\u00fczel insanlar var. O insanlar olmasa biz bunlar\u0131n hi\u00e7birini yapamazd\u0131k&#8221; diye konu\u015ftu. <\/p>\n","protected":false},"excerpt":{"rendered":"<p>H\u00fcseyin \u00d6z, depremde kaybetti\u011fi \u00e7ocuklar\u0131 i\u00e7in ihtiya\u00e7 sahibi \u00e7ocuklara 2 bin yard\u0131m ula\u015ft\u0131rd\u0131.<\/p>\n","protected":false},"author":1,"featured_media":46860,"comment_status":"open","ping_status":"open","sticky":false,"template":"","format":"standard","meta":{"footnotes":""},"categories":[9,4,13],"tags":[3623,60,1134,3624,579],"class_list":["post-46859","post","type-post","status-publish","format-standard","has-post-thumbnail","hentry","category-genel","category-gundem","category-son-dakika","tag-cocuklara","tag-deprem","tag-ihtiyac","tag-mutlulugu","tag-yardim"],"_links":{"self":[{"href":"https:\/\/bihavadis.com\/index.php\/wp-json\/wp\/v2\/posts\/46859","targetHints":{"allow":["GET"]}}],"collection":[{"href":"https:\/\/bihavadis.com\/index.php\/wp-json\/wp\/v2\/posts"}],"about":[{"href":"https:\/\/bihavadis.com\/index.php\/wp-json\/wp\/v2\/types\/post"}],"author":[{"embeddable":true,"href":"https:\/\/bihavadis.com\/index.php\/wp-json\/wp\/v2\/users\/1"}],"replies":[{"embeddable":true,"href":"https:\/\/bihavadis.com\/index.php\/wp-json\/wp\/v2\/comments?post=46859"}],"version-history":[{"count":1,"href":"https:\/\/bihavadis.com\/index.php\/wp-json\/wp\/v2\/posts\/46859\/revisions"}],"predecessor-version":[{"id":46861,"href":"https:\/\/bihavadis.com\/index.php\/wp-json\/wp\/v2\/posts\/46859\/revisions\/46861"}],"wp:featuredmedia":[{"embeddable":true,"href":"https:\/\/bihavadis.com\/index.php\/wp-json\/wp\/v2\/media\/46860"}],"wp:attachment":[{"href":"https:\/\/bihavadis.com\/index.php\/wp-json\/wp\/v2\/media?parent=46859"}],"wp:term":[{"taxonomy":"category","embeddable":true,"href":"https:\/\/bihavadis.com\/index.php\/wp-json\/wp\/v2\/categories?post=46859"},{"taxonomy":"post_tag","embeddable":true,"href":"https:\/\/bihavadis.com\/index.php\/wp-json\/wp\/v2\/tags?post=46859"}],"curies":[{"name":"wp","href":"https:\/\/api.w.org\/{rel}","templated":true}]}}