{"id":46876,"date":"2026-02-25T09:27:08","date_gmt":"2026-02-25T09:27:08","guid":{"rendered":"https:\/\/bihavadis.com\/?p=46876"},"modified":"2026-02-25T09:27:08","modified_gmt":"2026-02-25T09:27:08","slug":"istanbulda-trafik-tartismasinda-surucu-darbeildi","status":"publish","type":"post","link":"https:\/\/bihavadis.com\/index.php\/2026\/02\/25\/istanbulda-trafik-tartismasinda-surucu-darbeildi\/","title":{"rendered":"\u0130stanbul&#8217;da trafik tart\u0131\u015fmas\u0131nda s\u00fcr\u00fcc\u00fc darbeildi"},"content":{"rendered":"<p>\u0130stanbul Sultan\u00e7iftli\u011fi Mahallesi\u2019nde, seyir halindeki otomobilin s\u00fcr\u00fcc\u00fcs\u00fc ile mahallede bulunan ki\u015filer aras\u0131nda hen\u00fcz bilinmeyen nedenle tart\u0131\u015fma \u00e7\u0131kt\u0131.<\/p>\n<p>Tart\u0131\u015fma k\u0131sa s\u00fcrede b\u00fcy\u00fcyerek kavgaya d\u00f6n\u00fc\u015ft\u00fc.<\/p>\n<p>Ara\u00e7tan inen s\u00fcr\u00fcc\u00fc, 4 ki\u015fi taraf\u0131ndan darbedildi. Kavga, yoldan ge\u00e7enlerin araya girmesiyle son buldu.<\/p>\n<p>Darbedilen s\u00fcr\u00fcc\u00fc arac\u0131na bindirilerek olay yerinden uzakla\u015ft\u0131r\u0131ld\u0131.<\/p>\n<p><strong>SANDALYELER HAVADA U\u00c7U\u015eTU<\/strong><\/p>\n<p>U\u011fur Mumcu Mahallesi\u2019ndeki bir kafede ise iki grup aras\u0131nda \u00e7\u0131kan tart\u0131\u015fma k\u0131sa s\u00fcrede kavgaya d\u00f6n\u00fc\u015ft\u00fc.<\/p>\n<p>Olay yerine gelen polis ekiplerine ra\u011fmen taraflar birbirlerine sandalyelerle sald\u0131rd\u0131.<\/p>\n<p>Kavga an\u0131 \u00e7evrede bulunan ki\u015filer taraf\u0131ndan cep telefonu kameras\u0131yla kaydedildi.\u00a0<\/p>\n<p><img decoding=\"async\" src=\"https:\/\/bihavadis.com\/wp-content\/uploads\/2026\/02\/istanbulda-trafik-tartismasinda-surucu-darbeildi-0-4ejBXEDV.jpg\"\/><\/p>\n<p><img decoding=\"async\" src=\"https:\/\/bihavadis.com\/wp-content\/uploads\/2026\/02\/istanbulda-trafik-tartismasinda-surucu-darbeildi-1-1Oji45TP.jpg\"\/><\/p>\n<p><img decoding=\"async\" src=\"https:\/\/bihavadis.com\/wp-content\/uploads\/2026\/02\/istanbulda-trafik-tartismasinda-surucu-darbeildi-2-ZgqpK2Cd.jpg\"\/><\/p>\n<p><img decoding=\"async\" src=\"https:\/\/bihavadis.com\/wp-content\/uploads\/2026\/02\/istanbulda-trafik-tartismasinda-surucu-darbeildi-3-IUqOsuXO.jpg\"\/><\/p>\n","protected":false},"excerpt":{"rendered":"<p>Seyir halindeki otomobilin s\u00fcr\u00fcc\u00fcs\u00fc ile mahalleli aras\u0131nda \u00e7\u0131kan tart\u0131\u015fmada, arac\u0131ndan inen s\u00fcr\u00fcc\u00fc 4 ki\u015fi taraf\u0131ndan darbedildi.<\/p>\n","protected":false},"author":1,"featured_media":46877,"comment_status":"open","ping_status":"open","sticky":false,"template":"","format":"standard","meta":{"footnotes":""},"categories":[4,13],"tags":[],"class_list":["post-46876","post","type-post","status-publish","format-standard","has-post-thumbnail","hentry","category-gundem","category-son-dakika"],"_links":{"self":[{"href":"https:\/\/bihavadis.com\/index.php\/wp-json\/wp\/v2\/posts\/46876","targetHints":{"allow":["GET"]}}],"collection":[{"href":"https:\/\/bihavadis.com\/index.php\/wp-json\/wp\/v2\/posts"}],"about":[{"href":"https:\/\/bihavadis.com\/index.php\/wp-json\/wp\/v2\/types\/post"}],"author":[{"embeddable":true,"href":"https:\/\/bihavadis.com\/index.php\/wp-json\/wp\/v2\/users\/1"}],"replies":[{"embeddable":true,"href":"https:\/\/bihavadis.com\/index.php\/wp-json\/wp\/v2\/comments?post=46876"}],"version-history":[{"count":1,"href":"https:\/\/bihavadis.com\/index.php\/wp-json\/wp\/v2\/posts\/46876\/revisions"}],"predecessor-version":[{"id":46882,"href":"https:\/\/bihavadis.com\/index.php\/wp-json\/wp\/v2\/posts\/46876\/revisions\/46882"}],"wp:featuredmedia":[{"embeddable":true,"href":"https:\/\/bihavadis.com\/index.php\/wp-json\/wp\/v2\/media\/46877"}],"wp:attachment":[{"href":"https:\/\/bihavadis.com\/index.php\/wp-json\/wp\/v2\/media?parent=46876"}],"wp:term":[{"taxonomy":"category","embeddable":true,"href":"https:\/\/bihavadis.com\/index.php\/wp-json\/wp\/v2\/categories?post=46876"},{"taxonomy":"post_tag","embeddable":true,"href":"https:\/\/bihavadis.com\/index.php\/wp-json\/wp\/v2\/tags?post=46876"}],"curies":[{"name":"wp","href":"https:\/\/api.w.org\/{rel}","templated":true}]}}