{"id":46907,"date":"2026-02-25T09:48:07","date_gmt":"2026-02-25T09:48:07","guid":{"rendered":"https:\/\/bihavadis.com\/?p=46907"},"modified":"2026-02-25T09:48:07","modified_gmt":"2026-02-25T09:48:07","slug":"engin-aksoy-yilin-kareleri-oylamasina-katildi","status":"publish","type":"post","link":"https:\/\/bihavadis.com\/index.php\/2026\/02\/25\/engin-aksoy-yilin-kareleri-oylamasina-katildi\/","title":{"rendered":"Engin Aksoy, &#8216;Y\u0131l\u0131n Kareleri&#8217; Oylamas\u0131na Kat\u0131ld\u0131"},"content":{"rendered":"<p> Vodafone T\u00fcrkiye \u00dcst Y\u00f6neticisi (CEO) Engin Aksoy, Anadolu Ajans\u0131n\u0131n (AA) g\u00f6z\u00fcnden 2025&#8217;e damga vuran olaylara ait foto\u011fraflar\u0131n yer ald\u0131\u011f\u0131 &#8220;Y\u0131l\u0131n Kareleri&#8221; oylamas\u0131na kat\u0131ld\u0131.<\/p>\n<p>Aksoy, lifebox, AJet ve ROKETSAN sponsorlu\u011funda d\u00fczenlenen yar\u0131\u015fmada, AA foto muhabirleri ile muhabirlerinin 2025 y\u0131l\u0131nda \u00e7ekti\u011fi, T\u00fcrkiye ve d\u00fcnya g\u00fcndeminde yank\u0131 bulan toplam 6 kategorideki 112 foto\u011fraf\u0131 inceledi.<\/p>\n<p>&#8220;Haber&#8221; kategorisinde Tayfun Co\u015fkun&#8217;un &#8220;Buz kesmi\u015f&#8221; foto\u011fraf\u0131n\u0131 se\u00e7en Aksoy, &#8220;Spor&#8221; kategorisinde \u00d6mer Taha \u00c7etin&#8217;in &#8220;Kupa sevinci&#8221; foto\u011fraf\u0131n\u0131, &#8220;Do\u011fal Ya\u015fam ve \u00c7evre&#8221; kategorisinde ise Pedro Pascual&#8217;in &#8220;Beyhude&#8221; foto\u011fraf\u0131n\u0131 tercih etti.<\/p>\n<p>Aksoy, &#8220;G\u00fcnl\u00fck Hayat&#8221; kategorisinde Nurettin Boydak&#8217;\u0131n &#8220;Rengarenk&#8221; foto\u011fraf\u0131n\u0131 oylarken &#8220;Gazze: A\u00e7l\u0131k&#8221; kategorisinde Ali Jadallah&#8217;\u0131n &#8220;\u0130srail&#8217;in a\u00e7l\u0131\u011fa mahkum etti\u011fi Gazzeliler, yard\u0131m noktas\u0131nda yo\u011funluk olu\u015fturdu&#8221; foto\u011fraf\u0131na, &#8220;Portre&#8221; kategorisinde de \u015eebnem Co\u015fkun&#8217;un &#8220;Sarmanla sar\u0131lan&#8221; foto\u011fraf\u0131na oy verdi.<\/p>\n<p>Vodafone T\u00fcrkiye CEO&#8217;su Engin Aksoy, foto\u011fraflar\u0131n, an\u0131 ger\u00e7ekten ya\u015fatmas\u0131 ve haf\u0131zaya kaz\u0131nmas\u0131 a\u00e7\u0131s\u0131ndan de\u011ferli oldu\u011funu s\u00f6yledi.<\/p>\n<p>Se\u00e7ti\u011fi foto\u011fraflar\u0131n da bu \u015fekilde olmas\u0131na dikkat etti\u011fini belirten Aksoy, \u015f\u00f6yle devam etti: <\/p>\n<p>&#8220;Spor kategorisinde orada oldu\u011fum an\u0131 tekrar ya\u015fatt\u0131 Euroleague foto\u011fraf\u0131. Ayr\u0131ca G\u00fcnl\u00fck Hayat kategorisinde Etiyopya&#8217;da rengarenk g\u00f6r\u00fcnt\u00fcler i\u00e7erisinde kurban bayram\u0131 namaz\u0131 foto\u011fraf\u0131 \u00e7ok g\u00fczel bir foto\u011fraft\u0131. Her kategoride \u00e7ekilen foto\u011fraflar \u00e7ok g\u00fczel. T\u00fcm foto\u011fraf\u00e7\u0131 arkada\u015flar\u0131 tebrik ediyorum.&#8221;<\/p>\n<p>AA&#8217;n\u0131n &#8220;Y\u0131l\u0131n Kareleri&#8221; oylamas\u0131<\/p>\n<p>AA&#8217;n\u0131n 2012 y\u0131l\u0131ndan bu yana d\u00fczenledi\u011fi yar\u0131\u015fmada, bu y\u0131l &#8220;Haber&#8221;, &#8220;Do\u011fal Ya\u015fam ve \u00c7evre&#8221;, &#8220;Spor&#8221; ve &#8220;G\u00fcnl\u00fck Hayat&#8221; olmak \u00fczere 4 ana kategorinin yan\u0131 s\u0131ra &#8220;Gazze: A\u00e7l\u0131k&#8221; ve &#8220;Portre&#8221; ba\u015fl\u0131kl\u0131 2 \u00f6zel kategori de yer al\u0131yor.<\/p>\n<p>T\u00fcrk\u00e7e ve \u0130ngilizce alt yaz\u0131yla d\u00fcnya genelinde yap\u0131lan oylamaya kat\u0131lanlar, istedikleri say\u0131da foto\u011frafa oy verebiliyor.<\/p>\n<p>Oylama &#8220;yilinkareleri.aa.com.tr&#8221; internet sitesinden 15 \u015eubat Pazar saat 17.00&#8217;ye kadar devam edecek.<\/p>\n","protected":false},"excerpt":{"rendered":"<p>Vodafone T\u00fcrkiye CEO&#8217;su Engin Aksoy, 2025&#8217;in en iyi foto\u011fraflar\u0131n\u0131 se\u00e7ti\u011fi oylamaya kat\u0131ld\u0131.<\/p>\n","protected":false},"author":1,"featured_media":46908,"comment_status":"open","ping_status":"open","sticky":false,"template":"","format":"standard","meta":{"footnotes":""},"categories":[8],"tags":[6213,311,312],"class_list":["post-46907","post","type-post","status-publish","format-standard","has-post-thumbnail","hentry","category-ekonomi","tag-aksoy","tag-foto","tag-kategorisinde"],"_links":{"self":[{"href":"https:\/\/bihavadis.com\/index.php\/wp-json\/wp\/v2\/posts\/46907","targetHints":{"allow":["GET"]}}],"collection":[{"href":"https:\/\/bihavadis.com\/index.php\/wp-json\/wp\/v2\/posts"}],"about":[{"href":"https:\/\/bihavadis.com\/index.php\/wp-json\/wp\/v2\/types\/post"}],"author":[{"embeddable":true,"href":"https:\/\/bihavadis.com\/index.php\/wp-json\/wp\/v2\/users\/1"}],"replies":[{"embeddable":true,"href":"https:\/\/bihavadis.com\/index.php\/wp-json\/wp\/v2\/comments?post=46907"}],"version-history":[{"count":1,"href":"https:\/\/bihavadis.com\/index.php\/wp-json\/wp\/v2\/posts\/46907\/revisions"}],"predecessor-version":[{"id":46909,"href":"https:\/\/bihavadis.com\/index.php\/wp-json\/wp\/v2\/posts\/46907\/revisions\/46909"}],"wp:featuredmedia":[{"embeddable":true,"href":"https:\/\/bihavadis.com\/index.php\/wp-json\/wp\/v2\/media\/46908"}],"wp:attachment":[{"href":"https:\/\/bihavadis.com\/index.php\/wp-json\/wp\/v2\/media?parent=46907"}],"wp:term":[{"taxonomy":"category","embeddable":true,"href":"https:\/\/bihavadis.com\/index.php\/wp-json\/wp\/v2\/categories?post=46907"},{"taxonomy":"post_tag","embeddable":true,"href":"https:\/\/bihavadis.com\/index.php\/wp-json\/wp\/v2\/tags?post=46907"}],"curies":[{"name":"wp","href":"https:\/\/api.w.org\/{rel}","templated":true}]}}