{"id":46924,"date":"2026-02-25T10:00:14","date_gmt":"2026-02-25T10:00:14","guid":{"rendered":"https:\/\/bihavadis.com\/?p=46924"},"modified":"2026-02-25T10:00:14","modified_gmt":"2026-02-25T10:00:14","slug":"aliyev-ve-pasinyan-abu-dabide-bulustu","status":"publish","type":"post","link":"https:\/\/bihavadis.com\/index.php\/2026\/02\/25\/aliyev-ve-pasinyan-abu-dabide-bulustu\/","title":{"rendered":"Aliyev ve Pa\u015finyan Abu Dabi&#8217;de Bulu\u015ftu"},"content":{"rendered":"<p>Azerbaycan Cumhurba\u015fkan\u0131 \u0130lham Aliyev ile Ermenistan Ba\u015fbakan\u0131 Nikol Pa\u015finyan, Birle\u015fik Arap Emirlikleri&#8217;nin (BAE) ba\u015fkenti Abu Dabi&#8217;de g\u00f6r\u00fc\u015ft\u00fc.<\/p>\n<p>Azerbaycan Cumhurba\u015fkanl\u0131\u011f\u0131ndan yap\u0131lan a\u00e7\u0131klamaya g\u00f6re, Abu Dabi&#8217;de bulunan Aliyev ve Pa\u015finyan bir araya geldi.<\/p>\n<p>A\u00e7\u0131klamada, liderlerin ABD Ba\u015fkan\u0131 Donald Trump&#8217;\u0131n ev sahipli\u011fi ve tan\u0131kl\u0131\u011f\u0131nda ger\u00e7ekle\u015ftirilen Washington Zirvesi&#8217;nin sonu\u00e7lar\u0131n\u0131n hayata ge\u00e7irilmesi y\u00f6n\u00fcnde kaydedilen ilerlemeden duyduklar\u0131 memnuniyeti dile getirdikleri belirtildi.<\/p>\n<p>Ermenistan ile Azerbaycan aras\u0131ndaki normalle\u015fme s\u00fcrecinin ikili temelde ilerletilmesinde olumlu dinami\u011fin korunmas\u0131n\u0131n \u00f6nemine vurgu yapan Aliyev ve Pa\u015finyan, her iki toplumun bar\u0131\u015f\u0131n faydalar\u0131na ger\u00e7ek hayatta tan\u0131kl\u0131k ettiklerini kaydetti.<\/p>\n<p>Aliyev ve Pa\u015finyan ikili ticaretin ba\u015flamas\u0131ndan, Azerbaycan&#8217;dan Ermenistan&#8217;a petrol \u00fcr\u00fcnleri ihracat\u0131n\u0131n s\u00fcrd\u00fcr\u00fclmesinden, ayr\u0131ca \u00fc\u00e7\u00fcnc\u00fc \u00fclkelerden Ermenistan&#8217;a tah\u0131l ve di\u011fer mallar\u0131n Azerbaycan topraklar\u0131 \u00fczerinden transitinin ger\u00e7ekle\u015ftirilmesinden duyduklar\u0131 memnuniyeti ifade etti.<\/p>\n<p>Liderler, Azerbaycan ile Ermenistan aras\u0131nda ticari ve ekonomik i\u015fbirli\u011fini geni\u015fletmeye y\u00f6nelik imkanlar\u0131 ara\u015ft\u0131rmaya devam etme konusunda mutab\u0131k kald\u0131.<\/p>\n<p>Aliyev ve Pa\u015finyan, sivil toplum temsilcilerinin kar\u015f\u0131l\u0131kl\u0131 ziyaretlerinden duyduklar\u0131 memnuniyeti dile getirerek, g\u00fcven art\u0131r\u0131c\u0131 \u00f6nlemlerin geni\u015fletilmesinin gereklili\u011fi konusunda anla\u015ft\u0131.<\/p>\n<p>G\u00f6r\u00fc\u015fmede, Uluslararas\u0131 Bar\u0131\u015f ve Refah \u0130\u00e7in Trump Rotas\u0131 (TRIPP) ile di\u011fer ba\u011flant\u0131 projelerinin hayata ge\u00e7irilmesi de ele al\u0131nd\u0131.<\/p>\n<p>\u0130ki \u00fclke aras\u0131nda bar\u0131\u015f ve istikrar\u0131n daha da g\u00fc\u00e7lendirilmesi y\u00f6n\u00fcndeki \u00e7abalar\u0131 s\u00fcrd\u00fcrmeye haz\u0131r olduklar\u0131n\u0131 bir kez daha teyit eden Aliyev ve Pa\u015finyan, normalle\u015fme s\u00fcrecine destek amac\u0131yla temaslar\u0131n s\u00fcrd\u00fcr\u00fclmesi konusunda mutabakata vard\u0131.<\/p>\n","protected":false},"excerpt":{"rendered":"<p>Azerbaycan ve Ermenistan liderleri, bar\u0131\u015f ve ekonomik i\u015fbirli\u011fi konular\u0131nda g\u00f6r\u00fc\u015fme ger\u00e7ekle\u015ftirdi.<\/p>\n","protected":false},"author":1,"featured_media":46925,"comment_status":"open","ping_status":"open","sticky":false,"template":"","format":"standard","meta":{"footnotes":""},"categories":[8],"tags":[1749,1885],"class_list":["post-46924","post","type-post","status-publish","format-standard","has-post-thumbnail","hentry","category-ekonomi","tag-azerbaycan","tag-ermenistan"],"_links":{"self":[{"href":"https:\/\/bihavadis.com\/index.php\/wp-json\/wp\/v2\/posts\/46924","targetHints":{"allow":["GET"]}}],"collection":[{"href":"https:\/\/bihavadis.com\/index.php\/wp-json\/wp\/v2\/posts"}],"about":[{"href":"https:\/\/bihavadis.com\/index.php\/wp-json\/wp\/v2\/types\/post"}],"author":[{"embeddable":true,"href":"https:\/\/bihavadis.com\/index.php\/wp-json\/wp\/v2\/users\/1"}],"replies":[{"embeddable":true,"href":"https:\/\/bihavadis.com\/index.php\/wp-json\/wp\/v2\/comments?post=46924"}],"version-history":[{"count":1,"href":"https:\/\/bihavadis.com\/index.php\/wp-json\/wp\/v2\/posts\/46924\/revisions"}],"predecessor-version":[{"id":46926,"href":"https:\/\/bihavadis.com\/index.php\/wp-json\/wp\/v2\/posts\/46924\/revisions\/46926"}],"wp:featuredmedia":[{"embeddable":true,"href":"https:\/\/bihavadis.com\/index.php\/wp-json\/wp\/v2\/media\/46925"}],"wp:attachment":[{"href":"https:\/\/bihavadis.com\/index.php\/wp-json\/wp\/v2\/media?parent=46924"}],"wp:term":[{"taxonomy":"category","embeddable":true,"href":"https:\/\/bihavadis.com\/index.php\/wp-json\/wp\/v2\/categories?post=46924"},{"taxonomy":"post_tag","embeddable":true,"href":"https:\/\/bihavadis.com\/index.php\/wp-json\/wp\/v2\/tags?post=46924"}],"curies":[{"name":"wp","href":"https:\/\/api.w.org\/{rel}","templated":true}]}}