{"id":46983,"date":"2026-02-25T10:42:09","date_gmt":"2026-02-25T10:42:09","guid":{"rendered":"https:\/\/bihavadis.com\/?p=46983"},"modified":"2026-02-25T10:42:09","modified_gmt":"2026-02-25T10:42:09","slug":"fethiyesporun-ziraat-kupasi-sansi-ghitti","status":"publish","type":"post","link":"https:\/\/bihavadis.com\/index.php\/2026\/02\/25\/fethiyesporun-ziraat-kupasi-sansi-ghitti\/","title":{"rendered":"Fethiyespor&#8217;un Ziraat Kupas\u0131 \u015eans\u0131 Ghitti"},"content":{"rendered":"<p>\n<p>Z\u0130RAAT T\u00fcrkiye Kupas\u0131 A Grubu&#8217;ndaki 3&#8217;\u00fcnc\u00fc ma\u00e7\u0131nda deplasmanda Trabzonspor&#8217;a 3-0 ma\u011flup olan Fethiyespor, 1 ma\u00e7 kala 1 puanda kalarak tur atlama \u015fans\u0131n\u0131 matematiksel olarak b\u00fcy\u00fck oranda kaybetti. Grup m\u00fcsabakalar\u0131nda Boluspor&#8217;la deplasmanda 0-0 berabere kal\u0131p, Galatasaray&#8217;a evinde 2-1 yenildikten sonra deplasmanda Trabzonspor&#8217;a 3-0 kaybeden lacivert-beyazl\u0131lar, ilk 2&#8217;ye girme ve en iyi 2 grup 3&#8217;\u00fcnc\u00fcs\u00fc olma \u015fans\u0131n\u0131 yitirdi. Fethiye ekibi kupadaki son ma\u00e7\u0131nda 4 Mart&#8217;ta S\u00fcper Lig temsilcisi Fatih Karag\u00fcmr\u00fck&#8217;\u00fc konuk edecek. Fethiyespor Teknik Direkt\u00f6r\u00fc Sait Karaf\u0131rt\u0131nalar, Trabzonspor kar\u015f\u0131s\u0131ndaki oyunlar\u0131 nedeniyle futbolcular\u0131n\u0131 tebrik etti.<\/p>\n<p>Tecr\u00fcbeli teknik adam, &#8220;\u00d6ncelikle rakibimizi tebrik ediyorum. Bir karar vermemiz gerekiyordu ma\u00e7tan \u00f6nce. Savunma m\u0131 yapaca\u011f\u0131z, oynamay\u0131 m\u0131 d\u00fc\u015f\u00fcnece\u011fiz? \u015eu bir ger\u00e7ek ki oynamay\u0131 d\u00fc\u015f\u00fcnseydik, buradan \u00e7ok farkl\u0131 bir skorla ayr\u0131labilirdik. Savunma yapmay\u0131 se\u00e7tik, bence 70 dakika boyunca bunu ba\u015fard\u0131k. 5&#8217;li savunma ile orta sahadaki geni\u015f alanlar\u0131 de\u011ferlendirmeye \u00e7al\u0131\u015ft\u0131k. \u00c7ok f\u0131rsat bulamad\u0131k ama rakibe de \u00e7ok f\u0131rsat vermedik. Ta ki uzaktan yedi\u011fimiz gole kadar. Burada S\u00fcper Lig tak\u0131mlar\u0131 bile zorlan\u0131yor, biz 2&#8217;nci Lig&#8217;den geliyoruz. Ben \u00e7ocuklar\u0131 tebrik ediyorum, ellerinden gelen m\u00fccadeleyi g\u00f6sterdiler&#8221; dedi.<\/p>\n","protected":false},"excerpt":{"rendered":"<p>Fethiyespor, Trabzonspor&#8217;a 3-0 yenilerek Ziraat Kupas\u0131&#8217;ndaki tur \u015fans\u0131n\u0131 kaybetti.<\/p>\n","protected":false},"author":1,"featured_media":46984,"comment_status":"open","ping_status":"open","sticky":false,"template":"","format":"standard","meta":{"footnotes":""},"categories":[14],"tags":[],"class_list":["post-46983","post","type-post","status-publish","format-standard","has-post-thumbnail","hentry","category-spor"],"_links":{"self":[{"href":"https:\/\/bihavadis.com\/index.php\/wp-json\/wp\/v2\/posts\/46983","targetHints":{"allow":["GET"]}}],"collection":[{"href":"https:\/\/bihavadis.com\/index.php\/wp-json\/wp\/v2\/posts"}],"about":[{"href":"https:\/\/bihavadis.com\/index.php\/wp-json\/wp\/v2\/types\/post"}],"author":[{"embeddable":true,"href":"https:\/\/bihavadis.com\/index.php\/wp-json\/wp\/v2\/users\/1"}],"replies":[{"embeddable":true,"href":"https:\/\/bihavadis.com\/index.php\/wp-json\/wp\/v2\/comments?post=46983"}],"version-history":[{"count":1,"href":"https:\/\/bihavadis.com\/index.php\/wp-json\/wp\/v2\/posts\/46983\/revisions"}],"predecessor-version":[{"id":46985,"href":"https:\/\/bihavadis.com\/index.php\/wp-json\/wp\/v2\/posts\/46983\/revisions\/46985"}],"wp:featuredmedia":[{"embeddable":true,"href":"https:\/\/bihavadis.com\/index.php\/wp-json\/wp\/v2\/media\/46984"}],"wp:attachment":[{"href":"https:\/\/bihavadis.com\/index.php\/wp-json\/wp\/v2\/media?parent=46983"}],"wp:term":[{"taxonomy":"category","embeddable":true,"href":"https:\/\/bihavadis.com\/index.php\/wp-json\/wp\/v2\/categories?post=46983"},{"taxonomy":"post_tag","embeddable":true,"href":"https:\/\/bihavadis.com\/index.php\/wp-json\/wp\/v2\/tags?post=46983"}],"curies":[{"name":"wp","href":"https:\/\/api.w.org\/{rel}","templated":true}]}}