{"id":47025,"date":"2026-02-25T11:15:08","date_gmt":"2026-02-25T11:15:08","guid":{"rendered":"https:\/\/bihavadis.com\/?p=47025"},"modified":"2026-02-25T11:15:08","modified_gmt":"2026-02-25T11:15:08","slug":"okan-buruk-juventus-maci-oncesi-konustu-zor-bir-karsilasma-bizi-bekliyor","status":"publish","type":"post","link":"https:\/\/bihavadis.com\/index.php\/2026\/02\/25\/okan-buruk-juventus-maci-oncesi-konustu-zor-bir-karsilasma-bizi-bekliyor\/","title":{"rendered":"Okan Buruk, Juventus ma\u00e7\u0131 \u00f6ncesi konu\u015ftu: Zor bir kar\u015f\u0131la\u015fma bizi bekliyor"},"content":{"rendered":"<p>Temsilcimiz\u00a0Galatasaray, UEFA \u015eampiyonlar Ligi son 16 turu play-off ilk ma\u00e7\u0131nda Juventus&#8217;u konuk edecek.<\/p>\n<p>17 \u015eubat Sal\u0131 g\u00fcn\u00fc RAMS Park&#8217;ta oynanacak m\u00fcsabaka, saat 20.45&#8217;te ba\u015flayacak.<\/p>\n<p>Kar\u015f\u0131la\u015fma \u00f6ncesinde Galatasaray Teknik Direkt\u00f6r\u00fc Okan Buruk m\u00fccadeleye ili\u015fkin a\u00e7\u0131klamalarda bulundu.<\/p>\n<p><strong>&#8220;JUVENTUS ZOR B\u0130R D\u00d6NEMDEN GE\u00c7\u0130YOR&#8221;<\/strong><\/p>\n<p>Juventus e\u015fle\u015fmesini de\u011ferlendiren Buruk, <b><em>\u201cSezona ba\u015flarken hedefimiz ilk 8&#8217;e girip son 16&#8217;ya kalmakt\u0131. Play-off&#8217;la ba\u015farmak, bizim i\u00e7in \u00f6nemli bir f\u0131rsat. Rakibimizin ne kadar iyi bir tak\u0131m oldu\u011funu biliyoruz. Zor bir d\u00f6nemden ge\u00e7iyorlar. \u015eanss\u0131z bir d\u00f6nem ge\u00e7iriyorlar. 2 g\u00fcn \u00f6nce bir ma\u00e7 oynad\u0131lar. Zorlu bir ma\u00e7 bizi bekliyor. Kendi saham\u0131zda kazan\u0131p avantaj elde etmek istiyoruz. \u0130ki ma\u00e7l\u0131k bir oyun ortaya koymam\u0131z gerekiyor. \u0130n\u015fallah yar\u0131n taraftarlar\u0131m\u0131zla kutlayabilece\u011fimiz bir galibiyet al\u0131r\u0131z.\u201d <\/em><\/b>dedi.<\/p>\n<p><img decoding=\"async\" src=\"https:\/\/bihavadis.com\/wp-content\/uploads\/2026\/02\/okan-buruk-juventus-maci-oncesi-konustu-zor-bir-karsilasma-bizi-bekliyor-0-IWSTAGL6.jpg\"\/><\/p>\n<p><strong>&#8220;\u0130Y\u0130 SAVUNMA VE H\u00dcCUM YAPACA\u011eIZ&#8221;<\/strong><\/p>\n<p>Buruk s\u00f6zlerine \u015f\u00f6yle devam etti:<\/p>\n<p>\u201cBir denge i\u00e7inde iki ma\u00e7l\u0131k b\u00f6l\u00fcm\u00fc oynamak gerekiyor. H\u00fccum yapaca\u011f\u0131z. \u0130yi savunma ve h\u00fccum yapaca\u011f\u0131z. Rakibimizin g\u00fc\u00e7l\u00fc ve iyi yanlar\u0131n\u0131 bilerek savunma yapmam\u0131z gerekiyor. Taraftar\u0131m\u0131zla birlikte iyi bir galibiyet alma \u015fans\u0131m\u0131z var. Kar\u015f\u0131m\u0131zda \u00e7ok iyi bir tak\u0131m var.\u201d<\/p>\n<p><strong>&#8220;B\u0130RL\u0130KTE HAREKET ETMEM\u0130Z EN \u00d6NEML\u0130 NOKTA OLACAK&#8221;<\/strong><\/p>\n<p>Juventus&#8217;la ilgili gelen soruyu yan\u0131tlayan Buruk,  yan\u0131t\u0131n\u0131 verdi.<\/p>\n<p><img decoding=\"async\" src=\"https:\/\/bihavadis.com\/wp-content\/uploads\/2026\/02\/okan-buruk-juventus-maci-oncesi-konustu-zor-bir-karsilasma-bizi-bekliyor-1-Hnc4AMvx.jpg\"\/><\/p>\n<p><strong>&#8220;SAVUNMA YAPTI\u011eIMIZ MA\u00c7 SAYISI \u00c7OK AZ OLUYOR&#8221;<\/strong><\/p>\n<p>Galatasaray&#8217;\u0131n savunmas\u0131yla ilgili soruyu ise Okan Buruk \u015f\u00f6yle yan\u0131tlad\u0131, <b>&#8220;Savunma yapt\u0131\u011f\u0131m\u0131z ma\u00e7 say\u0131s\u0131 \u00e7ok az oluyor. \u015eampiyonlar Ligi&#8217;nde o savunmay\u0131 iyi yapman\u0131z gerekiyor. \u00c7ok eksik kald\u0131\u011f\u0131m\u0131z d\u00f6nemin d\u0131\u015f\u0131nda \u00e7ok iyi savunma \u00f6rnekleri var. Liverpool ve Bodo\/Glimt ma\u00e7lar\u0131 var. \u015eu anda fiziksel, mental ve kadro olarak en iyi durumumuzday\u0131z. Sakatl\u0131ktan da \u00e7ok fazla d\u00f6nen oyuncumuz var. Kadromuz bu ma\u00e7 i\u00e7in \u00e7ok daha g\u00fc\u00e7l\u00fc.&#8221; <\/b>\u015feklinde konu\u015ftu.<\/p>\n<p><strong>MARIO LEMINA CEVABI<\/strong><\/p>\n<p>Galatasaray&#8217;da Mario Lemina, kart cezas\u0131 nedeniyle Juventus&#8217;la oynanacak ilk ma\u00e7ta forma giyemeyecek.<\/p>\n<p>Lemina&#8217;n\u0131n \u00f6nemli bir oyuncu oldu\u011funu vurgulayan Buruk, Juventus ma\u00e7\u0131na haz\u0131r olduklar\u0131n\u0131 belirtip, <b><em>&#8220;Bu t\u00fcr ma\u00e7lar i\u00e7in Lemina profilinde oyuncular\u0131n olmas\u0131 \u00f6nemli olurdu. Ama onun olmad\u0131\u011f\u0131 senaryoda di\u011fer oyuncular\u0131m\u0131z\u0131n ayn\u0131 direnci g\u00f6stereceklerine inan\u0131yorum. \u0130kinci ma\u00e7ta Lemina olacak. \u015eu anda oyuncular\u0131m\u0131z y\u00fczde 100 haz\u0131r. Kendileri i\u00e7in \u00e7ok \u00f6nemli bir ma\u00e7a \u00e7\u0131kacaklar. Bunun da hakk\u0131n\u0131 verecekler.\u201d <\/em><\/b>dedi.<\/p>\n<p><img decoding=\"async\" src=\"https:\/\/bihavadis.com\/wp-content\/uploads\/2026\/02\/okan-buruk-juventus-maci-oncesi-konustu-zor-bir-karsilasma-bizi-bekliyor-2-makdp9Pd.jpg\"\/><\/p>\n","protected":false},"excerpt":{"rendered":"<p>Galatasaray Teknik Direkt\u00f6r\u00fc Okan Buruk, \u015eampiyonlar Ligi&#8217;ndeki Juventus ma\u00e7\u0131 \u00f6ncesi bas\u0131n toplant\u0131s\u0131nda konu\u015ftu. Buruk, \u015eampiyonlar Ligi&#8217;nde Juventus&#8217;la zorlu bir ma\u00e7a \u00e7\u0131kacalar\u0131n\u0131 ve r\u00f6van\u015f \u00f6ncesinde avantajl\u0131 bir skor elde etmek istediklerini s\u00f6yledi.<\/p>\n","protected":false},"author":1,"featured_media":47026,"comment_status":"open","ping_status":"open","sticky":false,"template":"","format":"standard","meta":{"footnotes":""},"categories":[14],"tags":[1261,2147,364,278,687],"class_list":["post-47025","post","type-post","status-publish","format-standard","has-post-thumbnail","hentry","category-spor","tag-buruk","tag-juventus","tag-mac","tag-oyun","tag-savunma"],"_links":{"self":[{"href":"https:\/\/bihavadis.com\/index.php\/wp-json\/wp\/v2\/posts\/47025","targetHints":{"allow":["GET"]}}],"collection":[{"href":"https:\/\/bihavadis.com\/index.php\/wp-json\/wp\/v2\/posts"}],"about":[{"href":"https:\/\/bihavadis.com\/index.php\/wp-json\/wp\/v2\/types\/post"}],"author":[{"embeddable":true,"href":"https:\/\/bihavadis.com\/index.php\/wp-json\/wp\/v2\/users\/1"}],"replies":[{"embeddable":true,"href":"https:\/\/bihavadis.com\/index.php\/wp-json\/wp\/v2\/comments?post=47025"}],"version-history":[{"count":1,"href":"https:\/\/bihavadis.com\/index.php\/wp-json\/wp\/v2\/posts\/47025\/revisions"}],"predecessor-version":[{"id":47030,"href":"https:\/\/bihavadis.com\/index.php\/wp-json\/wp\/v2\/posts\/47025\/revisions\/47030"}],"wp:featuredmedia":[{"embeddable":true,"href":"https:\/\/bihavadis.com\/index.php\/wp-json\/wp\/v2\/media\/47026"}],"wp:attachment":[{"href":"https:\/\/bihavadis.com\/index.php\/wp-json\/wp\/v2\/media?parent=47025"}],"wp:term":[{"taxonomy":"category","embeddable":true,"href":"https:\/\/bihavadis.com\/index.php\/wp-json\/wp\/v2\/categories?post=47025"},{"taxonomy":"post_tag","embeddable":true,"href":"https:\/\/bihavadis.com\/index.php\/wp-json\/wp\/v2\/tags?post=47025"}],"curies":[{"name":"wp","href":"https:\/\/api.w.org\/{rel}","templated":true}]}}