{"id":47083,"date":"2026-02-25T11:39:07","date_gmt":"2026-02-25T11:39:07","guid":{"rendered":"https:\/\/bihavadis.com\/?p=47083"},"modified":"2026-02-25T11:39:07","modified_gmt":"2026-02-25T11:39:07","slug":"diyarbakirda-kaybolan-yasli-adamdan-haber-yok","status":"publish","type":"post","link":"https:\/\/bihavadis.com\/index.php\/2026\/02\/25\/diyarbakirda-kaybolan-yasli-adamdan-haber-yok\/","title":{"rendered":"Diyarbak\u0131r&#8217;da kaybolan ya\u015fl\u0131 adamdan haber yok"},"content":{"rendered":"<p>Diyarbak\u0131r&#8217;\u0131n Kulp il\u00e7esi K\u0131rsal \u00c7a\u011flayan Mahallesi\u2019nde ya\u015fayan zihinsel engelli Salih Erta\u015f, 8 \u015eubat&#8217;ta Dereboyu mezras\u0131na misafirli\u011fe gitmek i\u00e7in evden ayr\u0131ld\u0131 ancak kendisinden bir daha haber al\u0131namad\u0131.<\/p>\n<p>Ailesi Salih Erta\u015f\u2019a ula\u015famay\u0131nca 11 \u015eubat ak\u015fam\u0131 durumu 112 Acil \u00c7a\u011fr\u0131 Merkezi\u2019ne bildirdi. \u0130hbar \u00fczerine b\u00f6lgeye y\u00f6nlendirilen ekiplerle arama \u00e7al\u0131\u015fmas\u0131 ba\u015flat\u0131ld\u0131.<\/p>\n<p><strong>119 K\u0130\u015e\u0130L\u0130K EK\u0130P ARIYOR<\/strong><\/p>\n<p>\u00c7al\u0131\u015fmalar\u0131n 9&#8217;uncu g\u00fcn\u00fcnde Erta\u015f, AFAD, Kulp Belediyesi Arama Kurtarma (KUBAK), Diyarbak\u0131r B\u00fcy\u00fck\u015fehir Belediyesi Arama Kurtarma, Kayap\u0131nar Belediyesi Arama Kurtarma, Karayollar\u0131 Arama Kurtarma, Jandarma ve Jandarma Sualt\u0131 Arama Kurtarma ekiplerinden toplam 191 personel, 30 ara\u00e7 ve 1 kadavra k\u00f6pe\u011fi ile karadan, 6 dronla da havadan aran\u0131yor.<\/p>\n<p><strong>HEN\u00dcZ B\u0130R \u0130ZE RASTLANMADI<\/strong><\/p>\n<p>Eviyle en son g\u00f6r\u00fcld\u00fc\u011f\u00fc yer aras\u0131ndaki Sar\u0131m \u00c7ay\u0131 k\u0131y\u0131s\u0131ndaki 4,5 kilometrelik mesafede sabah saat 06.30 s\u0131ralar\u0131nda ba\u015flayan arama \u00e7al\u0131\u015fmalar\u0131nda, Erta\u015f&#8217;a dair herhangi bir ize hen\u00fcz rastlanmad\u0131\u011f\u0131 belirtildi.\u00a0<\/p>\n<p><img decoding=\"async\" src=\"https:\/\/bihavadis.com\/wp-content\/uploads\/2026\/02\/diyarbakirda-kaybolan-yasli-adamdan-haber-yok-0-LLQEQEdn.jpg\"\/><\/p>\n","protected":false},"excerpt":{"rendered":"<p>Kulp il\u00e7esinde, 8 \u015eubat\u2019tan bu yana kendisinden haber al\u0131namayan zihinsel engelli Salih Erta\u015f, \u00e7al\u0131\u015fmalar\u0131n 9\u2019uncu g\u00fcn\u00fcnde 191 ki\u015filik ekip taraf\u0131ndan aran\u0131yor.<\/p>\n","protected":false},"author":1,"featured_media":47084,"comment_status":"open","ping_status":"open","sticky":false,"template":"","format":"standard","meta":{"footnotes":""},"categories":[4,13],"tags":[1470],"class_list":["post-47083","post","type-post","status-publish","format-standard","has-post-thumbnail","hentry","category-gundem","category-son-dakika","tag-arama-kurtarma"],"_links":{"self":[{"href":"https:\/\/bihavadis.com\/index.php\/wp-json\/wp\/v2\/posts\/47083","targetHints":{"allow":["GET"]}}],"collection":[{"href":"https:\/\/bihavadis.com\/index.php\/wp-json\/wp\/v2\/posts"}],"about":[{"href":"https:\/\/bihavadis.com\/index.php\/wp-json\/wp\/v2\/types\/post"}],"author":[{"embeddable":true,"href":"https:\/\/bihavadis.com\/index.php\/wp-json\/wp\/v2\/users\/1"}],"replies":[{"embeddable":true,"href":"https:\/\/bihavadis.com\/index.php\/wp-json\/wp\/v2\/comments?post=47083"}],"version-history":[{"count":1,"href":"https:\/\/bihavadis.com\/index.php\/wp-json\/wp\/v2\/posts\/47083\/revisions"}],"predecessor-version":[{"id":47086,"href":"https:\/\/bihavadis.com\/index.php\/wp-json\/wp\/v2\/posts\/47083\/revisions\/47086"}],"wp:featuredmedia":[{"embeddable":true,"href":"https:\/\/bihavadis.com\/index.php\/wp-json\/wp\/v2\/media\/47084"}],"wp:attachment":[{"href":"https:\/\/bihavadis.com\/index.php\/wp-json\/wp\/v2\/media?parent=47083"}],"wp:term":[{"taxonomy":"category","embeddable":true,"href":"https:\/\/bihavadis.com\/index.php\/wp-json\/wp\/v2\/categories?post=47083"},{"taxonomy":"post_tag","embeddable":true,"href":"https:\/\/bihavadis.com\/index.php\/wp-json\/wp\/v2\/tags?post=47083"}],"curies":[{"name":"wp","href":"https:\/\/api.w.org\/{rel}","templated":true}]}}