{"id":47087,"date":"2026-02-25T11:42:07","date_gmt":"2026-02-25T11:42:07","guid":{"rendered":"https:\/\/bihavadis.com\/?p=47087"},"modified":"2026-02-25T11:42:07","modified_gmt":"2026-02-25T11:42:07","slug":"ak-parti-genel-baskan-yardimcisi-kaya-yeni-bir-dunya-duzeni-kurulurken-turkiye-eskisine-gore-cok-daha-guclu-bir-sekilde-masada","status":"publish","type":"post","link":"https:\/\/bihavadis.com\/index.php\/2026\/02\/25\/ak-parti-genel-baskan-yardimcisi-kaya-yeni-bir-dunya-duzeni-kurulurken-turkiye-eskisine-gore-cok-daha-guclu-bir-sekilde-masada\/","title":{"rendered":"AK Parti Genel Ba\u015fkan Yard\u0131mc\u0131s\u0131 Kaya: &#8220;Yeni bir d\u00fcnya d\u00fczeni kurulurken T\u00fcrkiye, eskisine g\u00f6re \u00e7ok daha g\u00fc\u00e7l\u00fc bir \u015fekilde masada&#8221;"},"content":{"rendered":"<p> AK Parti Genel Ba\u015fkan Yard\u0131mc\u0131s\u0131 Fatma Bet\u00fcl Sayan Kaya, &#8220;Yeni bir d\u00fcnya d\u00fczeni kurulurken T\u00fcrkiye, eskisine g\u00f6re \u00e7ok daha g\u00fc\u00e7l\u00fc bir \u015fekilde masada. Bu ba\u015far\u0131da AK Parti te\u015fkilatlar\u0131n\u0131n, kad\u0131nlar\u0131n ve gen\u00e7lerin pay\u0131 \u00e7ok b\u00fcy\u00fck&#8221; dedi.<\/p>\n<p>AK Parti Genel Ba\u015fkan Yard\u0131mc\u0131s\u0131 Fatma Bet\u00fcl Sayan Kaya, bir dizi programa kat\u0131lmak \u00fczere geldi\u011fi Denizli&#8217;de Polis Evi&#8217;nde d\u00fczenlenen yemekte \u015fehit aileleri ve gazilerle bir araya geldi. Kaya, ayr\u0131ca AK Parti \u0130l Ba\u015fkan\u0131 Muhammet Suba\u015f\u0131o\u011flu&#8217;nun ev sahipli\u011finde ger\u00e7ekle\u015ftirilen AK Parti \u0130l Dan\u0131\u015fma Meclisi Toplant\u0131s\u0131&#8217;nda partililerle bir araya geldi. Yapt\u0131\u011f\u0131 konu\u015fmada AK Parti Denizli Te\u015fkilat\u0131 olarak 2025 y\u0131l\u0131n\u0131 dolu dolu ge\u00e7irdiklerini ifade eden AK Parti \u0130l Ba\u015fkan\u0131 Muhammet Suba\u015f\u0131o\u011flu, &#8220;AK Parti Denizli Te\u015fkilat\u0131m\u0131z 2025 y\u0131l\u0131n\u0131 dolu dolu ge\u00e7irdi. Denizli siyasi tarihinin, ayn\u0131 zamanda AK Parti siyasi tarihinin en y\u00fcksek \u00fcye say\u0131s\u0131 olan 131 bin 917 rakam\u0131na siz de\u011ferli te\u015fkilat mensuplar\u0131m\u0131z\u0131n gayret ve himmetleriyle ula\u015fm\u0131\u015f bulunuyoruz. Sizlere \u00e7ok te\u015fekk\u00fcr ediyorum. Denizli&#8217;de 2025 y\u0131l\u0131nda 10 binin \u00fcst\u00fcnde hem\u015fehrimiz aram\u0131za kat\u0131ld\u0131. Yeni dava arkada\u015flar\u0131 olarak birlikte yol almak ad\u0131na aram\u0131za kat\u0131lan t\u00fcm \u00fcyelerimize ho\u015f geldiniz diyorum&#8221; dedi.<\/p>\n<p>&#8220;Cumhuriyet Halk Partisi&#8217;nin 81 ilde yapm\u0131\u015f oldu\u011fu \u00fcyenin yar\u0131s\u0131n\u0131 bu il olarak tek ba\u015f\u0131m\u0131za yapm\u0131\u015f bulunduk&#8221;<\/p>\n<p>Cumhuriyet Halk Partisi&#8217;nin 81 ilde 2025 y\u0131l\u0131 i\u00e7erisinde kaydetti\u011fi \u00fcye say\u0131s\u0131n\u0131n yar\u0131s\u0131n\u0131 sadece Denizli&#8217;nin tek ba\u015f\u0131na yapt\u0131\u011f\u0131n\u0131 dile getiren Suba\u015f\u0131o\u011flu, &#8220;T\u00fcrkiye&#8217;de Cumhuriyet Halk Partisi&#8217;nin 81 ilde 2025 y\u0131l\u0131 i\u00e7erisinde sadece 19 bin yeni \u00fcye kaydetti\u011fini hat\u0131rlatmak istiyorum. Evet, bizler Denizli olarak 10 binin \u00fcst\u00fcnde yeni hem\u015fehrimizi AK Partimize \u00fcye kaydederek, Cumhuriyet Halk Partisi&#8217;nin 81 ilde yapm\u0131\u015f oldu\u011fu \u00fcyenin yar\u0131s\u0131n\u0131 bu il olarak tek ba\u015f\u0131m\u0131za yapm\u0131\u015f bulunduk&#8221; diye konu\u015ftu.<\/p>\n<p>&#8220;Belediyecilik denince akla gelen tek parti AK Parti&#8217;dir&#8221;<\/p>\n<p>AK Parti&#8217;nin belediyecilikte d\u00fcnyada \u00f6rnek g\u00f6sterilen bir anlay\u0131\u015f ortaya koydu\u011funu dile getiren Kaya, &#8220;Recep Tayyip Erdo\u011fan, belediyecilik konusunda d\u00fcnyada ders verebilecek bir liderdir. AK Parti belediyeleri, d\u00fcnyan\u0131n d\u00f6rt bir yan\u0131ndan gelen heyetler taraf\u0131ndan incelenmi\u015f, bir\u00e7ok projeleri \u00f6rnek al\u0131nm\u0131\u015ft\u0131r. Belediyecilik denince akla gelen tek parti AK Parti&#8217;dir. Maalesef yolsuzluk ve h\u0131rs\u0131zl\u0131klar alm\u0131\u015f ba\u015f\u0131n\u0131 gidiyor. Ancak bu y\u00fcce milletin ferasetine y\u00fcrekten inan\u0131yorum. Milletimiz kimin hizmet yapt\u0131\u011f\u0131n\u0131, kimin milletin paras\u0131n\u0131 \u00e7ar\u00e7ur etti\u011fini \u00e7ok iyi g\u00f6r\u00fcyor. Allah&#8217;\u0131n izniyle 2029 se\u00e7imlerinde yerelde bu hizmeti ka\u00e7\u0131ranlar, milletin paras\u0131na \u00e7\u00f6kenlere \u00e7ok g\u00fczel bir ders verecek, \u00e7ok g\u00fczel bir hesap soracak. Biz milletimizin ferasetine inan\u0131yoruz, g\u00fcveniyoruz&#8221; ifadelerini kulland\u0131.<\/p>\n<p>D\u00fcnyan\u0131n b\u00fcy\u00fck bir sapk\u0131nl\u0131kla kar\u015f\u0131 kar\u015f\u0131ya oldu\u011funu ve Cumhurba\u015fkan\u0131 Recep Tayyip Erdo\u011fan&#8217;\u0131n k\u00fcresel adaletsizliklere kar\u015f\u0131 g\u00fc\u00e7l\u00fc bir duru\u015f sergiledi\u011fini belirten Kaya, &#8220;Hep birlikte okudu\u011fumuz Epstein dosyas\u0131, korkun\u00e7 ve i\u011fren\u00e7 bir sapk\u0131n zihniyetin, Yahudi anlay\u0131\u015f\u0131n\u0131n d\u00fcnyada \u00fclkeleri darbeyle devirmeye kadar gidecek kirli senaryolar\u0131n\u0131 ortaya koydu\u011funu g\u00fcnlerdir okuyoruz de\u011fil mi? Ama ula\u015famad\u0131klar\u0131 bir lider var. O lider kim? Recep Tayyip Erdo\u011fan. Sayfa sayfa yaz\u0131lan, \u00e7ocuklar\u0131n ve masum bebeklerin katledildi\u011fi, bebeklere tecav\u00fcz edilen, k\u00fc\u00e7\u00fck k\u0131z \u00e7ocuklar\u0131n\u0131n t\u00fcrl\u00fc i\u015fkencelere maruz b\u0131rak\u0131ld\u0131\u011f\u0131 bu sapk\u0131nl\u0131klar\u0131 insanl\u0131k ad\u0131na utan\u00e7 duyarak okuyoruz. T\u00fcm bunlar\u0131n d\u00fcnya devletlerine darbe yapabilecek ar\u015fivleri ellerinde tutmak i\u00e7in liderlere kar\u015f\u0131 \u015fantaj malzemesi olarak kullan\u0131ld\u0131\u011f\u0131n\u0131 g\u00f6r\u00fcyoruz. Cumhurba\u015fkan\u0131 Recep Tayyip Erdo\u011fan&#8217;\u0131n &#8216;D\u00fcnya be\u015ften b\u00fcy\u00fckt\u00fcr&#8217; ve &#8216;One minute&#8217; \u00e7\u0131k\u0131\u015flar\u0131yla k\u00fcresel adaletsizliklere kar\u015f\u0131 g\u00fc\u00e7l\u00fc bir duru\u015f sergilendi. Gazze&#8217;de ya\u015fananlara kar\u015f\u0131 d\u00fcnya kamuoyunda y\u00fckselen tepkiler, bu duru\u015fun hakl\u0131l\u0131\u011f\u0131n\u0131 ortaya koydu&#8221; diye konu\u015ftu.<\/p>\n<p>&#8220;Biz haktan ve adaletten yana tavr\u0131n\u0131 ortaya koyan bir liderin yol arkada\u015flar\u0131y\u0131z&#8221;<\/p>\n<p>D\u00fcnyan\u0131n neresinde bir zul\u00fcm varsa, oradaki zulme kar\u015f\u0131 sesini y\u00fckselten ve mazlumlara el uzatan bir liderin yol arkada\u015flar\u0131 olduklar\u0131n\u0131 dile getiren Kaya, &#8220;Biz haktan ve adaletten yana tavr\u0131n\u0131 ortaya koyan bir liderin yol arkada\u015flar\u0131y\u0131z. D\u00fcnyan\u0131n neresinde bir zul\u00fcm varsa, oradaki zulme kar\u015f\u0131 sesini y\u00fckselten ve mazlumlara el uzatan bir liderin yol arkada\u015flar\u0131y\u0131z. Zul\u00fcmle abad olunmaz. Art\u0131k zalimlerin sesinin \u00e7ok \u00e7\u0131kt\u0131\u011f\u0131 d\u00fcnya d\u00fczeni de y\u0131k\u0131lmak zorunda. Yeni bir d\u00fcnya d\u00fczeni kurulurken T\u00fcrkiye, eskisine g\u00f6re \u00e7ok daha g\u00fc\u00e7l\u00fc bir \u015fekilde masada. Bu ba\u015far\u0131da AK Parti te\u015fkilatlar\u0131n\u0131n, kad\u0131nlar\u0131n ve gen\u00e7lerin pay\u0131 \u00e7ok b\u00fcy\u00fck&#8221; dedi.<\/p>\n<p>&#8220;Belediyesinde kad\u0131nlara tacizde bulunan belediye ba\u015fkan yard\u0131mc\u0131s\u0131n\u0131 derhal g\u00f6revden uzakla\u015ft\u0131rs\u0131n&#8221;<\/p>\n<p>Denizli&#8217;de CHP&#8217;li belediyelere y\u00f6nelik ele\u015ftirilerde bulunan Kaya, bir belediye ba\u015fkan yard\u0131mc\u0131s\u0131 hakk\u0131nda taciz iddias\u0131yla su\u00e7 duyurusunda bulunuldu\u011funu hat\u0131rlatarak, &#8220;Ben buradan \u00d6zg\u00fcr \u00d6zel&#8217;e bir mesaj vermek istiyorum. Belediyesinde kad\u0131nlara tacizde bulunan belediye ba\u015fkan yard\u0131mc\u0131s\u0131n\u0131 derhal g\u00f6revden uzakla\u015ft\u0131rs\u0131n. Taciz su\u00e7 duyurusu varken g\u00f6revden al\u0131nmamas\u0131 kesinlikle kabul edilemez bir olay&#8221; dedi.<\/p>\n<p>&#8220;Ter\u00f6rs\u00fcz T\u00fcrkiye ve ter\u00f6rs\u00fcz b\u00f6lge s\u00fcrecini de in\u015fallah ba\u015far\u0131yla neticelendirece\u011fiz&#8221;<\/p>\n<p>Ter\u00f6rle m\u00fccadelede \u00f6nemli ba\u015far\u0131lar elde edildi\u011fini ifade eden Kaya, &#8220;Birli\u011fimizi ve beraberli\u011fimizi bozmak isteyenlere asla m\u00fcsaade etmeyece\u011fiz. Ter\u00f6rs\u00fcz T\u00fcrkiye ve ter\u00f6rs\u00fcz b\u00f6lge s\u00fcrecini de in\u015fallah ba\u015far\u0131yla neticelendirece\u011fiz. Bizim de bu \u00fclkeye, \u015fehit ailelerimize, gazilerimize borcumuz&#8221; ifadelerini kulland\u0131.<\/p>\n<p>Konu\u015fmas\u0131n\u0131 birlik ve beraberlik vurgusuyla tamamlayan Kaya, AK Parti&#8217;nin &#8220;kimsesizlerin kimi&#8221; anlay\u0131\u015f\u0131yla yoluna devam etti\u011fini, Ramazan ay\u0131nda da ihtiya\u00e7 sahiplerine desteklerin s\u00fcrece\u011fini s\u00f6zlerine ekledi.<\/p>\n<p>\u0130l binas\u0131nda d\u00fczenlenen toplant\u0131ya AK Parti Genel Ba\u015fkan Yard\u0131mc\u0131s\u0131 Fatma Bet\u00fcl Sayan Kaya, AK Parti Genel Ba\u015fkan Yard\u0131mc\u0131s\u0131 Nihat Zeybek\u00e7i, Denizli AK Parti \u0130l Ba\u015fkan\u0131 Muhammet Suba\u015f\u0131o\u011flu, MKYK \u00dcyesi ve Sosyal Politikalar Ba\u015fkan Yard\u0131mc\u0131s\u0131 Mehmet Karabay, MKYK \u00dcyesi ve Sosyal Politikalar Ba\u015fkan Yard\u0131mc\u0131s\u0131 Fatih Sadullah Selman, Genel Merkez \u0130l Koordinat\u00f6r\u00fc P\u0131nar Turhano\u011flu G\u00fcc\u00fcyener, Sosyal Politikalar Ba\u015fkan Yard\u0131mc\u0131s\u0131 Furkan Levento\u011flu, Sosyal Politikalar Ba\u015fkan Yard\u0131mc\u0131s\u0131 \u0130smail Sa\u011flam, te\u015fkilat \u00fcyeleri ve partililer kat\u0131ld\u0131. &#8211; DEN\u0130ZL\u0130<\/p>\n","protected":false},"excerpt":{"rendered":"<p>AK Parti Genel Ba\u015fkan Yard\u0131mc\u0131s\u0131 Fatma Bet\u00fcl Sayan Kaya, &#8220;Yeni bir d\u00fcnya d\u00fczeni kurulurken T\u00fcrkiye, eskisine g\u00f6re \u00e7ok daha g\u00fc\u00e7l\u00fc bir \u015fekilde masada.<\/p>\n","protected":false},"author":1,"featured_media":47088,"comment_status":"open","ping_status":"open","sticky":false,"template":"","format":"standard","meta":{"footnotes":""},"categories":[12],"tags":[1389,6228,372,1387,437],"class_list":["post-47087","post","type-post","status-publish","format-standard","has-post-thumbnail","hentry","category-siyaset","tag-ak-parti","tag-baskan-yardimcisi","tag-belediye","tag-denizli","tag-dunya"],"_links":{"self":[{"href":"https:\/\/bihavadis.com\/index.php\/wp-json\/wp\/v2\/posts\/47087","targetHints":{"allow":["GET"]}}],"collection":[{"href":"https:\/\/bihavadis.com\/index.php\/wp-json\/wp\/v2\/posts"}],"about":[{"href":"https:\/\/bihavadis.com\/index.php\/wp-json\/wp\/v2\/types\/post"}],"author":[{"embeddable":true,"href":"https:\/\/bihavadis.com\/index.php\/wp-json\/wp\/v2\/users\/1"}],"replies":[{"embeddable":true,"href":"https:\/\/bihavadis.com\/index.php\/wp-json\/wp\/v2\/comments?post=47087"}],"version-history":[{"count":1,"href":"https:\/\/bihavadis.com\/index.php\/wp-json\/wp\/v2\/posts\/47087\/revisions"}],"predecessor-version":[{"id":47089,"href":"https:\/\/bihavadis.com\/index.php\/wp-json\/wp\/v2\/posts\/47087\/revisions\/47089"}],"wp:featuredmedia":[{"embeddable":true,"href":"https:\/\/bihavadis.com\/index.php\/wp-json\/wp\/v2\/media\/47088"}],"wp:attachment":[{"href":"https:\/\/bihavadis.com\/index.php\/wp-json\/wp\/v2\/media?parent=47087"}],"wp:term":[{"taxonomy":"category","embeddable":true,"href":"https:\/\/bihavadis.com\/index.php\/wp-json\/wp\/v2\/categories?post=47087"},{"taxonomy":"post_tag","embeddable":true,"href":"https:\/\/bihavadis.com\/index.php\/wp-json\/wp\/v2\/tags?post=47087"}],"curies":[{"name":"wp","href":"https:\/\/api.w.org\/{rel}","templated":true}]}}