{"id":47095,"date":"2026-02-25T11:48:38","date_gmt":"2026-02-25T11:48:38","guid":{"rendered":"https:\/\/bihavadis.com\/?p=47095"},"modified":"2026-02-25T11:48:38","modified_gmt":"2026-02-25T11:48:38","slug":"konyada-stklarin-kamu-hizmetlerindeki-rolu-tartisildi","status":"publish","type":"post","link":"https:\/\/bihavadis.com\/index.php\/2026\/02\/25\/konyada-stklarin-kamu-hizmetlerindeki-rolu-tartisildi\/","title":{"rendered":"Konya&#8217;da STK&#8217;lar\u0131n Kamu Hizmetlerindeki Rol\u00fc Tart\u0131\u015f\u0131ld\u0131"},"content":{"rendered":"<p> Konya&#8217;da T\u00fcrkiye&#8217;de kamu hizmetlerinin sunumunda sivil toplum kurulu\u015flar\u0131n\u0131n rol\u00fcn\u00fcn masaya yat\u0131r\u0131ld\u0131\u011f\u0131 toplant\u0131da konu\u015fan \u0130\u00e7i\u015fleri Bakanl\u0131\u011f\u0131 Sivil Toplumla \u0130li\u015fkiler Genel M\u00fcd\u00fcrl\u00fc\u011f\u00fc Daire Ba\u015fkan\u0131 Fahrettin Kaya, \u00dclkemizde ki 102 bin dernek ve 10 milyon dernek \u00fcyesi oldu\u011funu s\u00f6yledi.<\/p>\n<p>Hacettepe \u00dcniversitesi ve Sivil Toplumla \u0130li\u015fkiler Genel M\u00fcd\u00fcrl\u00fc\u011f\u00fc \u0130\u015f birli\u011fiyle y\u00fcr\u00fct\u00fclen, T\u00fcrkiye&#8217;de Kamu Hizmetlerinin Sunumunda Sivil Toplum Kurulu\u015flar\u0131n\u0131n Rol\u00fcn\u00fcn Ara\u015ft\u0131r\u0131lmas\u0131 ve Geli\u015ftirilmesi Projesi, Konya \u00c7al\u0131\u015ftay\u0131 ger\u00e7ekle\u015ftirildi.<\/p>\n<p>T\u00fcrkiye&#8217;de sivil toplum kurulu\u015flar\u0131 (STK) faaliyetlerinin kamusal hizmet ba\u011flam\u0131nda rollerinin analiz edilmesi, kamusal hizmetler ekseninde kamu-STK i\u015f birli\u011fi modellerine ili\u015fkin yurtd\u0131\u015f\u0131 iyi uygulama \u00f6rnekleri ile mukayeseli ara\u015ft\u0131r\u0131lmas\u0131 ve sivil toplum temsilcilerinin ve kamu kurumu temsilcilerinin bu konuda alg\u0131 ve fark\u0131ndal\u0131k seviyelerinin \u00f6l\u00e7\u00fclerek karar al\u0131c\u0131lara kan\u0131ta dayal\u0131 politika \u00fcretilmesi i\u00e7in model \u00f6nerilerinin sunulmas\u0131n\u0131n ama\u00e7land\u0131\u011f\u0131 \u00e7al\u0131\u015ftaya; Konya Vali Yard\u0131mc\u0131s\u0131 Vali yard\u0131mc\u0131s\u0131 Fatmag\u00fcl Dalm\u0131\u015f, Hacettepe \u00dcniversitesi Proje Koordinat\u00f6r\u00fc Prof Dr. Pelin Varol iyido\u011fan, \u0130\u00e7i\u015fleri Bakanl\u0131\u011f\u0131 Sivil Toplumla \u0130li\u015fkiler Genel M\u00fcd\u00fcrl\u00fc\u011f\u00fc Daire Ba\u015fkan\u0131 Fahrettin Kaya, STK temsilcileri, akademisyenler ve kamu kurumlar\u0131n\u0131n temsilcileri kat\u0131ld\u0131.<\/p>\n<p>&#8220;T\u00fcrkiye&#8217;de 10 milyon dernek \u00fcyesi var&#8221;<\/p>\n<p>\u00c7al\u0131\u015ftayda konu\u015fan \u0130\u00e7i\u015fleri Bakanl\u0131\u011f\u0131 Sivil Toplumla \u0130li\u015fkiler Genel M\u00fcd\u00fcrl\u00fc\u011f\u00fc Daire Ba\u015fkan\u0131 Fahrettin Kaya, T\u00fcrkiye&#8217;de 102 bin dernek ve 10 milyondan fazla dernek \u00fcyesi bulundu\u011funu belirtip, STK&#8217;lar\u0131n ula\u015ft\u0131\u011f\u0131 g\u00fcc\u00fc \u015fu s\u00f6zlerle ifade etti. &#8220;\u00dclkemizde 102 bin dernek, 10 milyon derneklere \u00fcye vatanda\u015f\u0131m\u0131z var. STK&#8217;larda 50 bin istihdamla 100 milyar\u0131n \u00fcst\u00fcndeki para hareketliye g\u00fc\u00e7l\u00fc ve dinamik bir yap\u0131ya sahibiz. 2025 y\u0131l\u0131nda 630 derne\u011fe 422 milyon proje deste\u011fi verdik. Konya&#8217;da 2 bin 770 dernek 143 bin \u00fcye var. 100&#8217;e yak\u0131n derne\u011fimiz uluslararas\u0131 yard\u0131m organizasyonu y\u00fcr\u00fctmektedir&#8221; dedi.<\/p>\n<p>STK&#8217;lar depremde \u00f6nemli g\u00f6rev y\u00fcklendi<\/p>\n<p>Kaya, STK&#8217;lar\u0131n depremde \u00f6nemli bir g\u00f6rev y\u00fcklendi\u011fini s\u00f6zlerine ekleyerek \u015funlar\u0131 s\u00f6yledi. &#8220;Asr\u0131n felaketinde deprem b\u00f6lgesinde3584 sivil toplum kurulu\u015fumuz, 105 bin g\u00f6n\u00fcll\u00fcyle inisiyatif alm\u0131\u015f, b\u00fcy\u00fck felakette aziz milletimizin yan\u0131nda olmu\u015ftur. Sivil toplum kurulu\u015flar\u0131m\u0131z, d\u00fcnyan\u0131n neresinde afet, sava\u015f, i\u00e7 kar\u0131\u015f\u0131kl\u0131k varsa, mazlumun- ma\u011fdurun yan\u0131nda olmu\u015ftur. \u0130nsani yard\u0131m\u0131nda gayrisafi has\u0131laya g\u00f6re d\u00fcnyan\u0131n en \u00e7ok insan\u0131 yard\u0131m\u0131 yapan devleti durumunday\u0131z. Hacettepe \u00fcniversitesiyle bu projede; kamu hizmetlerinin hangi alanlar\u0131n\u0131 sivil toplum eliyle y\u00f6netilebilece\u011fini inceleyece\u011fiz. Bu toplant\u0131n\u0131n sonu\u00e7lar\u0131yla geni\u015f kat\u0131l\u0131ml\u0131 isti\u015fareler yaparak, sonu\u00e7lar\u0131 raporlay\u0131p, uygulanabilir olanlar\u0131 karar vericilere sunarak, \u00f6rnek bir \u00e7al\u0131\u015fmaya imza atm\u0131\u015f olaca\u011f\u0131z&#8221; &#8211; KONYA<\/p>\n","protected":false},"excerpt":{"rendered":"<p>\u0130\u00e7i\u015fleri Bakanl\u0131\u011f\u0131, T\u00fcrkiye&#8217;de 102 bin dernek ve 10 milyon dernek \u00fcyesi oldu\u011funu a\u00e7\u0131klad\u0131.<\/p>\n","protected":false},"author":1,"featured_media":47096,"comment_status":"open","ping_status":"open","sticky":false,"template":"","format":"standard","meta":{"footnotes":""},"categories":[12],"tags":[1257,2393,5619,6229,579],"class_list":["post-47095","post","type-post","status-publish","format-standard","has-post-thumbnail","hentry","category-siyaset","tag-dernek","tag-kamu","tag-sivil-toplum","tag-stk","tag-yardim"],"_links":{"self":[{"href":"https:\/\/bihavadis.com\/index.php\/wp-json\/wp\/v2\/posts\/47095","targetHints":{"allow":["GET"]}}],"collection":[{"href":"https:\/\/bihavadis.com\/index.php\/wp-json\/wp\/v2\/posts"}],"about":[{"href":"https:\/\/bihavadis.com\/index.php\/wp-json\/wp\/v2\/types\/post"}],"author":[{"embeddable":true,"href":"https:\/\/bihavadis.com\/index.php\/wp-json\/wp\/v2\/users\/1"}],"replies":[{"embeddable":true,"href":"https:\/\/bihavadis.com\/index.php\/wp-json\/wp\/v2\/comments?post=47095"}],"version-history":[{"count":1,"href":"https:\/\/bihavadis.com\/index.php\/wp-json\/wp\/v2\/posts\/47095\/revisions"}],"predecessor-version":[{"id":47097,"href":"https:\/\/bihavadis.com\/index.php\/wp-json\/wp\/v2\/posts\/47095\/revisions\/47097"}],"wp:featuredmedia":[{"embeddable":true,"href":"https:\/\/bihavadis.com\/index.php\/wp-json\/wp\/v2\/media\/47096"}],"wp:attachment":[{"href":"https:\/\/bihavadis.com\/index.php\/wp-json\/wp\/v2\/media?parent=47095"}],"wp:term":[{"taxonomy":"category","embeddable":true,"href":"https:\/\/bihavadis.com\/index.php\/wp-json\/wp\/v2\/categories?post=47095"},{"taxonomy":"post_tag","embeddable":true,"href":"https:\/\/bihavadis.com\/index.php\/wp-json\/wp\/v2\/tags?post=47095"}],"curies":[{"name":"wp","href":"https:\/\/api.w.org\/{rel}","templated":true}]}}