{"id":47101,"date":"2026-02-25T11:54:36","date_gmt":"2026-02-25T11:54:36","guid":{"rendered":"https:\/\/bihavadis.com\/?p=47101"},"modified":"2026-02-25T11:54:36","modified_gmt":"2026-02-25T11:54:36","slug":"aliyev-ve-pasinyan-baede-gorustu","status":"publish","type":"post","link":"https:\/\/bihavadis.com\/index.php\/2026\/02\/25\/aliyev-ve-pasinyan-baede-gorustu\/","title":{"rendered":"Aliyev ve Pa\u015finyan BAE&#8217;de G\u00f6r\u00fc\u015ft\u00fc"},"content":{"rendered":"<p> Azerbaycan Cumhurba\u015fkan\u0131 \u0130lham Aliyev ile Ermenistan Ba\u015fbakan\u0131 Nikol Pa\u015finyan, Birle\u015fik Arap Emirlikleri&#8217;nin (BAE) ba\u015fkenti Abu Dabi&#8217;de ger\u00e7ekle\u015ftirdikleri g\u00f6r\u00fc\u015fmede ikili ili\u015fkileri ele ald\u0131.<\/p>\n<p>Azerbaycan Cumhurba\u015fkanl\u0131\u011f\u0131, Cumhurba\u015fkan\u0131 \u0130lham Aliyev ile Ermenistan Ba\u015fbakan\u0131 Nikol Pa\u015finyan&#8217;\u0131n BAE&#8217;nin ba\u015fkenti Abu Dabi&#8217;de ger\u00e7ekle\u015ftirdikleri g\u00f6r\u00fc\u015fmeye ili\u015fkin yaz\u0131l\u0131 a\u00e7\u0131klama yapt\u0131. A\u00e7\u0131klamaya g\u00f6re taraflar, ABD Ba\u015fkan\u0131 Donald Trump&#8217;\u0131n ev sahipli\u011finde ger\u00e7ekle\u015ftirilen Washington Bar\u0131\u015f Zirvesi&#8217;nin sonu\u00e7lar\u0131n\u0131n hayata ge\u00e7irilmesi y\u00f6n\u00fcnde kaydedilen ilerlemeyi memnuniyetle kar\u015f\u0131lad\u0131klar\u0131n\u0131 ifade etti. Liderler, Ermenistan ile Azerbaycan aras\u0131ndaki normalle\u015fme s\u00fcrecinin ikili temelde ilerletilmesindeki olumlu dinami\u011fin korunmas\u0131n\u0131n \u00f6nemine dikkat \u00e7ekti. \u0130ki lider, her iki \u00fclke halk\u0131n\u0131n da bar\u0131\u015f\u0131n faydalar\u0131na ger\u00e7ek hayatta da tan\u0131kl\u0131k etti\u011fini belirterek ikili ticaretin ba\u015flamas\u0131ndan ve Azerbaycan&#8217;dan Ermenistan&#8217;a petrol \u00fcr\u00fcnleri ihracat\u0131n\u0131n s\u00fcrd\u00fcr\u00fclmesinden, ayr\u0131ca \u00fc\u00e7\u00fcnc\u00fc \u00fclkelerden Ermenistan&#8217;a tah\u0131l ve di\u011fer mallar\u0131n Azerbaycan \u00fczerinden transit ge\u00e7i\u015finin ger\u00e7ekle\u015ftirilmesinden duydu\u011fu memnuniyeti dile getirdi. Aliyev ve Pa\u015finyan, ikili ticaret ve ekonomik i\u015f birli\u011fini geni\u015fletmek i\u00e7in f\u0131rsatlar\u0131 ara\u015ft\u0131rmaya devam etme konusunda mutabakat kald\u0131. Liderler ayr\u0131ca, sivil toplum temsilcilerinin kar\u015f\u0131l\u0131kl\u0131 ziyaretlerinden memnuniyet duyduklar\u0131n\u0131 vurgulayarak g\u00fcven art\u0131r\u0131c\u0131 \u00f6nlemlerin geni\u015fletilmesinin gereklili\u011fi konusunda anla\u015ft\u0131.<\/p>\n<p>Aliyev ve Pa\u015finyan, &#8220;Zengezur Koridoru&#8221; olarak da bilinen Uluslararas\u0131 Bar\u0131\u015f ve Refah \u0130\u00e7in Trump Rotas\u0131 (TRIPP) ve di\u011fer ba\u011flant\u0131 projelerinin ger\u00e7ekle\u015ftirilmesi konular\u0131n\u0131 da g\u00f6r\u00fc\u015ft\u00fc. Liderler, iki \u00fclke aras\u0131nda bar\u0131\u015f ve istikrar\u0131n daha da g\u00fc\u00e7lendirilmesi y\u00f6n\u00fcndeki \u00e7abalar\u0131 s\u00fcrd\u00fcrmeye haz\u0131r olduklar\u0131n\u0131 bir kez daha teyit ederek ikili normalle\u015fme s\u00fcrecine destek amac\u0131yla temaslar\u0131 s\u00fcrd\u00fcrme konusunda anla\u015ft\u0131.<\/p>\n<p>Pa\u015finyan ve Aliyev, 2026 Zayed \u0130nsani Karde\u015flik \u00d6d\u00fcl\u00fc&#8217;n\u00fc almak \u00fczere BAE&#8217;ye gelmi\u015fti. &#8211; ABU DAB\u0130<\/p>\n","protected":false},"excerpt":{"rendered":"<p>Azerbaycan ve Ermenistan liderleri, ikili ili\u015fkiler ve ticaret hakk\u0131nda \u00f6nemli anla\u015fmalar yapt\u0131.<\/p>\n","protected":false},"author":1,"featured_media":47102,"comment_status":"open","ping_status":"open","sticky":false,"template":"","format":"standard","meta":{"footnotes":""},"categories":[12],"tags":[3721,1885,909,6230,3720],"class_list":["post-47101","post","type-post","status-publish","format-standard","has-post-thumbnail","hentry","category-siyaset","tag-aliyev","tag-ermenistan","tag-gercek","tag-ikili","tag-pasinyan"],"_links":{"self":[{"href":"https:\/\/bihavadis.com\/index.php\/wp-json\/wp\/v2\/posts\/47101","targetHints":{"allow":["GET"]}}],"collection":[{"href":"https:\/\/bihavadis.com\/index.php\/wp-json\/wp\/v2\/posts"}],"about":[{"href":"https:\/\/bihavadis.com\/index.php\/wp-json\/wp\/v2\/types\/post"}],"author":[{"embeddable":true,"href":"https:\/\/bihavadis.com\/index.php\/wp-json\/wp\/v2\/users\/1"}],"replies":[{"embeddable":true,"href":"https:\/\/bihavadis.com\/index.php\/wp-json\/wp\/v2\/comments?post=47101"}],"version-history":[{"count":1,"href":"https:\/\/bihavadis.com\/index.php\/wp-json\/wp\/v2\/posts\/47101\/revisions"}],"predecessor-version":[{"id":47103,"href":"https:\/\/bihavadis.com\/index.php\/wp-json\/wp\/v2\/posts\/47101\/revisions\/47103"}],"wp:featuredmedia":[{"embeddable":true,"href":"https:\/\/bihavadis.com\/index.php\/wp-json\/wp\/v2\/media\/47102"}],"wp:attachment":[{"href":"https:\/\/bihavadis.com\/index.php\/wp-json\/wp\/v2\/media?parent=47101"}],"wp:term":[{"taxonomy":"category","embeddable":true,"href":"https:\/\/bihavadis.com\/index.php\/wp-json\/wp\/v2\/categories?post=47101"},{"taxonomy":"post_tag","embeddable":true,"href":"https:\/\/bihavadis.com\/index.php\/wp-json\/wp\/v2\/tags?post=47101"}],"curies":[{"name":"wp","href":"https:\/\/api.w.org\/{rel}","templated":true}]}}