{"id":47120,"date":"2026-02-25T12:09:06","date_gmt":"2026-02-25T12:09:06","guid":{"rendered":"https:\/\/bihavadis.com\/?p=47120"},"modified":"2026-02-25T12:09:06","modified_gmt":"2026-02-25T12:09:06","slug":"kuresel-konut-fiyatlarinda-sert-ayrisma","status":"publish","type":"post","link":"https:\/\/bihavadis.com\/index.php\/2026\/02\/25\/kuresel-konut-fiyatlarinda-sert-ayrisma\/","title":{"rendered":"K\u00fcresel konut fiyatlar\u0131nda sert ayr\u0131\u015fma"},"content":{"rendered":"<p>2025\u2019in d\u00f6rd\u00fcnc\u00fc \u00e7eyre\u011fine ili\u015fkin veriler, k\u00fcresel konut piyasas\u0131nda belirgin bir ayr\u0131\u015fmaya i\u015faret etti.<\/p>\n<p>Sermaye, y\u00fcksek getiri sunan G\u00fcney Avrupa ve K\u00f6rfez \u00fclkelerine y\u00f6nelirken Asya\u2019n\u0131n baz\u0131 b\u00fcy\u00fck ekonomileri ile Kuzey Amerika\u2019da d\u00fc\u015f\u00fc\u015f dikkat \u00e7ekti.<\/p>\n<p>Veriler, k\u00fcresel konut piyasas\u0131nda \u201cg\u00fcne\u015f ku\u015fa\u011f\u0131\u201d olarak adland\u0131r\u0131lan turizm ve yabanc\u0131 yat\u0131r\u0131m odakl\u0131 \u00fclkelerin y\u00fckseli\u015fte oldu\u011funu, b\u00fcy\u00fck ve doymu\u015f ekonomilerde ise d\u00fczeltme s\u00fcrecinin devam etti\u011fini g\u00f6steriyor.<\/p>\n<p><strong>AVRUPA \u0130K\u0130YE B\u00d6L\u00dcND\u00dc<\/strong><\/p>\n<p>Avrupa\u2019da en g\u00fc\u00e7l\u00fc art\u0131\u015f, G\u00fcney ve Do\u011fu \u00fclkelerinde g\u00f6r\u00fcld\u00fc.<\/p>\n<p><b>Portekiz<\/b>\u2019de konut fiyatlar\u0131, bir y\u0131lda y\u00fczde 23,6 artarak k\u00fcresel \u00f6l\u00e7ekte en y\u00fcksek y\u00fckseli\u015fi kaydetti. Arz s\u0131k\u0131nt\u0131s\u0131 ve yabanc\u0131 yat\u0131r\u0131m talebi, fiyatlar\u0131 yukar\u0131 ta\u015f\u0131d\u0131.<\/p>\n<p><b>Romanya<\/b> y\u00fczde 14,9,<b> Litvanya<\/b> ise y\u00fczde 11,3 art\u0131\u015fla \u00e7ift haneli y\u00fckseli\u015f ya\u015fayan \u00fclkeler aras\u0131nda yer ald\u0131.<\/p>\n<p>Buna kar\u015f\u0131l\u0131k <b>Kuzey Avrupa<\/b>\u2019da daha s\u0131n\u0131rl\u0131 bir tablo var.\u2028<b>Norve\u00e7<\/b>\u2019te fiyatlar y\u00fczde 5,9, <b>\u0130svi\u00e7re<\/b>\u2019de y\u00fczde 4,5 artarken, <b>\u0130sve\u00e7<\/b>\u2019te art\u0131\u015f y\u00fczde 0,8\u2019de kald\u0131.<\/p>\n<p><img decoding=\"async\" src=\"https:\/\/bihavadis.com\/wp-content\/uploads\/2026\/02\/kuresel-konut-fiyatlarinda-sert-ayrisma-0-uWtzOS1R.jpg\"\/><\/p>\n<p><strong>ASYA\u2019DA \u00c7\u0130N BASKISI<\/strong><\/p>\n<p>Asya\u2019da ise d\u00fc\u015f\u00fc\u015f e\u011filimi \u00f6ne \u00e7\u0131kt\u0131.\u2028<b>\u00c7in<\/b>\u2019de konut fiyatlar\u0131, y\u0131ll\u0131k bazda y\u00fczde 8,5 geriledi. Gayrimenkul sekt\u00f6r\u00fcndeki bor\u00e7 sorunlar\u0131 piyasay\u0131 bask\u0131lamaya devam ediyor.<\/p>\n<p><b>Tayvan<\/b>\u2019da d\u00fc\u015f\u00fc\u015f y\u00fczde 3,7 oldu.<\/p>\n<p>B\u00f6lgede s\u0131n\u0131rl\u0131 art\u0131\u015f g\u00f6steren \u00fclkeler de var.\u2028<b>Singapur<\/b> y\u00fczde 3,3 art\u0131\u015fla pozitif ayr\u0131\u015f\u0131rken\u00a0<b>G\u00fcney Kore <\/b>ve <b>Tayland<\/b>\u2019da art\u0131\u015f y\u00fczde 1\u2019in alt\u0131nda kald\u0131.<\/p>\n<p><img decoding=\"async\" src=\"https:\/\/bihavadis.com\/wp-content\/uploads\/2026\/02\/kuresel-konut-fiyatlarinda-sert-ayrisma-1-31YvGzU4.jpg\"\/><\/p>\n<p><strong>KUZEY AMER\u0130KA\u2019DA D\u00dcZELTME<\/strong><\/p>\n<p><b>Kuzey Amerika<\/b>\u2019da en dikkat \u00e7ekici geli\u015fme <b>Kanada<\/b>\u2019daki d\u00fc\u015f\u00fc\u015f oldu. Konut fiyatlar\u0131 bir y\u0131lda y\u00fczde 6,2 geriledi. Y\u00fcksek faiz oranlar\u0131 ve al\u0131m g\u00fcc\u00fc sorunu piyasada d\u00fczeltmeye yol a\u00e7t\u0131.<\/p>\n<p>Buna kar\u015f\u0131l\u0131k <b>Orta Amerika<\/b> ve <b>Karayipler<\/b>\u2019de g\u00fc\u00e7l\u00fc art\u0131\u015flar g\u00f6r\u00fcld\u00fc.\u2028<b>Kosta Rika<\/b>\u2019da fiyatlar y\u00fczde 10,3, <b>Dominik Cumhuriyeti<\/b>\u2019nde y\u00fczde 10,2 y\u00fckseldi.<\/p>\n<p><b>G\u00fcney Amerika<\/b>\u2019da ise daha dengeli bir tablo var.\u2028<b>Brezilya<\/b> y\u00fczde 4,6, <b>Kolombiya<\/b> y\u00fczde 4,5 art\u0131\u015f kaydetti.<\/p>\n<p><img decoding=\"async\" src=\"https:\/\/bihavadis.com\/wp-content\/uploads\/2026\/02\/kuresel-konut-fiyatlarinda-sert-ayrisma-2-P1qhS11C.jpg\"\/><\/p>\n<p><strong>K\u00d6RFEZ\u2019DE Y\u00dcKSEL\u0130\u015e S\u00dcR\u00dcYOR<\/strong><\/p>\n<p>Orta Do\u011fu\u2019da Birle\u015fik Arap Emirlikleri (\u00f6zellikle <b>Dubai<\/b>), y\u00fczde 12,9\u2019luk art\u0131\u015fla dikkat \u00e7ekti. L\u00fcks konut talebi fiyatlar\u0131 destekledi.<\/p>\n<p><b>Katar<\/b>\u2019da fiyatlar yatay seyrederken\u00a0<b>Kuzey Afrika<\/b>\u2019da <b>Tunus,<\/b> y\u00fczde 6,1 art\u0131\u015fla pozitif ayr\u0131\u015ft\u0131.<\/p>\n<p><strong>EN \u00c7OK ARTAN VE D\u00dc\u015eEN \u00dcLKELER<\/strong><\/p>\n<p>2025\u2019in son \u00e7eyre\u011finde konut fiyatlar\u0131nda en y\u00fcksek art\u0131\u015f <b>Portekiz<\/b>\u2019de g\u00f6r\u00fcl\u00fcrken, en sert d\u00fc\u015f\u00fc\u015f <b>\u00c7in<\/b>\u2019de ya\u015fand\u0131.<\/p>\n<p><b>Kanada<\/b> da gerileyen b\u00fcy\u00fck pazarlar aras\u0131nda yer ald\u0131.<\/p>\n<p><\/p>\n","protected":false},"excerpt":{"rendered":"<p>Son verilere g\u00f6re k\u00fcresel konut piyasas\u0131nda ciddi bir ayr\u0131\u015fma var. Avrupa ve K\u00f6rfez \u00fclkelerinde fiyatlar t\u0131rman\u0131rken \u00c7in ve Kanada&#8217;da d\u00fc\u015f\u00fc\u015f ya\u015fand\u0131. Yat\u0131r\u0131mc\u0131lar, kazan\u00e7l\u0131 pazarlara y\u00f6nelme e\u011filiminde.<\/p>\n","protected":false},"author":1,"featured_media":47121,"comment_status":"open","ping_status":"open","sticky":false,"template":"","format":"standard","meta":{"footnotes":""},"categories":[8],"tags":[830,265,1343,818,2236],"class_list":["post-47120","post","type-post","status-publish","format-standard","has-post-thumbnail","hentry","category-ekonomi","tag-amerika","tag-artis","tag-fiyatlari","tag-konut","tag-ulkeler"],"_links":{"self":[{"href":"https:\/\/bihavadis.com\/index.php\/wp-json\/wp\/v2\/posts\/47120","targetHints":{"allow":["GET"]}}],"collection":[{"href":"https:\/\/bihavadis.com\/index.php\/wp-json\/wp\/v2\/posts"}],"about":[{"href":"https:\/\/bihavadis.com\/index.php\/wp-json\/wp\/v2\/types\/post"}],"author":[{"embeddable":true,"href":"https:\/\/bihavadis.com\/index.php\/wp-json\/wp\/v2\/users\/1"}],"replies":[{"embeddable":true,"href":"https:\/\/bihavadis.com\/index.php\/wp-json\/wp\/v2\/comments?post=47120"}],"version-history":[{"count":1,"href":"https:\/\/bihavadis.com\/index.php\/wp-json\/wp\/v2\/posts\/47120\/revisions"}],"predecessor-version":[{"id":47125,"href":"https:\/\/bihavadis.com\/index.php\/wp-json\/wp\/v2\/posts\/47120\/revisions\/47125"}],"wp:featuredmedia":[{"embeddable":true,"href":"https:\/\/bihavadis.com\/index.php\/wp-json\/wp\/v2\/media\/47121"}],"wp:attachment":[{"href":"https:\/\/bihavadis.com\/index.php\/wp-json\/wp\/v2\/media?parent=47120"}],"wp:term":[{"taxonomy":"category","embeddable":true,"href":"https:\/\/bihavadis.com\/index.php\/wp-json\/wp\/v2\/categories?post=47120"},{"taxonomy":"post_tag","embeddable":true,"href":"https:\/\/bihavadis.com\/index.php\/wp-json\/wp\/v2\/tags?post=47120"}],"curies":[{"name":"wp","href":"https:\/\/api.w.org\/{rel}","templated":true}]}}