{"id":47129,"date":"2026-02-25T12:15:06","date_gmt":"2026-02-25T12:15:06","guid":{"rendered":"https:\/\/bihavadis.com\/?p=47129"},"modified":"2026-02-25T12:15:06","modified_gmt":"2026-02-25T12:15:06","slug":"bertug-yildirim-ameliyat-oldu","status":"publish","type":"post","link":"https:\/\/bihavadis.com\/index.php\/2026\/02\/25\/bertug-yildirim-ameliyat-oldu\/","title":{"rendered":"Bertu\u011f Y\u0131ld\u0131r\u0131m ameliyat oldu"},"content":{"rendered":"<p>Ba\u015fak\u015fehir, d\u00fcn ak\u015fam oynanan Be\u015fikta\u015f ma\u00e7\u0131nda gol att\u0131\u011f\u0131 pozisyonda elmac\u0131k kemi\u011fi k\u0131r\u0131lan Bertu\u011f Y\u0131ld\u0131r\u0131m&#8217;\u0131n ameliyat edildi\u011fini ve 17 \u015eubat&#8217;ta taburcu edilece\u011fini duyurdu.<\/p>\n<p><strong>&#8220;BA\u015eARILI B\u0130R \u015eEK\u0130LDE ONARILDI&#8221;<\/strong><\/p>\n<p>Turuncu-lacivertlilerin resmi sosyal medya hesab\u0131ndan konuya ili\u015fkin yap\u0131lan a\u00e7\u0131klamada, \u015fu ifadeleri kulland\u0131:<\/p>\n<p>&#8220;S\u00fcper Lig&#8217;in 22. haftas\u0131nda Be\u015fikta\u015f ile saham\u0131zda oynad\u0131\u011f\u0131m\u0131z kar\u015f\u0131la\u015fmada sakatlanan futbolcumuz Bertu\u011f \u00d6zg\u00fcr Y\u0131ld\u0131r\u0131m, Ac\u0131badem Maslak Hastanesi&#8217;nde ameliyat edildi. Sa\u011f elmac\u0131k kemi\u011finde k\u0131r\u0131k tespit edilen Bertu\u011f \u00d6zg\u00fcr Y\u0131ld\u0131r\u0131m, Ac\u0131badem Maslak Hastanesi Plastik, Rekonstr\u00fcktif ve Estetik Cerrahi Uzman\u0131 Dr. Okan Acicbe taraf\u0131ndan ameliyata al\u0131nd\u0131. Milli futbolcumuz Bertu\u011f \u00d6zg\u00fcr Y\u0131ld\u0131r\u0131m&#8217;\u0131n elmac\u0131k kemi\u011findeki k\u0131r\u0131k ba\u015far\u0131l\u0131 bir \u015fekilde onar\u0131ld\u0131.&#8221;<\/p>\n<p>Milli futbolcunun yar\u0131n taburcu edilmesinin planland\u0131\u011f\u0131 ve en k\u0131sa zamanda sahalara d\u00f6nebilmesi i\u00e7in rehabilitasyon s\u00fcrecine ba\u015flanaca\u011f\u0131 belirtildi.<\/p>\n<p><img decoding=\"async\" src=\"https:\/\/bihavadis.com\/wp-content\/uploads\/2026\/02\/bertug-yildirim-ameliyat-oldu-0-L3yjHdx5.jpg\"\/><\/p>\n","protected":false},"excerpt":{"rendered":"<p>Ba\u015fak\u015fehir, elmac\u0131k kemi\u011fi k\u0131r\u0131lan Bertu\u011f Y\u0131ld\u0131r\u0131m&#8217;\u0131n ameliyat oldu\u011funu a\u00e7\u0131klad\u0131.<\/p>\n","protected":false},"author":1,"featured_media":47130,"comment_status":"open","ping_status":"open","sticky":false,"template":"","format":"standard","meta":{"footnotes":""},"categories":[14],"tags":[],"class_list":["post-47129","post","type-post","status-publish","format-standard","has-post-thumbnail","hentry","category-spor"],"_links":{"self":[{"href":"https:\/\/bihavadis.com\/index.php\/wp-json\/wp\/v2\/posts\/47129","targetHints":{"allow":["GET"]}}],"collection":[{"href":"https:\/\/bihavadis.com\/index.php\/wp-json\/wp\/v2\/posts"}],"about":[{"href":"https:\/\/bihavadis.com\/index.php\/wp-json\/wp\/v2\/types\/post"}],"author":[{"embeddable":true,"href":"https:\/\/bihavadis.com\/index.php\/wp-json\/wp\/v2\/users\/1"}],"replies":[{"embeddable":true,"href":"https:\/\/bihavadis.com\/index.php\/wp-json\/wp\/v2\/comments?post=47129"}],"version-history":[{"count":1,"href":"https:\/\/bihavadis.com\/index.php\/wp-json\/wp\/v2\/posts\/47129\/revisions"}],"predecessor-version":[{"id":47132,"href":"https:\/\/bihavadis.com\/index.php\/wp-json\/wp\/v2\/posts\/47129\/revisions\/47132"}],"wp:featuredmedia":[{"embeddable":true,"href":"https:\/\/bihavadis.com\/index.php\/wp-json\/wp\/v2\/media\/47130"}],"wp:attachment":[{"href":"https:\/\/bihavadis.com\/index.php\/wp-json\/wp\/v2\/media?parent=47129"}],"wp:term":[{"taxonomy":"category","embeddable":true,"href":"https:\/\/bihavadis.com\/index.php\/wp-json\/wp\/v2\/categories?post=47129"},{"taxonomy":"post_tag","embeddable":true,"href":"https:\/\/bihavadis.com\/index.php\/wp-json\/wp\/v2\/tags?post=47129"}],"curies":[{"name":"wp","href":"https:\/\/api.w.org\/{rel}","templated":true}]}}