{"id":47153,"date":"2026-02-25T12:33:08","date_gmt":"2026-02-25T12:33:08","guid":{"rendered":"https:\/\/bihavadis.com\/?p=47153"},"modified":"2026-02-25T12:33:08","modified_gmt":"2026-02-25T12:33:08","slug":"alperen-sengunun-israilli-basketbolcu-deni-avdija-hakkindaki-sozleri-tepki-cekti","status":"publish","type":"post","link":"https:\/\/bihavadis.com\/index.php\/2026\/02\/25\/alperen-sengunun-israilli-basketbolcu-deni-avdija-hakkindaki-sozleri-tepki-cekti\/","title":{"rendered":"Alperen \u015eeng\u00fcn&#8217;\u00fcn \u0130srailli basketbolcu Deni Avdija hakk\u0131ndaki s\u00f6zleri tepki \u00e7ekti"},"content":{"rendered":"<p>Milli basketbolcu Alperen \u015eeng\u00fcn&#8217;den dikkat \u00e7eken a\u00e7\u0131klamalar&#8230;.<\/p>\n<p>Houston Rockets&#8217;\u0131n y\u0131ld\u0131z basketbolcusu Alperen \u015eeng\u00fcn&#8217;den meslekta\u015f\u0131 \u0130srailli Deni Avdija ile ilgili a\u00e7\u0131klamalar geldi.\u00a0<\/p>\n<p>Bu a\u00e7\u0131klamalar ise tepki toplad\u0131.<\/p>\n<p><strong>&#8220;\u00dcLKELER\u0130M\u0130Z\u0130 TEMS\u0130L ETMEYE \u00c7ALI\u015eIYORUZ&#8221;<\/strong><\/p>\n<p>\u0130srailli basketbolcu Deni Avdija hakk\u0131nda gelen bir soru \u00fczerine konu\u015fan Alperen \u015eeng\u00fcn, <em><b>&#8220;\u00dclkeler aras\u0131ndaki konu bizim i\u015fimizden \u00e7ok daha b\u00fcy\u00fck. Biz burada sadece \u00fclkelerimizi en iyi \u015fekilde temsil etmeye \u00e7al\u0131\u015f\u0131yoruz.\u201d <\/b><\/em>dedi.<\/p>\n<p>\u015eeng\u00fcn&#8217;\u00fcn konu\u015fmas\u0131n\u0131n tamam\u0131nda ise \u015fu ifadeler yer ald\u0131;\u00a0<\/p>\n<p><img decoding=\"async\" src=\"https:\/\/bihavadis.com\/wp-content\/uploads\/2026\/02\/alperen-sengunun-israilli-basketbolcu-deni-avdija-hakkindaki-sozleri-tepki-cekti-0-wB6WyrVd.jpg\"\/><\/p>\n<p><strong>&#8220;EN \u0130Y\u0130 ARKADA\u015eLARIMDAN B\u0130R\u0130S\u0130&#8221;<\/strong><\/p>\n<p><em><b>Biliyorsunuz, bence bu konular bizimkinden \u00e7ok daha b\u00fcy\u00fck. Biz sadece \u00fclkemizi burada, elimizden gelenin en iyisini yaparak temsil edece\u011fiz. <\/b><\/em><\/p>\n<p><em><b>Deni de benim gibi \u00e7ok \u00e7al\u0131\u015fkan biri. Harika bir adam, harika bir insan. Bu ligdeki iyi arkada\u015flar\u0131mdan biri.<\/b><\/em><\/p>\n<p><img decoding=\"async\" src=\"https:\/\/bihavadis.com\/wp-content\/uploads\/2026\/02\/alperen-sengunun-israilli-basketbolcu-deni-avdija-hakkindaki-sozleri-tepki-cekti-1-T6kphHjL.jpg\"\/><\/p>\n<p><strong>&#8220;B\u0130Z SADECE SEVD\u0130\u011e\u0130M\u0130Z \u015eEY\u0130 YAPIYORUZ&#8221;<\/strong><\/p>\n<p><em><b>Ve dedi\u011fim gibi, bu konular bizimkinden \u00e7ok daha b\u00fcy\u00fck. <\/b><\/em><em><b>Biz sadece sevdi\u011fimiz \u015feyi yap\u0131yoruz ve di\u011fer \u015feyler bizim kontrol\u00fcm\u00fcz d\u0131\u015f\u0131nda. <\/b><\/em><\/p>\n<p><em><b>Ve umar\u0131m, biliyorsunuz, basketbol herkese sevgi getirir ve bir arada kalmam\u0131z\u0131 sa\u011flar &#8211; biz bunun i\u00e7in buraday\u0131z.<\/b><\/em><\/p>\n<p><img decoding=\"async\" src=\"https:\/\/bihavadis.com\/wp-content\/uploads\/2026\/02\/alperen-sengunun-israilli-basketbolcu-deni-avdija-hakkindaki-sozleri-tepki-cekti-2-f4zfhhzr.jpg\"\/><\/p>\n<p><strong>ASKERL\u0130K YAPTI\u011eI ORTAYA \u00c7IKTI<\/strong><\/p>\n<p>Deni Avdija\u2019n\u0131n daha sadece birka\u00e7 y\u0131l \u00f6nce \u0130srail ordusunda askerlik yapt\u0131\u011f\u0131 ortaya \u00e7\u0131kt\u0131.\u00a0<\/p>\n<p><img decoding=\"async\" src=\"https:\/\/bihavadis.com\/wp-content\/uploads\/2026\/02\/alperen-sengunun-israilli-basketbolcu-deni-avdija-hakkindaki-sozleri-tepki-cekti-3-pJA74VLe.jpg\"\/><\/p>\n","protected":false},"excerpt":{"rendered":"<p>Alperen \u015eeng\u00fcn, \u0130srailli basketbolcu ve ayn\u0131 zamanda IDF askeri Deni Avdija hakk\u0131nda, &#8220;Deni \u00e7ok \u00e7al\u0131\u015fkan bir oyuncu, harika bir insan. Ligdeki iyi arkada\u015flar\u0131mdan biri&#8221; dedi.<\/p>\n","protected":false},"author":1,"featured_media":47154,"comment_status":"open","ping_status":"open","sticky":false,"template":"","format":"standard","meta":{"footnotes":""},"categories":[9,13],"tags":[2121],"class_list":["post-47153","post","type-post","status-publish","format-standard","has-post-thumbnail","hentry","category-genel","category-son-dakika","tag-sadece"],"_links":{"self":[{"href":"https:\/\/bihavadis.com\/index.php\/wp-json\/wp\/v2\/posts\/47153","targetHints":{"allow":["GET"]}}],"collection":[{"href":"https:\/\/bihavadis.com\/index.php\/wp-json\/wp\/v2\/posts"}],"about":[{"href":"https:\/\/bihavadis.com\/index.php\/wp-json\/wp\/v2\/types\/post"}],"author":[{"embeddable":true,"href":"https:\/\/bihavadis.com\/index.php\/wp-json\/wp\/v2\/users\/1"}],"replies":[{"embeddable":true,"href":"https:\/\/bihavadis.com\/index.php\/wp-json\/wp\/v2\/comments?post=47153"}],"version-history":[{"count":1,"href":"https:\/\/bihavadis.com\/index.php\/wp-json\/wp\/v2\/posts\/47153\/revisions"}],"predecessor-version":[{"id":47159,"href":"https:\/\/bihavadis.com\/index.php\/wp-json\/wp\/v2\/posts\/47153\/revisions\/47159"}],"wp:featuredmedia":[{"embeddable":true,"href":"https:\/\/bihavadis.com\/index.php\/wp-json\/wp\/v2\/media\/47154"}],"wp:attachment":[{"href":"https:\/\/bihavadis.com\/index.php\/wp-json\/wp\/v2\/media?parent=47153"}],"wp:term":[{"taxonomy":"category","embeddable":true,"href":"https:\/\/bihavadis.com\/index.php\/wp-json\/wp\/v2\/categories?post=47153"},{"taxonomy":"post_tag","embeddable":true,"href":"https:\/\/bihavadis.com\/index.php\/wp-json\/wp\/v2\/tags?post=47153"}],"curies":[{"name":"wp","href":"https:\/\/api.w.org\/{rel}","templated":true}]}}