{"id":47198,"date":"2026-02-25T13:00:08","date_gmt":"2026-02-25T13:00:08","guid":{"rendered":"https:\/\/bihavadis.com\/?p=47198"},"modified":"2026-02-25T13:00:08","modified_gmt":"2026-02-25T13:00:08","slug":"sindirgidaki-deprem-artcilari-30-bine-yaklasti","status":"publish","type":"post","link":"https:\/\/bihavadis.com\/index.php\/2026\/02\/25\/sindirgidaki-deprem-artcilari-30-bine-yaklasti\/","title":{"rendered":"S\u0131nd\u0131rg\u0131&#8217;daki Deprem Art\u00e7\u0131lar\u0131 30 Bine Yakla\u015ft\u0131"},"content":{"rendered":"<p>Afet ve Acil Durum Y\u00f6netimi Ba\u015fkanl\u0131\u011f\u0131n\u0131n (AFAD) Marmara Afet Risklerini Azaltma Daire Ba\u015fkan\u0131 G\u00f6khan Y\u0131lmaz, Bal\u0131kesir&#8217;in S\u0131nd\u0131rg\u0131 il\u00e7esinde ge\u00e7en y\u0131l meydana gelen 6,1 b\u00fcy\u00fckl\u00fc\u011f\u00fcndeki depremin ard\u0131ndan ya\u015fanan art\u00e7\u0131 sars\u0131nt\u0131lar\u0131n say\u0131s\u0131n\u0131n 30 bine yakla\u015ft\u0131\u011f\u0131n\u0131 bildirdi.<\/p>\n<p>Y\u0131lmaz, Tekirda\u011f B\u00fcy\u00fck\u015fehir Belediyesince Y\u0131lmaz \u0130\u00e7\u00f6z Sahnesi&#8217;nde d\u00fczenlenen &#8220;Afetlere Dayan\u0131kl\u0131 Tekirda\u011f \u00c7al\u0131\u015ftay\u0131&#8221;nda yapt\u0131\u011f\u0131 konu\u015fmada, depremin T\u00fcrkiye&#8217;nin de\u011fi\u015fmeyen bir ger\u00e7e\u011fi oldu\u011funu s\u00f6yledi.<\/p>\n<p>Depreme haz\u0131rl\u0131\u011f\u0131n bir tercih de\u011fil, herkes i\u00e7in asli bir sorumluluk oldu\u011funu vurgulayan Y\u0131lmaz, afetlere haz\u0131rl\u0131kl\u0131 olman\u0131n en temel vatanda\u015fl\u0131k g\u00f6revleri aras\u0131nda yer ald\u0131\u011f\u0131n\u0131 ifade etti.<\/p>\n<p>Kamu g\u00f6revlilerinin bu bilin\u00e7le hareket etmesinin b\u00fcy\u00fck \u00f6nem ta\u015f\u0131d\u0131\u011f\u0131n\u0131 dile getiren Y\u0131lmaz, &#8220;\u0130\u015flerimizi yaparken mesleki ahlak ve etik kurallar \u00e7er\u00e7evesinde, afet risklerini dikkate alarak hareket etmek zorunday\u0131z. Deprem kendisini s\u00fcrekli hat\u0131rlat\u0131yor. Dolay\u0131s\u0131yla deprem unutkanl\u0131\u011f\u0131ndan s\u00f6z etmemiz m\u00fcmk\u00fcn de\u011fil.&#8221; dedi.<\/p>\n<p>&#8220;S\u0131nd\u0131rg\u0131&#8217;daki depremden sonra art\u00e7\u0131lar 30 bine yakla\u015ft\u0131&#8221;<\/p>\n<p>T\u00fcrkiye&#8217;de her y\u0131l ortalama 25 binin \u00fczerinde depremin meydana geldi\u011fine dikkati \u00e7eken Y\u0131lmaz, \u00fclkenin aktif bir deprem ku\u015fa\u011f\u0131nda yer ald\u0131\u011f\u0131n\u0131 an\u0131msatt\u0131.<\/p>\n<p>S\u0131nd\u0131rg\u0131&#8217;daki depremin ard\u0131ndan art\u00e7\u0131 sars\u0131nt\u0131lar\u0131n devam etti\u011fini belirten Y\u0131lmaz, &#8220;\u015eu anda S\u0131nd\u0131rg\u0131&#8217;da ya\u015fanan art\u00e7\u0131lar\u0131n say\u0131s\u0131 30 bine yakla\u015fm\u0131\u015f durumda. 6 \u015eubat depremlerinin ya\u015fand\u0131\u011f\u0131 y\u0131l ise 70 binin \u00fczerinde yer sars\u0131nt\u0131s\u0131 kaydedildi. Bu tablo, meselenin unutkanl\u0131k de\u011fil, zihinsel d\u00f6n\u00fc\u015f\u00fcm meselesi oldu\u011funu a\u00e7\u0131k\u00e7a ortaya koyuyor. Bu d\u00f6n\u00fc\u015f\u00fcm\u00fc sa\u011flayamazsak gelecekte de b\u00fcy\u00fck ac\u0131lar ve kay\u0131plarla kar\u015f\u0131la\u015fabiliriz.&#8221; diye konu\u015ftu.<\/p>\n<p>Y\u0131lmaz, konu\u015fmas\u0131nda AFAD&#8217;\u0131n afet risklerini azaltmaya y\u00f6nelik y\u00fcr\u00fctt\u00fc\u011f\u00fc \u00e7al\u0131\u015fmalar hakk\u0131nda da bilgi verdi.<\/p>\n<p>\u00c7al\u0131\u015ftay\u0131n a\u00e7\u0131l\u0131\u015f\u0131nda CHP Tekirda\u011f Milletvekili \u0130lhami \u00d6zcan Aygun, Tekirda\u011f B\u00fcy\u00fck\u015fehir Belediye Ba\u015fkan\u0131 Candan Y\u00fcceer, Tekirda\u011f B\u00fcy\u00fck\u015fehir Belediyesi Afet \u0130\u015fleri ve Risk Y\u00f6netimi Daire Ba\u015fkan\u0131 Sevim Avc\u0131 Yener, TMMOB Tekirda\u011f \u0130l Koordinasyon Kurulu Ba\u015fkan\u0131 ve \u0130n\u015faat M\u00fchendisleri Odas\u0131 Tekirda\u011f \u015eube Ba\u015fkan\u0131 Cafer \u00c7etin ile Tekirda\u011f Ticaret ve Sanayi Odas\u0131 Y\u00f6netim Kurulu \u00dcyesi Ama\u00e7 Bulut da konu\u015fma yapt\u0131.<\/p>\n<p>\u0130ki g\u00fcn s\u00fcrecek \u00e7al\u0131\u015ftayda, afetlere kar\u015f\u0131 diren\u00e7li kentler olu\u015fturulmas\u0131na y\u00f6nelik de\u011ferlendirmeler ve \u00e7\u00f6z\u00fcm \u00f6nerileri ele al\u0131nacak.<\/p>\n","protected":false},"excerpt":{"rendered":"<p>AFAD, S\u0131nd\u0131rg\u0131&#8217;daki 6,1 b\u00fcy\u00fckl\u00fc\u011f\u00fcndeki depremin ard\u0131ndan 30 bine yak\u0131n art\u00e7\u0131 sars\u0131nt\u0131 ya\u015fand\u0131\u011f\u0131n\u0131 bildirdi.<\/p>\n","protected":false},"author":1,"featured_media":47199,"comment_status":"open","ping_status":"open","sticky":false,"template":"","format":"standard","meta":{"footnotes":""},"categories":[9,4,13],"tags":[1194,986,60,2926,320],"class_list":["post-47198","post","type-post","status-publish","format-standard","has-post-thumbnail","hentry","category-genel","category-gundem","category-son-dakika","tag-afet","tag-baskani","tag-deprem","tag-tekirdag","tag-yilmaz"],"_links":{"self":[{"href":"https:\/\/bihavadis.com\/index.php\/wp-json\/wp\/v2\/posts\/47198","targetHints":{"allow":["GET"]}}],"collection":[{"href":"https:\/\/bihavadis.com\/index.php\/wp-json\/wp\/v2\/posts"}],"about":[{"href":"https:\/\/bihavadis.com\/index.php\/wp-json\/wp\/v2\/types\/post"}],"author":[{"embeddable":true,"href":"https:\/\/bihavadis.com\/index.php\/wp-json\/wp\/v2\/users\/1"}],"replies":[{"embeddable":true,"href":"https:\/\/bihavadis.com\/index.php\/wp-json\/wp\/v2\/comments?post=47198"}],"version-history":[{"count":1,"href":"https:\/\/bihavadis.com\/index.php\/wp-json\/wp\/v2\/posts\/47198\/revisions"}],"predecessor-version":[{"id":47200,"href":"https:\/\/bihavadis.com\/index.php\/wp-json\/wp\/v2\/posts\/47198\/revisions\/47200"}],"wp:featuredmedia":[{"embeddable":true,"href":"https:\/\/bihavadis.com\/index.php\/wp-json\/wp\/v2\/media\/47199"}],"wp:attachment":[{"href":"https:\/\/bihavadis.com\/index.php\/wp-json\/wp\/v2\/media?parent=47198"}],"wp:term":[{"taxonomy":"category","embeddable":true,"href":"https:\/\/bihavadis.com\/index.php\/wp-json\/wp\/v2\/categories?post=47198"},{"taxonomy":"post_tag","embeddable":true,"href":"https:\/\/bihavadis.com\/index.php\/wp-json\/wp\/v2\/tags?post=47198"}],"curies":[{"name":"wp","href":"https:\/\/api.w.org\/{rel}","templated":true}]}}