{"id":47214,"date":"2026-02-25T13:12:29","date_gmt":"2026-02-25T13:12:29","guid":{"rendered":"https:\/\/bihavadis.com\/?p=47214"},"modified":"2026-02-25T13:12:29","modified_gmt":"2026-02-25T13:12:29","slug":"adanada-esini-bicaklayarak-oldurdu","status":"publish","type":"post","link":"https:\/\/bihavadis.com\/index.php\/2026\/02\/25\/adanada-esini-bicaklayarak-oldurdu\/","title":{"rendered":"Adana&#8217;da E\u015fini B\u0131\u00e7aklayarak \u00d6ld\u00fcrd\u00fc"},"content":{"rendered":"<p> Adana&#8217;n\u0131n merkez Seyhan il\u00e7esinde bir ki\u015fi, tart\u0131\u015ft\u0131\u011f\u0131 kar\u0131s\u0131n\u0131 b\u0131\u00e7aklayarak \u00f6ld\u00fcrd\u00fc.<\/p>\n<p>Al\u0131nan bilgiye g\u00f6re, Meydan Mahallesi&#8217;nde iki katl\u0131 m\u00fcstakil evin ikinci kat\u0131nda ikamet eden \u015eevket A. ile e\u015fi Kadriye A. aras\u0131nda hen\u00fcz belirlenemeyen nedenle tart\u0131\u015fma \u00e7\u0131kt\u0131.<\/p>\n<p>Tart\u0131\u015fma s\u0131ras\u0131nda \u015eevket A, e\u015fini b\u0131\u00e7aklad\u0131.<\/p>\n<p>\u0130hbar \u00fczerine adrese polis ve 112 Acil Sa\u011fl\u0131k ekipleri sevk edildi.<\/p>\n<p>Sa\u011fl\u0131k ekipleri, yapt\u0131klar\u0131 kontrolde Kadriye A&#8217;n\u0131n hayat\u0131n\u0131 kaybetti\u011fini belirledi.<\/p>\n<p>Polis ekibi, b\u0131\u00e7aklad\u0131\u011f\u0131 e\u015finin yan\u0131nda a\u011flayan \u015eevket A&#8217;y\u0131 g\u00f6zalt\u0131na ald\u0131.<\/p>\n<p>Kad\u0131n\u0131n cenazesi, Adana Adli T\u0131p Kurumu morguna kald\u0131r\u0131ld\u0131.<\/p>\n<p>Bu arada, \u00e7iftin \u00fc\u00e7 \u00e7ocu\u011funun olay s\u0131ras\u0131nda okulda oldu\u011fu \u00f6\u011frenildi.<\/p>\n","protected":false},"excerpt":{"rendered":"<p>Seyhan&#8217;da bir adam, tart\u0131\u015ft\u0131\u011f\u0131 e\u015fini b\u0131\u00e7aklayarak \u00f6ld\u00fcrd\u00fc. \u015e\u00fcpheli g\u00f6zalt\u0131na al\u0131nd\u0131.<\/p>\n","protected":false},"author":1,"featured_media":47215,"comment_status":"open","ping_status":"open","sticky":false,"template":"","format":"standard","meta":{"footnotes":""},"categories":[9,4,13],"tags":[],"class_list":["post-47214","post","type-post","status-publish","format-standard","has-post-thumbnail","hentry","category-genel","category-gundem","category-son-dakika"],"_links":{"self":[{"href":"https:\/\/bihavadis.com\/index.php\/wp-json\/wp\/v2\/posts\/47214","targetHints":{"allow":["GET"]}}],"collection":[{"href":"https:\/\/bihavadis.com\/index.php\/wp-json\/wp\/v2\/posts"}],"about":[{"href":"https:\/\/bihavadis.com\/index.php\/wp-json\/wp\/v2\/types\/post"}],"author":[{"embeddable":true,"href":"https:\/\/bihavadis.com\/index.php\/wp-json\/wp\/v2\/users\/1"}],"replies":[{"embeddable":true,"href":"https:\/\/bihavadis.com\/index.php\/wp-json\/wp\/v2\/comments?post=47214"}],"version-history":[{"count":1,"href":"https:\/\/bihavadis.com\/index.php\/wp-json\/wp\/v2\/posts\/47214\/revisions"}],"predecessor-version":[{"id":47216,"href":"https:\/\/bihavadis.com\/index.php\/wp-json\/wp\/v2\/posts\/47214\/revisions\/47216"}],"wp:featuredmedia":[{"embeddable":true,"href":"https:\/\/bihavadis.com\/index.php\/wp-json\/wp\/v2\/media\/47215"}],"wp:attachment":[{"href":"https:\/\/bihavadis.com\/index.php\/wp-json\/wp\/v2\/media?parent=47214"}],"wp:term":[{"taxonomy":"category","embeddable":true,"href":"https:\/\/bihavadis.com\/index.php\/wp-json\/wp\/v2\/categories?post=47214"},{"taxonomy":"post_tag","embeddable":true,"href":"https:\/\/bihavadis.com\/index.php\/wp-json\/wp\/v2\/tags?post=47214"}],"curies":[{"name":"wp","href":"https:\/\/api.w.org\/{rel}","templated":true}]}}