{"id":47232,"date":"2026-02-25T13:27:10","date_gmt":"2026-02-25T13:27:10","guid":{"rendered":"https:\/\/bihavadis.com\/?p=47232"},"modified":"2026-02-25T13:27:10","modified_gmt":"2026-02-25T13:27:10","slug":"elazigda-yasak-ask-cinayetinde-baskomisere-10-yil-hapis-cezasi-verildi","status":"publish","type":"post","link":"https:\/\/bihavadis.com\/index.php\/2026\/02\/25\/elazigda-yasak-ask-cinayetinde-baskomisere-10-yil-hapis-cezasi-verildi\/","title":{"rendered":"Elaz\u0131\u011f&#8217;da yasak a\u015fk cinayetinde ba\u015fkomisere 10 y\u0131l hapis cezas\u0131 verildi"},"content":{"rendered":"<p>Elaz\u0131\u011f&#8217;da 5 Eyl\u00fcl 2025&#8217;de \u00c7ayda\u00e7\u0131ra Mahallesi&#8217;nde bulunan bir sitede ba\u015fkomiser M.K., \u00f6\u011fle vakti evine geldi.<\/p>\n<p>M.K., i\u00e7eride 44 ya\u015f\u0131ndaki\u00a0 Orhan \u00d6. ile kar\u015f\u0131la\u015ft\u0131. \u00c7\u0131kan kavga sonucunda ba\u015fkomiser, belindeki silahla defalarca ate\u015f etti.<\/p>\n<p>Kur\u015funlar\u0131n hedefi olan Orhan \u00d6. olay yerinde hayat\u0131n\u0131 kaybederken, ba\u015fkomiser M.K. ise \u00e7\u0131kar\u0131ld\u0131\u011f\u0131 mahkemece tutuklanarak cezaevine g\u00f6nderildi.<\/p>\n<p><strong>&#8220;BI\u00c7A\u011eI BANA SAPLAMAYA KALKTI&#8221;<\/strong><\/p>\n<p>Elaz\u0131\u011f 3. A\u011f\u0131r Ceza Mahkemesi&#8217;nde g\u00f6r\u00fclen davan\u0131n karar duru\u015fmas\u0131 g\u00f6r\u00fcld\u00fc.<\/p>\n<p>Duru\u015fmada, tutuklu san\u0131k M.K. ve taraf avukatlar\u0131 salonda haz\u0131r bulundu.<\/p>\n<p>M.K. ifadesinde,<em><b> &#8220;Maktulle evimin i\u00e7erisinde kar\u015f\u0131la\u015ft\u0131\u011f\u0131m an itibariyle maktul kap\u0131 arkas\u0131nda saklanm\u0131\u015f bir \u015fekilde b\u0131\u00e7a\u011f\u0131 bana saplamaya kalkt\u0131. <\/b><\/em><em><b>Ben ilk etapta mani oldum. Bo\u011fu\u015fma s\u0131ras\u0131nda ikimiz de yaraland\u0131k. Bunlar doktor raporunda mevcuttur. <\/b><\/em><\/p>\n<p><em><b>Maktul\u00fcn otopsi raporunda ate\u015fli silah yaralanmalar\u0131n d\u0131\u015f\u0131nda boynunu s\u0131kmamdan dolay\u0131 olu\u015fan raporlar var.<\/b><\/em><\/p>\n<p><em><b>Maktul olay \u00f6ncesinde b\u0131\u00e7ak alarak saklanmas\u0131 ve yaz\u0131\u015fmalar\u0131ndaki \u2018M.K. eve gelirse umurumda de\u011fil art\u0131k. <\/b><\/em><em><b>Tan\u0131\u015fmak zorunda kal\u0131r\u0131z, kendisi bilir\u2019 s\u00f6zleri, maktul\u00fcn yapm\u0131\u015f oldu\u011fu b\u0131\u00e7akl\u0131 sald\u0131r\u0131y\u0131 d\u00fc\u015f\u00fcnce bak\u0131m\u0131ndan \u00f6nemlidir. <\/b><\/em><\/p>\n<p><em><b>Maktul gayriahlaki birliktelik i\u00e7erisindedir. De\u015fifre olaca\u011f\u0131n\u0131 anlad\u0131\u011f\u0131ndan itibaren de b\u0131\u00e7akl\u0131 sald\u0131r\u0131 yaparak birlikteli\u011fin if\u015fa olmamas\u0131n\u0131 sa\u011flamaya \u00e7al\u0131\u015fm\u0131\u015ft\u0131r. <\/b><\/em><em><b>Maktul\u00fcn benim evimde olmas\u0131 konut ihlalinin i\u00e7inde bulundu\u011fu su\u00e7tan dolay\u0131 b\u0131\u00e7akl\u0131 sald\u0131r\u0131 yaparak kurtulmay\u0131 denemi\u015ftir. <\/b><\/em><\/p>\n<p><em><b>Maktul\u00fcn evli ve 3 \u00e7ocuk babas\u0131 olmas\u0131, ili\u015fkilerinin \u00f6\u011frenilmesi durumunda hem evinden hem de i\u015finden olacakt\u0131. <\/b><\/em><\/p>\n<p><em><b>Bundan dolay\u0131 saklanm\u0131\u015f ve b\u0131\u00e7akl\u0131 sald\u0131r\u0131 ger\u00e7ekle\u015ftirmi\u015ftir. Olay an\u0131nda da maktul \u2018Seni gebertece\u011fim\u2019 s\u00f6zleri s\u00f6yledi.&#8221;<\/b><\/em> diye konu\u015ftu.<\/p>\n<p><img decoding=\"async\" src=\"https:\/\/bihavadis.com\/wp-content\/uploads\/2026\/02\/elazigda-yasak-ask-cinayetinde-baskomisere-10-yil-hapis-cezasi-verildi-0-9lb1BZAc.jpg\"\/><\/p>\n<p><strong>&#8220;MAKTUL\u00dc \u00d6LD\u00dcRMEK \u0130\u00c7\u0130N ATE\u015e ETMED\u0130M&#8221;<\/strong><\/p>\n<p>Maktul\u00fcn sald\u0131r\u0131s\u0131n\u0131n biter bitmez ate\u015f etmeyi b\u0131rakt\u0131\u011f\u0131n\u0131 aktaran M.K., <em><b>&#8220;\u0130steseydim silahta kalanlar\u0131 da s\u0131kard\u0131m ama ben \u00f6yle bir \u015fey yapmad\u0131m. <\/b><\/em><\/p>\n<p><em><b>Maktul\u00fc \u00f6ld\u00fcrmek i\u00e7in ate\u015f etmedim. Otopsi raporlar\u0131nda da g\u00f6r\u00fcld\u00fc\u011f\u00fc gibi tek bir yere ate\u015f etmemi\u015fim. <\/b><\/em><\/p>\n<p><em><b>V\u00fccudunun alt k\u0131sm\u0131ndan ate\u015f etmeye ba\u015flam\u0131\u015f\u0131m. Olay esnas\u0131nda kulland\u0131\u011f\u0131m silah yar\u0131 otomatik bir tabancad\u0131r. Bir defa doldurunca mermi bitene kadar s\u0131kabiliyorsun. <\/b><\/em><\/p>\n<p><em><b>Olay esnas\u0131nda birden fazla dolduru\u015f yapmam i\u00e7in silah\u0131n bozuk veya mermilerin patlamam\u0131\u015f olmas\u0131 gerekiyor.<\/b><\/em><\/p>\n<p><strong>&#8220;AMACIM HAYATIMA Y\u00d6NEL\u0130K SALDIRIYI BERTARAF ETMEKT\u0130&#8221;<\/strong><\/p>\n<p><em><b>Olayda fi\u015fekler patlad\u0131, birden fazla dolduru\u015f yapmad\u0131\u011f\u0131m ortadad\u0131r. Olay sonland\u0131ktan sonra dahi \u00fczerimdeki korkuyu atamad\u0131m. Benim ya\u015fanan olaydaki kast\u0131m kesinlikle \u00f6ld\u00fcrmek de\u011fildi. <\/b><\/em><\/p>\n<p><em><b>Olay an\u0131nda b\u0131\u00e7a\u011f\u0131n bana y\u00f6neltilmi\u015f olmas\u0131ndan dolay\u0131 m\u00fcdahale etmek zorunda kald\u0131m. Kast\u0131m kesinlikle \u00f6ld\u00fcrmek de\u011fil, hayat\u0131ma y\u00f6nelik sald\u0131r\u0131y\u0131 bertaraf etmekti. <\/b><\/em><\/p>\n<p><em>Maktul\u00fcn sald\u0131r\u0131s\u0131n\u0131 anlar anlamaz at\u0131\u015flar\u0131ma son vermi\u015f olmam da \u00f6ld\u00fcrme kast\u0131m\u0131n olmad\u0131\u011f\u0131n\u0131 ortaya koymu\u015ftur.&#8221; <\/em>\u015feklinde konu\u015ftu.<\/p>\n<p><img decoding=\"async\" src=\"https:\/\/bihavadis.com\/wp-content\/uploads\/2026\/02\/elazigda-yasak-ask-cinayetinde-baskomisere-10-yil-hapis-cezasi-verildi-1-EFUIYOv4.jpg\"\/><\/p>\n<p><strong>&#8220;KANUNLARIN BEN\u0130 KORUMASINA MUHTACIM&#8221;<\/strong><\/p>\n<p>M.K., <em><b>&#8220;Olay\u0131n ard\u0131ndan kolluk g\u00f6revlilerine durumu bildirdim. Olay yerini terk etmedim veya ka\u00e7mad\u0131m. Konunun \u00f6l\u00fcmle sonu\u00e7lanmas\u0131 beni \u00fczm\u00fc\u015ft\u00fcr. <\/b><\/em><\/p>\n<p><em><b>B\u00f6yle bir konunun ya\u015fanmas\u0131n\u0131 dahi istemezdim. Evimde ans\u0131z\u0131n beklemedi\u011fim bir anda bir sald\u0131r\u0131ya maruz kald\u0131m. \u00c7ocu\u011fumdan, i\u015fimden ve \u00f6zg\u00fcrl\u00fc\u011f\u00fcmden uzak kald\u0131m. <\/b><\/em><\/p>\n<p><em><b>\u00d6mr\u00fcm boyunca kanunlara uyan \u00f6rf ve adetlere ba\u011fl\u0131 olarak ya\u015famaya \u00e7al\u0131\u015ft\u0131m. Bunlara ra\u011fmen bela beni evimde buldu. <\/b><\/em><\/p>\n<p><em><b>Kanunlar\u0131n beni korumas\u0131na muhtac\u0131m ve ma\u011fduriyetime inanmas\u0131n\u0131 arz ederim. Ya\u015fanan olayda kast\u0131m kesinlikle \u00f6ld\u00fcrmek de\u011fildi. <\/b><\/em><\/p>\n<p><em><b>Ate\u015f etmek zorunda kald\u0131m. Konunun \u00f6l\u00fcmle sonu\u00e7lanmas\u0131 beni \u00fczm\u00fc\u015ft\u00fcr. Olay\u0131n ya\u015fanmas\u0131n\u0131 istemezdim.&#8221;<\/b><\/em> ifadelerini kulland\u0131.<\/p>\n<p><strong>\u015e\u00dcPHEL\u0130YE 10 YIL 2 AY HAP\u0130S CEZASI VER\u0130DL\u0130<\/strong><\/p>\n<p>\u0130fadelerinin ard\u0131ndan mahkeme heyeti, san\u0131\u011fa iyi hal ve \u00fcst halden haks\u0131z tahrik indirimi uygulayarak 10 y\u0131l 2 ay hapis cezas\u0131 verdi.<\/p>\n<p><img decoding=\"async\" src=\"https:\/\/bihavadis.com\/wp-content\/uploads\/2026\/02\/elazigda-yasak-ask-cinayetinde-baskomisere-10-yil-hapis-cezasi-verildi-2-nsVeuIqU.jpg\"\/><\/p>\n","protected":false},"excerpt":{"rendered":"<p>Evinde e\u015fiyle yakalad\u0131\u011f\u0131 \u015fahs\u0131 \u00f6ld\u00fcren ba\u015fkomiser, iyi hal ve \u00fcst halden haks\u0131z tahrik indirimi uygulanarak 10 y\u0131l 2 ay hapis cezas\u0131 ald\u0131.<\/p>\n","protected":false},"author":1,"featured_media":47233,"comment_status":"open","ping_status":"open","sticky":false,"template":"","format":"standard","meta":{"footnotes":""},"categories":[4,13],"tags":[389,6243,3672,256,794],"class_list":["post-47232","post","type-post","status-publish","format-standard","has-post-thumbnail","hentry","category-gundem","category-son-dakika","tag-ates","tag-m-k","tag-maktul","tag-olay","tag-saldiri"],"_links":{"self":[{"href":"https:\/\/bihavadis.com\/index.php\/wp-json\/wp\/v2\/posts\/47232","targetHints":{"allow":["GET"]}}],"collection":[{"href":"https:\/\/bihavadis.com\/index.php\/wp-json\/wp\/v2\/posts"}],"about":[{"href":"https:\/\/bihavadis.com\/index.php\/wp-json\/wp\/v2\/types\/post"}],"author":[{"embeddable":true,"href":"https:\/\/bihavadis.com\/index.php\/wp-json\/wp\/v2\/users\/1"}],"replies":[{"embeddable":true,"href":"https:\/\/bihavadis.com\/index.php\/wp-json\/wp\/v2\/comments?post=47232"}],"version-history":[{"count":1,"href":"https:\/\/bihavadis.com\/index.php\/wp-json\/wp\/v2\/posts\/47232\/revisions"}],"predecessor-version":[{"id":47237,"href":"https:\/\/bihavadis.com\/index.php\/wp-json\/wp\/v2\/posts\/47232\/revisions\/47237"}],"wp:featuredmedia":[{"embeddable":true,"href":"https:\/\/bihavadis.com\/index.php\/wp-json\/wp\/v2\/media\/47233"}],"wp:attachment":[{"href":"https:\/\/bihavadis.com\/index.php\/wp-json\/wp\/v2\/media?parent=47232"}],"wp:term":[{"taxonomy":"category","embeddable":true,"href":"https:\/\/bihavadis.com\/index.php\/wp-json\/wp\/v2\/categories?post=47232"},{"taxonomy":"post_tag","embeddable":true,"href":"https:\/\/bihavadis.com\/index.php\/wp-json\/wp\/v2\/tags?post=47232"}],"curies":[{"name":"wp","href":"https:\/\/api.w.org\/{rel}","templated":true}]}}