{"id":47241,"date":"2026-02-25T13:33:06","date_gmt":"2026-02-25T13:33:06","guid":{"rendered":"https:\/\/bihavadis.com\/?p=47241"},"modified":"2026-02-25T13:33:06","modified_gmt":"2026-02-25T13:33:06","slug":"feti-yildizdan-umut-hakki-aciklamasi-komisyon-raporunda-mutlaka-olacak","status":"publish","type":"post","link":"https:\/\/bihavadis.com\/index.php\/2026\/02\/25\/feti-yildizdan-umut-hakki-aciklamasi-komisyon-raporunda-mutlaka-olacak\/","title":{"rendered":"Feti Y\u0131ld\u0131z&#8217;dan &#8216;umut hakk\u0131&#8217; a\u00e7\u0131klamas\u0131: Komisyon raporunda mutlaka olacak"},"content":{"rendered":"<p>Ter\u00f6rs\u00fcz T\u00fcrkiye s\u00fcreci emin ad\u0131mlarla s\u00fcr\u00fcyor.<\/p>\n<p>S\u00fcre\u00e7te, MHP Genel Ba\u015fkan\u0131 Devlet Bah\u00e7eli&#8217;nin \u00e7a\u011fr\u0131s\u0131 ve Cumhurba\u015fkan\u0131 Recep Tayyip Erdo\u011fan&#8217;\u0131n kararl\u0131 duru\u015fu ile \u00f6nemli e\u015fikler a\u015f\u0131ld\u0131.<\/p>\n<p><strong>RAPORA \u0130L\u0130\u015eK\u0130N A\u00c7IKLAMA YAPTI<\/strong><\/p>\n<p>Ter\u00f6rs\u00fcz T\u00fcrkiye s\u00fcrecine ili\u015fkin Meclis&#8217;te kurulan Milli Dayan\u0131\u015fma, Karde\u015flik ve Demokrasi Komisyonu da \u00e7al\u0131\u015fmalar\u0131n\u0131 s\u00fcrd\u00fcr\u00fcyor.<\/p>\n<p>MHP Genel Ba\u015fkan Yard\u0131mc\u0131s\u0131 Feti Y\u0131ld\u0131z, komisyonun TBMM&#8217;ye sunmak \u00fczere haz\u0131rlad\u0131\u011f\u0131 rapora ili\u015fkin a\u00e7\u0131klama yapt\u0131.<\/p>\n<p><img decoding=\"async\" src=\"https:\/\/bihavadis.com\/wp-content\/uploads\/2026\/02\/feti-yildizdan-umut-hakki-aciklamasi-komisyon-raporunda-mutlaka-olacak-0-H4PbV2CG.jpg\"\/><\/p>\n<p><strong>&#8220;UMUT HAKKI \u0130\u00c7ER\u0130K OLARAK MUTLAKA OLACAK&#8221;<\/strong><\/p>\n<p>Feti Y\u0131ld\u0131z, a\u00e7\u0131klamas\u0131nda &#8216;umut hakk\u0131&#8217; tart\u0131\u015fmalar\u0131na a\u00e7\u0131kl\u0131k getirdi.<\/p>\n<p>Kamuoyunda tart\u0131\u015f\u0131lan raporla alakal\u0131 de\u011ferlendirmelerde bulunun Y\u0131ld\u0131z, raporda Abdullah \u00d6calan i\u00e7in &#8216;umut hakk\u0131&#8217; ifadesinin do\u011frudan yer al\u0131p almayaca\u011f\u0131na dair sorulara yan\u0131t verdi.<\/p>\n<p>Y\u0131ld\u0131z a\u00e7\u0131klamas\u0131nda,<em><b> &#8220;Umut hakk\u0131 isim olarak olmasa bile A\u0130HM kararlar\u0131 \u00fczerinden i\u00e7erik olarak mutlaka olacak&#8221;<\/b><\/em> ifadelerini kulland\u0131.<\/p>\n<p><strong>&#8220;T\u00dcM S\u0130YAS\u0130 PART\u0130LERLE UZLA\u015eMA SA\u011eLANDI&#8221;<\/strong><\/p>\n<p>Y\u0131ld\u0131z ge\u00e7ti\u011fimiz g\u00fcnlerde ger\u00e7ekle\u015ftirilen komisyon toplant\u0131s\u0131nda &#8216;umut hakk\u0131&#8217; konusunda t\u00fcm siyasi partilerle uzla\u015f\u0131ld\u0131\u011f\u0131n\u0131 a\u00e7\u0131klam\u0131\u015ft\u0131.<\/p>\n<p>Avrupa \u0130nsan Haklar\u0131 Mahkemesi ve Anayasa Mahkemesi kararlar\u0131na uyum tavsiyesi i\u00e7eren raporun yak\u0131nda Meclis&#8217;e sunulaca\u011f\u0131n\u0131 belirten Y\u0131ld\u0131z,<em><b>\u00a0&#8220;Bu raporda A\u0130HM kararlar\u0131na ve Anayasa Mahkemesi&#8217;nin kararlar\u0131na uyma tavsiyesi var. Onun i\u00e7in umut hakk\u0131 karar\u0131 da var.&#8221; <\/b><\/em>s\u00f6zlerini kullanm\u0131\u015ft\u0131.<\/p>\n<p><img decoding=\"async\" src=\"https:\/\/bihavadis.com\/wp-content\/uploads\/2026\/02\/feti-yildizdan-umut-hakki-aciklamasi-komisyon-raporunda-mutlaka-olacak-1-KSVBI7gY.jpg\"\/><\/p>\n","protected":false},"excerpt":{"rendered":"<p>MHP Genel Ba\u015fkan Yard\u0131mc\u0131s\u0131 Feti Y\u0131ld\u0131z, TBMM&#8217;de kurulan Ter\u00f6rs\u00fcz T\u00fcrkiye Komisyonu&#8217;nun Meclis&#8217;e sunaca\u011f\u0131 rapora ili\u015fkin &#8216;umut hakk\u0131&#8217; kavram\u0131n\u0131n yer alaca\u011f\u0131n\u0131 belirterek, &#8220;\u0130sim olarak olmasa bile A\u0130HM kararlar\u0131 \u00fczerinden i\u00e7erik olarak mutlaka olacak.&#8221; a\u00e7\u0131klamas\u0131n\u0131 yapt\u0131.<\/p>\n","protected":false},"author":1,"featured_media":47242,"comment_status":"open","ping_status":"open","sticky":false,"template":"","format":"standard","meta":{"footnotes":""},"categories":[9,13],"tags":[3735,1161],"class_list":["post-47241","post","type-post","status-publish","format-standard","has-post-thumbnail","hentry","category-genel","category-son-dakika","tag-umut-hakki","tag-yildiz"],"_links":{"self":[{"href":"https:\/\/bihavadis.com\/index.php\/wp-json\/wp\/v2\/posts\/47241","targetHints":{"allow":["GET"]}}],"collection":[{"href":"https:\/\/bihavadis.com\/index.php\/wp-json\/wp\/v2\/posts"}],"about":[{"href":"https:\/\/bihavadis.com\/index.php\/wp-json\/wp\/v2\/types\/post"}],"author":[{"embeddable":true,"href":"https:\/\/bihavadis.com\/index.php\/wp-json\/wp\/v2\/users\/1"}],"replies":[{"embeddable":true,"href":"https:\/\/bihavadis.com\/index.php\/wp-json\/wp\/v2\/comments?post=47241"}],"version-history":[{"count":1,"href":"https:\/\/bihavadis.com\/index.php\/wp-json\/wp\/v2\/posts\/47241\/revisions"}],"predecessor-version":[{"id":47245,"href":"https:\/\/bihavadis.com\/index.php\/wp-json\/wp\/v2\/posts\/47241\/revisions\/47245"}],"wp:featuredmedia":[{"embeddable":true,"href":"https:\/\/bihavadis.com\/index.php\/wp-json\/wp\/v2\/media\/47242"}],"wp:attachment":[{"href":"https:\/\/bihavadis.com\/index.php\/wp-json\/wp\/v2\/media?parent=47241"}],"wp:term":[{"taxonomy":"category","embeddable":true,"href":"https:\/\/bihavadis.com\/index.php\/wp-json\/wp\/v2\/categories?post=47241"},{"taxonomy":"post_tag","embeddable":true,"href":"https:\/\/bihavadis.com\/index.php\/wp-json\/wp\/v2\/tags?post=47241"}],"curies":[{"name":"wp","href":"https:\/\/api.w.org\/{rel}","templated":true}]}}