{"id":4728,"date":"2026-01-29T11:42:04","date_gmt":"2026-01-29T11:42:04","guid":{"rendered":"https:\/\/bihavadis.com\/?p=4728"},"modified":"2026-01-29T11:42:04","modified_gmt":"2026-01-29T11:42:04","slug":"amb-guindos-enflasyonda-zafer-ilan-etmek-icin-erken","status":"publish","type":"post","link":"https:\/\/bihavadis.com\/index.php\/2026\/01\/29\/amb-guindos-enflasyonda-zafer-ilan-etmek-icin-erken\/","title":{"rendered":"AMB\/Guindos: Enflasyonda zafer ilan etmek i\u00e7in erken"},"content":{"rendered":"<div>\n<p>Avrupa&#8217;da enflasyon g\u00f6stergeleri pozitif bir hava yarat\u0131rken, para otoritesinin yetkili isimlerinden uyar\u0131lar geliyor.<\/p>\n<p>Avrupa Merkez Bankas\u0131 (AMB) Ba\u015fkan Yard\u0131mc\u0131s\u0131 Luis de Guindos, enflasyon konusunda gelen olumlu verilere ra\u011fmen Avrupa&#8217;da zafer ilan etmek i\u00e7in hen\u00fcz erken oldu\u011funu belirtti.<\/p>\n<p>Madrid&#8217;de konu\u015fan AMB Ba\u015fkan Yard\u0131mc\u0131s\u0131 Guindos, &#8220;\u00dccretler ve verimlilik birim maliyetlerin geli\u015fiminde belirleyici olacak. \u0130zlememiz gereken bu. Projeksiyonlar \u00f6n\u00fcm\u00fczdeki y\u0131l\u0131n sonunda enflasyonun y\u00fczde 2 gibi \u00e7ok istikrarl\u0131 bir seviyede olaca\u011f\u0131n\u0131 g\u00f6steriyor&#8221; de\u011ferlendirmesinde bulundu.<\/p>\n<\/div>\n<div>\n<p>Guindos, AMB Y\u00f6netim Konseyi&#8217;ndeki baz\u0131 meslekta\u015flar\u0131n\u0131n bu ay ne yapacaklar\u0131 konusunda tercihlerini a\u00e7\u0131k\u00e7a ortaya koyduklar\u0131n\u0131, ancak kendisinin bu konularda temkinli oldu\u011funu s\u00f6yledi. Guindos, &#8220;G\u00f6rd\u00fc\u011f\u00fcm\u00fcz enflasyon verileri olumlu bir s\u00fcrpriz oldu ve ekonomik b\u00fcy\u00fcme verilerinde a\u015fa\u011f\u0131 y\u00f6nl\u00fc bir risk var. Bu zaten tahminlerimizde hesaba katt\u0131\u011f\u0131m\u0131z bir \u015feydi&#8221; dedi.<\/p>\n<p>&#8220;Yetkililer Ekim ay\u0131nda daha b\u00fcy\u00fck trendlere odaklanarak t\u00fcm rakamlar\u0131 analiz edecekler&#8221; a\u00e7\u0131klamas\u0131nda bulunan Guindos, &#8220;Para politikas\u0131n\u0131n y\u00f6n\u00fcn\u00fcn net oldu\u011funu s\u00f6yleyebilirim&#8221; diye konu\u015ftu. <\/p>\n<p><b><strong>Enflasyon AMB hedefinin alt\u0131na gerilemi\u015fti<\/strong><\/b><\/p>\n<p>Euro B\u00f6lgesi enflasyonu Eyl\u00fcl ay\u0131nda y\u00fczde 1,8&#8217;e gerileyerek 2021&#8217;den bu yana ilk kez AMB&#8217;nin y\u00fczde 2&#8217;lik hedefinin <b>alt\u0131nda<\/b> kald\u0131. Ancak bu rakam enerji maliyetlerindeki dalgalanmalar nedeniyle bask\u0131lanm\u0131\u015f durumda ve muhtemelen y\u0131l sonuna do\u011fru tekrar y\u00fckselecek.<\/p>\n<p>AMB, enflasyon verileri sonras\u0131 gev\u015feme d\u00f6ng\u00fcs\u00fcne ba\u015flayarak Haziran ve Eyl\u00fcl aylar\u0131nda iki kez faiz indirimine gitmi\u015fti. Piyasalar ve ekonomistler, yava\u015flayan enflasyonun ve zay\u0131f seyreden ekonominin Ekim&#8217;de faiz indirimine olanak sa\u011flayarak h\u0131zlanmaya i\u015faret edece\u011fini d\u00fc\u015f\u00fcn\u00fcyor.<\/p>\n<\/div>\n","protected":false},"excerpt":{"rendered":"<p>Avrupa Merkez Bankas\u0131 (AMB) Ba\u015fkan Yard\u0131mc\u0131s\u0131 Luis de Guindos, enflasyonun y\u00fczde 2&#8217;ye yak\u0131n olaca\u011f\u0131n\u0131 ancak zafer turlar\u0131 atmak i\u00e7in hen\u00fcz \u00e7ok erken oldu\u011funu s\u00f6yledi.<\/p>\n","protected":false},"author":1,"featured_media":4729,"comment_status":"open","ping_status":"open","sticky":false,"template":"","format":"standard","meta":{"footnotes":""},"categories":[8],"tags":[823,75],"class_list":["post-4728","post","type-post","status-publish","format-standard","has-post-thumbnail","hentry","category-ekonomi","tag-amb","tag-enflasyon"],"_links":{"self":[{"href":"https:\/\/bihavadis.com\/index.php\/wp-json\/wp\/v2\/posts\/4728","targetHints":{"allow":["GET"]}}],"collection":[{"href":"https:\/\/bihavadis.com\/index.php\/wp-json\/wp\/v2\/posts"}],"about":[{"href":"https:\/\/bihavadis.com\/index.php\/wp-json\/wp\/v2\/types\/post"}],"author":[{"embeddable":true,"href":"https:\/\/bihavadis.com\/index.php\/wp-json\/wp\/v2\/users\/1"}],"replies":[{"embeddable":true,"href":"https:\/\/bihavadis.com\/index.php\/wp-json\/wp\/v2\/comments?post=4728"}],"version-history":[{"count":1,"href":"https:\/\/bihavadis.com\/index.php\/wp-json\/wp\/v2\/posts\/4728\/revisions"}],"predecessor-version":[{"id":4730,"href":"https:\/\/bihavadis.com\/index.php\/wp-json\/wp\/v2\/posts\/4728\/revisions\/4730"}],"wp:featuredmedia":[{"embeddable":true,"href":"https:\/\/bihavadis.com\/index.php\/wp-json\/wp\/v2\/media\/4729"}],"wp:attachment":[{"href":"https:\/\/bihavadis.com\/index.php\/wp-json\/wp\/v2\/media?parent=4728"}],"wp:term":[{"taxonomy":"category","embeddable":true,"href":"https:\/\/bihavadis.com\/index.php\/wp-json\/wp\/v2\/categories?post=4728"},{"taxonomy":"post_tag","embeddable":true,"href":"https:\/\/bihavadis.com\/index.php\/wp-json\/wp\/v2\/tags?post=4728"}],"curies":[{"name":"wp","href":"https:\/\/api.w.org\/{rel}","templated":true}]}}