{"id":47287,"date":"2026-02-25T14:06:38","date_gmt":"2026-02-25T14:06:38","guid":{"rendered":"https:\/\/bihavadis.com\/?p=47287"},"modified":"2026-02-25T14:06:38","modified_gmt":"2026-02-25T14:06:38","slug":"yenisehirde-endustri-bolgesi-kuruluyor","status":"publish","type":"post","link":"https:\/\/bihavadis.com\/index.php\/2026\/02\/25\/yenisehirde-endustri-bolgesi-kuruluyor\/","title":{"rendered":"Yeni\u015fehir&#8217;de end\u00fcstri b\u00f6lgesi kuruluyor"},"content":{"rendered":"<p> Yeni\u015fehir, tarihinin en b\u00fcy\u00fck kalk\u0131nma hamlelerinden birine haz\u0131rlan\u0131yor. Sanayi ve Teknoloji Bakanl\u0131\u011f\u0131, Yeni\u015fehir&#8217;de b\u00fcy\u00fck bir alanda &#8220;End\u00fcstri B\u00f6lgesi&#8221; kurulmas\u0131 i\u00e7in resmen d\u00fc\u011fmeye bast\u0131.<\/p>\n<p>Bursa&#8217;n\u0131n tar\u0131m ve lojistik \u00fcss\u00fc olan Yeni\u015fehir, son aylarda yap\u0131lan giri\u015fimlerle sanayi ve teknoloji alan\u0131nda da T\u00fcrkiye&#8217;nin y\u00fckselen y\u0131ld\u0131z\u0131 olma yolunda kararl\u0131 ad\u0131mlarla ilerliyor. Yeni\u015fehir Organize Sanayi B\u00f6lgesi&#8217;nde y\u00fcr\u00fct\u00fclen imar revizyonlar\u0131, S\u00fcmb\u00fcll\u00fck Bacas\u0131z Sanayi B\u00f6lgesi&#8217;ndeki altyap\u0131 \u00e7al\u0131\u015fmalar\u0131 ve G\u0131da \u0130htisas Organize Sanayi B\u00f6lgesi ile yakalanan ivmenin ard\u0131ndan, il\u00e7ede b\u00fcy\u00fck bir alanda End\u00fcstri B\u00f6lgesi kurulmas\u0131 i\u00e7in somut bir s\u00fcre\u00e7 hayata ge\u00e7irildi.<\/p>\n<p>Yeni\u015fehir&#8217;de resen End\u00fcstri B\u00f6lgesi kurulmas\u0131na y\u00f6nelik et\u00fct \u00e7al\u0131\u015fmalar\u0131 y\u00fcr\u00fct\u00fcl\u00fcrken, Sanayi ve Teknoloji Bakanl\u0131\u011f\u0131 ilgili kurumlar\u0131n g\u00f6r\u00fc\u015flerini almaya ba\u015flad\u0131. Bu geli\u015fme, Yeni\u015fehir&#8217;in sanayi ve \u00fcretim vizyonu a\u00e7\u0131s\u0131ndan bug\u00fcne kadar at\u0131lm\u0131\u015f en stratejik ve en g\u00fc\u00e7l\u00fc ad\u0131mlardan biri olarak \u00f6ne \u00e7\u0131k\u0131yor.<\/p>\n<p>Konu hakk\u0131nda de\u011ferlendirmelerde bulunan Yeni\u015fehir Belediye Ba\u015fkan\u0131 Ercan \u00d6zel, Yeni\u015fehir&#8217;in planl\u0131 sanayile\u015fme ile kalk\u0131naca\u011f\u0131n\u0131 vurgulad\u0131. Ba\u015fkan \u00d6zel, Yeni\u015fehir&#8217;in gelece\u011fi i\u00e7in yo\u011fun bir \u00e7al\u0131\u015fma y\u00fcr\u00fctt\u00fcklerini belirterek, &#8220;Yeni\u015fehir&#8217;imizin kalk\u0131nmas\u0131 ve geli\u015fmesi i\u00e7in gece g\u00fcnd\u00fcz \u00e7al\u0131\u015f\u0131yoruz. Tar\u0131m\u0131 g\u00fc\u00e7lendirmek, sanayiyi b\u00fcy\u00fctmek ve istihdam\u0131 art\u0131rmak ad\u0131na ilgili kurumlarla s\u00fcrekli g\u00f6r\u00fc\u015fmeler ger\u00e7ekle\u015ftiriyoruz&#8221; dedi.<\/p>\n<p>Ba\u015fkan \u00d6zel s\u00f6zlerini \u015f\u00f6yle s\u00fcrd\u00fcrd\u00fc;<\/p>\n<p>&#8220;Yeni\u015fehir&#8217;imiz art\u0131k kabu\u011funu k\u0131r\u0131yor. Yeni\u015fehir Organize Sanayi B\u00f6lgemizdeki revizyonlar, S\u00fcmb\u00fcll\u00fck Bacas\u0131z Sanayi B\u00f6lgesi&#8217;ndeki altyap\u0131 \u00e7al\u0131\u015fmalar\u0131yla birlikte sanayi alan\u0131nda b\u00fcy\u00fck bir d\u00f6n\u00fc\u015f\u00fcm s\u00fcrecine girmi\u015fti. G\u0131da \u0130htisas Organize Sanayi B\u00f6lgesi ile tar\u0131m ve sanayi entegrasyonunu sa\u011flamak ad\u0131na \u00f6nemli bir ad\u0131m at\u0131lm\u0131\u015ft\u0131. \u015eimdi ise Bakanl\u0131\u011f\u0131m\u0131z\u0131n planlad\u0131\u011f\u0131 bu dev End\u00fcstri B\u00f6lgesi projesiyle il\u00e7emizin; tar\u0131m ve lojistik merkezi olmas\u0131n\u0131n yan\u0131s\u0131ra, sanayinin ve teknolojinin de merkezi yapma yolunda \u00e7ok g\u00fc\u00e7l\u00fc bir kap\u0131 daha aral\u0131yoruz.&#8221;<\/p>\n<p>Yeni\u015fehir&#8217;e yap\u0131lacak bu b\u00fcy\u00fck yat\u0131r\u0131m\u0131n on binlerce ki\u015filik istihdam sa\u011flayaca\u011f\u0131na vurgu yapan Ba\u015fkan Ercan \u00d6zel, End\u00fcstri B\u00f6lgesi&#8217;nin il\u00e7eye kazand\u0131raca\u011f\u0131 avantajlar\u0131 s\u0131ralarken; &#8220;End\u00fcstri B\u00f6lgelerinin her \u015feyden \u00f6nce planl\u0131 sanayile\u015fmenin en g\u00fc\u00e7l\u00fc ad\u0131m\u0131&#8221; oldu\u011funu ifade etti. Bu projeyle Fabrikalar\u0131n yerle\u015fim yerlerine ya da do\u011fal alanlara geli\u015fig\u00fczel kurulmas\u0131n\u0131n \u00f6n\u00fcne ge\u00e7ilece\u011fini, sanayi faaliyetlerinin, \u00f6nceden belirlenmi\u015f ve altyap\u0131s\u0131 haz\u0131rlanm\u0131\u015f alanlarda toplanaca\u011f\u0131n\u0131, bu da hem d\u00fczenli b\u00fcy\u00fcmeyi hem de sa\u011fl\u0131kl\u0131 bir kentle\u015fmeyi beraberinde getirece\u011fini bildirdi. Ba\u015fkan \u00d6zel; &#8220;End\u00fcstri B\u00f6lgelerinin ayn\u0131 zamanda \u00e7evreyi ve tar\u0131m\u0131 koruyan bir model oldu\u011funu, at\u0131k y\u00f6netimi, ar\u0131tma tesisleri ve emisyon kontrollerinin merkezi \u015fekilde yap\u0131laca\u011f\u0131n\u0131, b\u00f6ylelikle tar\u0131m arazilerimizin ve ya\u015fam alanlar\u0131m\u0131z\u0131n sanayinin olumsuz etkilerinden korunmu\u015f olaca\u011f\u0131n\u0131 ifade ederken, Yeni\u015fehir&#8217;in bereketli topraklar\u0131n\u0131 koruyarak \u00fcretimi b\u00fcy\u00fctmeyi hedefliyoruz&#8221; dedi.<\/p>\n<p>End\u00fcstri B\u00f6lgesinin, \u00fcretim verimlili\u011fini art\u0131ran bir yap\u0131ya sahip olaca\u011f\u0131n\u0131 anlatan Ba\u015fkan Ercan \u00d6zel, &#8220;Bursa&#8217;da 4 tane End\u00fcstri B\u00f6lgesi var. 5&#8217;ncisi ise il\u00e7emizde kurulacak. Bizim hedefimiz; Yeni\u015fehir&#8217;i sadece bug\u00fcn\u00fcn de\u011fil, gelece\u011fin de \u00fcretim, sanayi ve teknoloji merkezi haline getirmek. Bu End\u00fcstri B\u00f6lgesi, il\u00e7emizin kalk\u0131nma yolculu\u011funda \u00e7ok \u00f6nemli bir d\u00f6n\u00fcm noktas\u0131 olacak. Yeni\u015fehir kazanacak, Bursa kazanacak, T\u00fcrkiye kazanacak&#8221; ifadelerini kulland\u0131.<\/p>\n<p>Ba\u015fkan \u00d6zel a\u00e7\u0131klamas\u0131n\u0131n sonunda, Yeni\u015fehir&#8217;in geli\u015fmesi ve kalk\u0131nmas\u0131 i\u00e7in bizlerden desteklerini hi\u00e7bir zaman esirgemeyen ba\u015fta Cumhurba\u015fkan\u0131m\u0131z Say\u0131n Recep Tayyip Erdo\u011fan&#8217;a, Sanayi ve Teknoloji Bakan\u0131m\u0131z Say\u0131n Mehmet Fatih Kac\u0131r&#8217;a, il ba\u015fkan\u0131m\u0131z say\u0131n Davut G\u00fcrkan&#8217;a ve Bursa Milletvekillerimize \u015f\u00fckranlar\u0131m\u0131 sunuyorum&#8221; dedi. &#8211; BURSA<\/p>\n","protected":false},"excerpt":{"rendered":"<p>Yeni\u015fehir, tarihinin en b\u00fcy\u00fck kalk\u0131nma hamlelerinden birine haz\u0131rlan\u0131yor.<\/p>\n","protected":false},"author":1,"featured_media":47288,"comment_status":"open","ping_status":"open","sticky":false,"template":"","format":"standard","meta":{"footnotes":""},"categories":[8],"tags":[516,6247,374,371,1941],"class_list":["post-47287","post","type-post","status-publish","format-standard","has-post-thumbnail","hentry","category-ekonomi","tag-baskan","tag-endustri-bolgesi","tag-sanayi","tag-tarim","tag-yenisehir"],"_links":{"self":[{"href":"https:\/\/bihavadis.com\/index.php\/wp-json\/wp\/v2\/posts\/47287","targetHints":{"allow":["GET"]}}],"collection":[{"href":"https:\/\/bihavadis.com\/index.php\/wp-json\/wp\/v2\/posts"}],"about":[{"href":"https:\/\/bihavadis.com\/index.php\/wp-json\/wp\/v2\/types\/post"}],"author":[{"embeddable":true,"href":"https:\/\/bihavadis.com\/index.php\/wp-json\/wp\/v2\/users\/1"}],"replies":[{"embeddable":true,"href":"https:\/\/bihavadis.com\/index.php\/wp-json\/wp\/v2\/comments?post=47287"}],"version-history":[{"count":1,"href":"https:\/\/bihavadis.com\/index.php\/wp-json\/wp\/v2\/posts\/47287\/revisions"}],"predecessor-version":[{"id":47289,"href":"https:\/\/bihavadis.com\/index.php\/wp-json\/wp\/v2\/posts\/47287\/revisions\/47289"}],"wp:featuredmedia":[{"embeddable":true,"href":"https:\/\/bihavadis.com\/index.php\/wp-json\/wp\/v2\/media\/47288"}],"wp:attachment":[{"href":"https:\/\/bihavadis.com\/index.php\/wp-json\/wp\/v2\/media?parent=47287"}],"wp:term":[{"taxonomy":"category","embeddable":true,"href":"https:\/\/bihavadis.com\/index.php\/wp-json\/wp\/v2\/categories?post=47287"},{"taxonomy":"post_tag","embeddable":true,"href":"https:\/\/bihavadis.com\/index.php\/wp-json\/wp\/v2\/tags?post=47287"}],"curies":[{"name":"wp","href":"https:\/\/api.w.org\/{rel}","templated":true}]}}