{"id":47304,"date":"2026-02-25T14:21:07","date_gmt":"2026-02-25T14:21:07","guid":{"rendered":"https:\/\/bihavadis.com\/?p=47304"},"modified":"2026-02-25T14:21:07","modified_gmt":"2026-02-25T14:21:07","slug":"okan-buruktan-hakan-calhanoglu-sozleri-onu-kollarimizi-acarak-bekliyoruz","status":"publish","type":"post","link":"https:\/\/bihavadis.com\/index.php\/2026\/02\/25\/okan-buruktan-hakan-calhanoglu-sozleri-onu-kollarimizi-acarak-bekliyoruz\/","title":{"rendered":"Okan Buruk&#8217;tan Hakan \u00c7alhano\u011flu s\u00f6zleri: Onu kollar\u0131m\u0131z\u0131 a\u00e7arak bekliyoruz"},"content":{"rendered":"<p>UEFA \u015eampiyonlar Ligi&#8217;ndeki temsilcimiz Galatasaray, yar\u0131n sahas\u0131nda \u0130talyan ekibi Juventus&#8217;u konuk edecek.<\/p>\n<p>Son 16 play-off turunda oynanacak ilk ma\u00e7 \u00f6ncesi sar\u0131-k\u0131rm\u0131z\u0131l\u0131lar\u0131n \u00e7al\u0131\u015ft\u0131r\u0131c\u0131s\u0131 Okan Buruk, \u0130talyan bas\u0131n\u0131na a\u00e7\u0131klamalarda bulundu.<\/p>\n<p><strong>&#8220;HAKAN&#8217;I KOLLARIMIZI A\u00c7ARAK BEKL\u0130YORUZ&#8221;<\/strong><\/p>\n<p>La Gazzetta dello Sport&#8217;a konu\u015fan Buruk, Inter&#8217;de forma giyen milli oyuncumuz Hakan \u00c7alhano\u011flu&#8217;yla ilgili dikkat \u00e7eken ifadeler kulland\u0131.<\/p>\n<p>Buruk \u00c7alhano\u011flu&#8217;na ili\u015fkin,\u00a0<span><em>&#8220;Inter, \u015fampiyonluk i\u00e7in favori olmaya devam ediyor. Chivu harika bir teknik direkt\u00f6r oldu\u011funu kan\u0131tl\u0131yor. Hakan \u00c7alhano\u011flu&#8217;nu da iyi tan\u0131yorum, o bir Galatasaray taraftar\u0131. \u015e\u00f6yle s\u00f6yleyeyim&#8230; Onu kollar\u0131m\u0131z\u0131 a\u00e7arak bekliyoruz.&#8221;<\/em><\/span>\u00a0s\u00f6zlerini sarf etti.<\/p>\n<p><img decoding=\"async\" src=\"https:\/\/bihavadis.com\/wp-content\/uploads\/2026\/02\/okan-buruktan-hakan-calhanoglu-sozleri-onu-kollarimizi-acarak-bekliyoruz-0-bszn9zqf.jpg\"\/><\/p>\n<p><strong>\u0130TALYANLARA KONU\u015eTU: \u015eAMP\u0130YONLAR L\u0130G\u0130 GECELER\u0130NDE \u00c7ILGINA D\u00d6N\u00dcYORUZ<\/strong><\/p>\n<p>Buruk,\u00a0<b><em>&#8220;\u00dclkemizde y\u0131llarca ba\u015far\u0131lar elde ettikten sonra Avrupa&#8217;da da kendimizi kan\u0131tlamak istiyoruz. Taraftarlar\u0131m\u0131z, \u015eampiyonlar Ligi gecelerinde \u00e7\u0131lg\u0131na d\u00f6n\u00fcyor ve stadyum bir kazan gibi oluyor!&#8221; <\/em><\/b>dedi.<\/p>\n<p>S\u00f6zlerine devam eden Buruk daha sonra ise \u015fu ifadeleri kulland\u0131:<\/p>\n<p>&#8220;Victor Osimhen&#8217;i transfer etti\u011fimizde, iki forvetle oynamaya karar verdim ama sonra Mauro Icardi sakatland\u0131. \u015eimdi ikisi de formunun zirvesinde ve birlikte oynayabilirler. Leroy Sane ve Noa Lang gibi oyuncular\u0131 da kadromuza katt\u0131k. Sizi temin ederim, kadroyu se\u00e7mek hi\u00e7 kolay de\u011fil.&#8221;<\/p>\n<p><strong>&#8220;BELK\u0130 B\u0130R G\u00dcN \u0130TALYA&#8217;YA TEKN\u0130K D\u0130REKT\u00d6R OLARAK D\u00d6NER\u0130M&#8221;<\/strong><\/p>\n<p>\u0130talya Serie A&#8217;y\u0131 takip edip etmedi\u011fi sorulan Okan Buruk, <b><em>&#8220;Tabii ki Serie A&#8217;y\u0131 takip ediyorum. Kim bilir, belki bir g\u00fcn teknik direkt\u00f6r olarak geri d\u00f6nerim.&#8221; <\/em><\/b>cevab\u0131n\u0131 verdi.<\/p>\n<p><img decoding=\"async\" src=\"https:\/\/bihavadis.com\/wp-content\/uploads\/2026\/02\/okan-buruktan-hakan-calhanoglu-sozleri-onu-kollarimizi-acarak-bekliyoruz-1-9jL9sxbP.jpg\"\/><\/p>\n<p><img decoding=\"async\" src=\"https:\/\/bihavadis.com\/wp-content\/uploads\/2026\/02\/okan-buruktan-hakan-calhanoglu-sozleri-onu-kollarimizi-acarak-bekliyoruz-2-bwUnPcLG.jpg\"\/><\/p>\n","protected":false},"excerpt":{"rendered":"<p>\u0130talyan bas\u0131n\u0131ndan La Gazzetta dello Sport&#8217;a konu\u015fan Okan Buruk, Juventus e\u015fle\u015fmesi ve Hakan \u00c7alhano\u011flu&#8217;yla ilgili dikkat \u00e7eken ifadeler kulland\u0131. Buruk, &#8220;Hakan \u00c7alhano\u011flu&#8217;nu da iyi tan\u0131yorum, o bir Galatasaray taraftar\u0131. \u015e\u00f6yle s\u00f6yleyeyim&#8230; Onu kollar\u0131m\u0131z\u0131 a\u00e7arak bekliyoruz.&#8221; \u015feklinde konu\u015ftu.<\/p>\n","protected":false},"author":1,"featured_media":47305,"comment_status":"open","ping_status":"open","sticky":false,"template":"","format":"standard","meta":{"footnotes":""},"categories":[14],"tags":[1261,2485],"class_list":["post-47304","post","type-post","status-publish","format-standard","has-post-thumbnail","hentry","category-spor","tag-buruk","tag-italya"],"_links":{"self":[{"href":"https:\/\/bihavadis.com\/index.php\/wp-json\/wp\/v2\/posts\/47304","targetHints":{"allow":["GET"]}}],"collection":[{"href":"https:\/\/bihavadis.com\/index.php\/wp-json\/wp\/v2\/posts"}],"about":[{"href":"https:\/\/bihavadis.com\/index.php\/wp-json\/wp\/v2\/types\/post"}],"author":[{"embeddable":true,"href":"https:\/\/bihavadis.com\/index.php\/wp-json\/wp\/v2\/users\/1"}],"replies":[{"embeddable":true,"href":"https:\/\/bihavadis.com\/index.php\/wp-json\/wp\/v2\/comments?post=47304"}],"version-history":[{"count":1,"href":"https:\/\/bihavadis.com\/index.php\/wp-json\/wp\/v2\/posts\/47304\/revisions"}],"predecessor-version":[{"id":47309,"href":"https:\/\/bihavadis.com\/index.php\/wp-json\/wp\/v2\/posts\/47304\/revisions\/47309"}],"wp:featuredmedia":[{"embeddable":true,"href":"https:\/\/bihavadis.com\/index.php\/wp-json\/wp\/v2\/media\/47305"}],"wp:attachment":[{"href":"https:\/\/bihavadis.com\/index.php\/wp-json\/wp\/v2\/media?parent=47304"}],"wp:term":[{"taxonomy":"category","embeddable":true,"href":"https:\/\/bihavadis.com\/index.php\/wp-json\/wp\/v2\/categories?post=47304"},{"taxonomy":"post_tag","embeddable":true,"href":"https:\/\/bihavadis.com\/index.php\/wp-json\/wp\/v2\/tags?post=47304"}],"curies":[{"name":"wp","href":"https:\/\/api.w.org\/{rel}","templated":true}]}}