{"id":47348,"date":"2026-02-25T14:54:04","date_gmt":"2026-02-25T14:54:04","guid":{"rendered":"https:\/\/bihavadis.com\/?p=47348"},"modified":"2026-02-25T14:54:04","modified_gmt":"2026-02-25T14:54:04","slug":"kamil-koc-yilin-itibarlisi-secildi","status":"publish","type":"post","link":"https:\/\/bihavadis.com\/index.php\/2026\/02\/25\/kamil-koc-yilin-itibarlisi-secildi\/","title":{"rendered":"Kamil Ko\u00e7, Y\u0131l\u0131n \u0130tibarl\u0131s\u0131 Se\u00e7ildi"},"content":{"rendered":"<p> Kamil Ko\u00e7, The ONE Awards B\u00fct\u00fcnle\u015fik Pazarlama \u00d6d\u00fclleri&#8217;nin &#8220;Karayolu Ta\u015f\u0131mac\u0131l\u0131\u011f\u0131&#8221; kategorisinde &#8220;Y\u0131l\u0131n \u0130tibarl\u0131s\u0131&#8221; se\u00e7ildi.<\/p>\n<p>\u015eirketten yap\u0131lan a\u00e7\u0131klamaya g\u00f6re, Marketing T\u00fcrkiye ile pazar ara\u015ft\u0131rmalar\u0131 \u015firketi Akademetre i\u015fbirli\u011fiyle d\u00fczenlenen 12. The ONE Awards&#8217;ta 70&#8217;in \u00fczerinde kategoride markalar, performanslar\u0131, itibar\u0131 art\u0131ran stratejileri ve t\u00fcketici alg\u0131s\u0131 do\u011frultusunda de\u011ferlendirildi.<\/p>\n<p>Kamil Ko\u00e7, 12 ilde 1200 ki\u015fiyle ger\u00e7ekle\u015ftirilen y\u00fcz y\u00fcze g\u00f6r\u00fc\u015fmeler sonucunda, y\u0131l i\u00e7inde itibar\u0131n\u0131 en \u00e7ok art\u0131ran markalar aras\u0131nda yer alarak 2021&#8217;den bu yana s\u00fcrd\u00fcrd\u00fc\u011f\u00fc liderli\u011fini, halk\u0131n oylar\u0131yla aral\u0131ks\u0131z 5. kez korudu.<\/p>\n<p>Sekt\u00f6rlerinin itibarl\u0131 markalar\u0131n\u0131n \u00f6d\u00fcllendirildi\u011fi gecede, bu ba\u015far\u0131y\u0131 \u00fcst \u00fcste 5. kez elde eden Kamil Ko\u00e7, 100. y\u0131l\u0131nda ba\u015far\u0131s\u0131n\u0131 &#8220;B\u00fcy\u00fck \u00d6d\u00fcl&#8221; ile ta\u00e7land\u0131rd\u0131.<\/p>\n<p>\u015eirket, \u0130stanbul&#8217;da d\u00fczenlenen t\u00f6rende \u00f6d\u00fcl\u00fcn\u00fc al\u0131rken, gecede y\u0131l i\u00e7inde itibar\u0131n\u0131 en \u00e7ok art\u0131ran markalar\u0131n yan\u0131 s\u0131ra, bu ba\u015far\u0131n\u0131n \u00f6nemli payda\u015flar\u0131 olan reklam, medya planlama ve halkla ili\u015fkiler ajanslar\u0131 da \u00f6d\u00fcllendirildi.<\/p>\n<p>\u015eirketin, PR ve sosyal medya ajanslar\u0131 GTC \u0130leti\u015fim Dan\u0131\u015fmanl\u0131k ve Dijifabrik de \u00f6d\u00fcle lay\u0131k g\u00f6r\u00fcld\u00fc.<\/p>\n<p>Kamil Ko\u00e7, temelleri 1926&#8217;da at\u0131lan k\u00f6kl\u00fc ge\u00e7mi\u015fini, k\u00fcresel i\u015f orta\u011f\u0131 Flix&#8217;in teknoloji altyap\u0131s\u0131yla birle\u015ftirerek faaliyetlerini s\u00fcrd\u00fcr\u00fcyor.<\/p>\n<p>Dijitalle\u015fme, rota optimizasyonu ve m\u00fc\u015fteri deneyimine y\u00f6nelik yat\u0131r\u0131mlara odaklanan \u015firket, 2026 vizyonu kapsam\u0131nda yapay zeka destekli \u00e7\u00f6z\u00fcmler, ki\u015fiselle\u015ftirilmi\u015f yolcu deneyimi ve s\u00fcrd\u00fcr\u00fclebilirlik projeleri \u00fczerinde \u00e7al\u0131\u015f\u0131yor.<\/p>\n<p>\u015eirketin T\u00fcrkiye genelindeki yayg\u0131n a\u011f\u0131 ile Avrupa&#8217;ya uzanan hatlar\u0131yla bu yakla\u015f\u0131m\u0131 gelecek d\u00f6nemde de s\u00fcrd\u00fcrmesi hedefleniyor.<\/p>\n<p>&#8220;Yol arkada\u015flar\u0131m\u0131z i\u00e7in en iyiyi sunmaya devam edece\u011fiz&#8221;<\/p>\n<p>A\u00e7\u0131klamada g\u00f6r\u00fc\u015flerine yer verilen Kamil Ko\u00e7 \u0130cra Kurulu \u00dcyesi ve Pazarlama ve M\u00fc\u015fteri Deneyimi Direkt\u00f6r\u00fc Jan Sar\u0131g\u00fcl I\u015f\u0131k, kazand\u0131klar\u0131 \u00f6d\u00fcl\u00fcn yaln\u0131zca bir \u00f6d\u00fcl olman\u0131n \u00f6tesinde, markaya duyulan uzun soluklu g\u00fcvenin de bir g\u00f6stergesi oldu\u011funu belirtti.<\/p>\n<p>I\u015f\u0131k, &#8220;1926&#8217;da Cumhuriyetimizle birlikte ba\u015flayan yolculu\u011fumuzda, halk\u0131m\u0131z\u0131n takdiri her zaman en b\u00fcy\u00fck pusulam\u0131z oldu. 100. y\u0131l\u0131m\u0131z\u0131 kutlad\u0131\u011f\u0131m\u0131z bu tarihi y\u0131lda, &#8216;Y\u0131l\u0131n \u0130tibarl\u0131s\u0131&#8217; unvan\u0131n\u0131 be\u015finci kez \u00fcst \u00fcste kazanmak bizim i\u00e7in yaln\u0131zca bir \u00f6d\u00fcl de\u011fil, bir as\u0131rl\u0131k g\u00fcvenin tescilidir.&#8221; de\u011ferlendirmesini yapt\u0131.<\/p>\n<p>\u015eirketin stratejik kararlar\u0131n\u0131n arkas\u0131nda her zaman g\u00fcvenlik ve m\u00fc\u015fteri memnuniyeti oldu\u011funu aktaran I\u015f\u0131k, \u015f\u00f6yle devam etti: <\/p>\n<p>&#8220;Bu ba\u015far\u0131y\u0131 e\u015fsiz k\u0131lan, bizzat hizmetimizi deneyimleyen halk j\u00fcrisi taraf\u0131ndan se\u00e7ilmi\u015f olmam\u0131zd\u0131r. Kamil Ko\u00e7&#8217;ta stratejik kararlar\u0131m\u0131z\u0131n oda\u011f\u0131nda her zaman \u00f6ncelikle g\u00fcvenlik ve m\u00fc\u015fteri memnuniyeti var. T\u00fcm s\u00fcre\u00e7leri m\u00fc\u015fteri deneyiminin etraf\u0131nda olu\u015fturuyoruz. Bu yakla\u015f\u0131m\u0131m\u0131z bizi sekt\u00f6r\u00fcn tart\u0131\u015fmas\u0131z lideri konumuna ta\u015f\u0131rken 5 kez \u00fcst \u00fcste ald\u0131\u011f\u0131m\u0131z y\u0131l\u0131n itibarl\u0131s\u0131 \u00f6d\u00fcl\u00fcyle de yol arkada\u015flar\u0131m\u0131z\u0131n taktirinin tescilli kar\u015f\u0131l\u0131\u011f\u0131n\u0131 g\u00f6rm\u00fc\u015f oluyoruz.???????&#8221;<\/p>\n","protected":false},"excerpt":{"rendered":"<p>Kamil Ko\u00e7, The ONE Awards&#8217;ta &#8216;Karayolu Ta\u015f\u0131mac\u0131l\u0131\u011f\u0131&#8217; kategorisinde 5. kez Y\u0131l\u0131n \u0130tibarl\u0131s\u0131 oldu.<\/p>\n","protected":false},"author":1,"featured_media":0,"comment_status":"open","ping_status":"open","sticky":false,"template":"","format":"standard","meta":{"footnotes":""},"categories":[8],"tags":[6248,1249,952],"class_list":["post-47348","post","type-post","status-publish","format-standard","hentry","category-ekonomi","tag-kamil-koc","tag-musteri","tag-odul"],"_links":{"self":[{"href":"https:\/\/bihavadis.com\/index.php\/wp-json\/wp\/v2\/posts\/47348","targetHints":{"allow":["GET"]}}],"collection":[{"href":"https:\/\/bihavadis.com\/index.php\/wp-json\/wp\/v2\/posts"}],"about":[{"href":"https:\/\/bihavadis.com\/index.php\/wp-json\/wp\/v2\/types\/post"}],"author":[{"embeddable":true,"href":"https:\/\/bihavadis.com\/index.php\/wp-json\/wp\/v2\/users\/1"}],"replies":[{"embeddable":true,"href":"https:\/\/bihavadis.com\/index.php\/wp-json\/wp\/v2\/comments?post=47348"}],"version-history":[{"count":1,"href":"https:\/\/bihavadis.com\/index.php\/wp-json\/wp\/v2\/posts\/47348\/revisions"}],"predecessor-version":[{"id":47349,"href":"https:\/\/bihavadis.com\/index.php\/wp-json\/wp\/v2\/posts\/47348\/revisions\/47349"}],"wp:attachment":[{"href":"https:\/\/bihavadis.com\/index.php\/wp-json\/wp\/v2\/media?parent=47348"}],"wp:term":[{"taxonomy":"category","embeddable":true,"href":"https:\/\/bihavadis.com\/index.php\/wp-json\/wp\/v2\/categories?post=47348"},{"taxonomy":"post_tag","embeddable":true,"href":"https:\/\/bihavadis.com\/index.php\/wp-json\/wp\/v2\/tags?post=47348"}],"curies":[{"name":"wp","href":"https:\/\/api.w.org\/{rel}","templated":true}]}}