{"id":47354,"date":"2026-02-25T15:00:05","date_gmt":"2026-02-25T15:00:05","guid":{"rendered":"https:\/\/bihavadis.com\/?p=47354"},"modified":"2026-02-25T15:00:05","modified_gmt":"2026-02-25T15:00:05","slug":"eskisehirde-egitim-kalitesi-degerlendirildi","status":"publish","type":"post","link":"https:\/\/bihavadis.com\/index.php\/2026\/02\/25\/eskisehirde-egitim-kalitesi-degerlendirildi\/","title":{"rendered":"Eski\u015fehir&#8217;de E\u011fitim Kalitesi De\u011ferlendirildi"},"content":{"rendered":"<p> Eski\u015fehir \u0130l Milli E\u011fitim M\u00fcd\u00fcr\u00fc Sinan Ayd\u0131n, kentte g\u00f6rev yapan bas\u0131n mensuplar\u0131yla bir araya gelerek 2025-2026 e\u011fitim \u00f6\u011fretim y\u0131l\u0131 birinci d\u00f6nemini de\u011ferlendirdi.<\/p>\n<p>Eski\u015fehir \u00d6\u011fretmenevi&#8217;nde d\u00fczenlenen toplant\u0131da konu\u015fan Eski\u015fehir&#8217;de e\u011fitimin kalitesinin g\u00fczel ve her zaman T\u00fcrkiye ortalamas\u0131n\u0131n \u00fczerinde oldu\u011funu s\u00f6yledi.<\/p>\n<p>Yapt\u0131klar\u0131 t\u00fcm projeler ve protokollerle zirveden d\u00fc\u015fmemeyi hedeflediklerini ve kentin e\u011fitimi daha ileriye ta\u015f\u0131mak i\u00e7in \u00e7al\u0131\u015ft\u0131klar\u0131n\u0131 kaydeden Ayd\u0131n, &#8220;20 nitelikli projemiz var. \u00c7o\u011funlu\u011fu alana y\u00fck olmadan \u0130l Milli E\u011fitim M\u00fcd\u00fcrl\u00fc\u011f\u00fc olarak kendimizin takip etti\u011fi&#8230; 20 de nitelikli i\u015fbirli\u011fi protokol\u00fcm\u00fcz var. Bunlar da hepsi bir maksada matuf, ciddi, \u00f6nemli ve b\u00fcy\u00fck projelerimiz.&#8221; diye konu\u015ftu.<\/p>\n<p>Ayd\u0131n, bir\u00e7ok \u00e7al\u0131\u015ftay ve zirveye imza att\u0131klar\u0131n\u0131 ifade ederek, her sene 5-6 \u00e7al\u0131\u015ftay ve \u00e7al\u0131\u015ftaydan sonra da tamamlay\u0131c\u0131 unsur olmak \u00fczere zirve programlar\u0131 d\u00fczenleyeceklerini kaydetti.<\/p>\n<p>T\u00fcrkiye Y\u00fczy\u0131l\u0131 Maarif Modeli kapsam\u0131nda format\u00f6r \u00f6\u011fretmenler yeti\u015ftirildi\u011fini dile getiren Ayd\u0131n, &#8220;Format\u00f6r \u00f6\u011fretmenlerimiz bran\u015fta\u015flar\u0131na e\u011fitimler verdiler. Fakat bu e\u011fitimler alandan ald\u0131\u011f\u0131m\u0131z bilgiye g\u00f6re yeterli olmuyor. Bunu bakanl\u0131\u011f\u0131m\u0131z da biliyor. B\u00f6yle olunca da maarif modelini tahkim etmeye y\u00f6nelik zirveler yap\u0131yoruz. Matematik ve T\u00fcrk\u00e7e zirvesi yapt\u0131k. \u00d6n\u00fcm\u00fczdeki d\u00f6nemde yine bran\u015flara y\u00f6nelik b\u00f6yle zirvelerimiz devam edecek.&#8221; dedi.<\/p>\n<p>Meslek lisesine gitme oran\u0131 y\u00fczde 42&#8217;ye y\u00fckseldi<\/p>\n<p>Ayd\u0131n, birinci \u00f6ncelikli vazifelerinin mesleki e\u011fitimi g\u00fc\u00e7lendirmek oldu\u011funa dikkati \u00e7ekerek, \u015fu ifadeleri kulland\u0131: <\/p>\n<p>&#8220;Eski\u015fehir ayn\u0131 zamanda m\u00fcthi\u015f bir sanayi, e\u011fitim kenti. Elbette ki k\u00fclt\u00fcr \u015fehri ama bununla beraber \u00e7ok g\u00fc\u00e7l\u00fc bir sanayimiz var. Sanayinin de nitelikli elemana ihtiyac\u0131 var. Bunu kar\u015f\u0131lamak i\u00e7in de bizimle m\u00fcthi\u015f i\u015f birli\u011fi protokolleri var. Yapt\u0131\u011f\u0131m\u0131z bu i\u015fbirli\u011fi protokolleriyle, di\u011fer b\u00fct\u00fcn \u00e7al\u0131\u015fmalarla ve projelerle 3 sene \u00f6nce y\u00fczde 35 olan b\u00fct\u00fcn liselerde meslek lisesine gitme oran\u0131, bug\u00fcn 7 puanl\u0131k art\u0131\u015fla y\u00fczde 42&#8217;ye y\u00fckselmi\u015ftir. Biz bunu yak\u0131n zamanda 3-4 sene i\u00e7erisinde y\u00fczde 50&#8217;lere a\u015fs\u0131n diye gayret ediyoruz.&#8221;<\/p>\n<p>Ayd\u0131n konu\u015fmas\u0131n\u0131n ard\u0131ndan gazetecilerin sorular\u0131n\u0131 yan\u0131tlad\u0131.<\/p>\n","protected":false},"excerpt":{"rendered":"<p>Eski\u015fehir \u0130l Milli E\u011fitim M\u00fcd\u00fcr\u00fc Sinan Ayd\u0131n, 2025-2026 e\u011fitim d\u00f6nemini de\u011ferlendirdi.<\/p>\n","protected":false},"author":1,"featured_media":0,"comment_status":"open","ping_status":"open","sticky":false,"template":"","format":"standard","meta":{"footnotes":""},"categories":[8],"tags":[562,233,211,503],"class_list":["post-47354","post","type-post","status-publish","format-standard","hentry","category-ekonomi","tag-aydin","tag-egitim","tag-var","tag-zirve"],"_links":{"self":[{"href":"https:\/\/bihavadis.com\/index.php\/wp-json\/wp\/v2\/posts\/47354","targetHints":{"allow":["GET"]}}],"collection":[{"href":"https:\/\/bihavadis.com\/index.php\/wp-json\/wp\/v2\/posts"}],"about":[{"href":"https:\/\/bihavadis.com\/index.php\/wp-json\/wp\/v2\/types\/post"}],"author":[{"embeddable":true,"href":"https:\/\/bihavadis.com\/index.php\/wp-json\/wp\/v2\/users\/1"}],"replies":[{"embeddable":true,"href":"https:\/\/bihavadis.com\/index.php\/wp-json\/wp\/v2\/comments?post=47354"}],"version-history":[{"count":1,"href":"https:\/\/bihavadis.com\/index.php\/wp-json\/wp\/v2\/posts\/47354\/revisions"}],"predecessor-version":[{"id":47355,"href":"https:\/\/bihavadis.com\/index.php\/wp-json\/wp\/v2\/posts\/47354\/revisions\/47355"}],"wp:attachment":[{"href":"https:\/\/bihavadis.com\/index.php\/wp-json\/wp\/v2\/media?parent=47354"}],"wp:term":[{"taxonomy":"category","embeddable":true,"href":"https:\/\/bihavadis.com\/index.php\/wp-json\/wp\/v2\/categories?post=47354"},{"taxonomy":"post_tag","embeddable":true,"href":"https:\/\/bihavadis.com\/index.php\/wp-json\/wp\/v2\/tags?post=47354"}],"curies":[{"name":"wp","href":"https:\/\/api.w.org\/{rel}","templated":true}]}}